{"id":21849,"date":"2025-07-09T19:12:28","date_gmt":"2025-07-09T22:12:28","guid":{"rendered":"https:\/\/www.sportchaco.com.ar\/?p=21849"},"modified":"2025-07-09T19:12:28","modified_gmt":"2025-07-09T22:12:28","slug":"franco-vieta-nuevo-refuerzo-de-olimpico","status":"publish","type":"post","link":"https:\/\/www.sportchaco.com.ar\/?p=21849","title":{"rendered":"Franco Vieta, nuevo refuerzo de Ol\u00edmpico"},"content":{"rendered":"<p>&nbsp;<\/p>\n<p><span class=\"date\">09-07-2025<\/span><\/p>\n<p>&nbsp;<\/p>\n<p>&nbsp;<\/p>\n<p>&nbsp;<\/p>\n<div id=\"node-104550\" class=\"node node-openpublish-article node-promoted node-sticky node-full clearfix\">\n<div class=\"content clearfix\">\n<div class=\"field field-name-field-articulo-texto-imagen field-type-text-long field-label-hidden\">\n<div class=\"field-items\">\n<div class=\"field-item even\"><\/div>\n<div><\/div>\n<\/div>\n<\/div>\n<div class=\"field field-name-field-op-main-image field-type-image field-label-hidden\">\n<div class=\"field-items\">\n<div class=\"field-item even\">\n<div id=\"flexslider-1\" class=\"flexslider optionset-default flexslider-processed\">\n<ul class=\"flex-direction-nav\">\n<li><\/li>\n<\/ul>\n<\/div>\n<\/div>\n<\/div>\n<\/div>\n<div class=\"field field-name-body field-type-text-with-summary field-label-hidden\">\n<div class=\"field-items\">\n<div class=\"field-item even\">\n<h5 data-end=\"368\" data-start=\"0\">Franco Vieta fue confirmado como nuevo refuerzo de Club Ciclista Ol\u00edmpico La Banda para la temporada 2025\/26 de la Liga Nacional de B\u00e1squetbol. El escolta chaque\u00f1o, de 32 a\u00f1os y 1,93 metros, llega tras su paso por S\u00e3o Jos\u00e9 Basketball de Brasil y se mostr\u00f3 entusiasmado por este nuevo desaf\u00edo: \u201cEstoy muy contento, con un rol importante y muchos objetivos por delante\u201d.<\/h5>\n<p data-end=\"830\" data-is-last-node=\"\" data-is-only-node=\"\" data-start=\"370\">Con una extensa trayectoria en el b\u00e1squet argentino y sudamericano, Vieta inici\u00f3 su carrera en Uni\u00f3n de Sunchales y pas\u00f3 por varios equipos como Libertad, Hind\u00fa, Comunicaciones, Villa San Mart\u00edn, La Uni\u00f3n de Formosa, Regatas Corrientes y Riachuelo, adem\u00e1s de un paso por Colonias Gold de Paraguay.<\/p>\n<p>El elenco de Mart\u00edn Villagr\u00e1n, que ser\u00e1 el entrenador este temporada en La Banda, ya confirm\u00f3 a Agust\u00edn Facello, Santino Romegialli y Santiago P\u00e9rez. La temporada pasada finalizaron en el puesto 15, con 17 victorias y 21 derrotas, bajando bastante su nivel a comparaci\u00f3n de lo que fue la campa\u00f1a 23\/24.<\/p>\n<\/div>\n<\/div>\n<\/div>\n<\/div>\n<\/div>\n<p>&nbsp;<\/p>\n<p>FOTO PORTADA: Franco Vieta, nuevo refuerzo de Ol\u00edmpico (Prensa Riachuelo).<\/p>\n<p>&nbsp;<\/p>\n<p style=\"text-align: center;\"><img loading=\"lazy\" decoding=\"async\" class=\"alignnone size-medium wp-image-21791\" src=\"https:\/\/www.sportchaco.com.ar\/wp-content\/uploads\/2025\/07\/120x200-180x300.gif\" alt=\"\" width=\"180\" height=\"300\" \/><br \/>\n<img loading=\"lazy\" decoding=\"async\" class=\"alignnone size-medium wp-image-21851\" src=\"https:\/\/www.sportchaco.com.ar\/wp-content\/uploads\/2025\/07\/300x600-150x300.gif\" alt=\"\" width=\"150\" height=\"300\" srcset=\"https:\/\/www.sportchaco.com.ar\/wp-content\/uploads\/2025\/07\/300x600-150x300.gif 150w, https:\/\/www.sportchaco.com.ar\/wp-content\/uploads\/2025\/07\/300x600-512x1024.gif 512w\" sizes=\"auto, (max-width: 150px) 100vw, 150px\" \/><\/p>\n","protected":false},"excerpt":{"rendered":"<p>&nbsp; 09-07-2025 &nbsp; &nbsp; &nbsp; Franco Vieta fue confirmado como nuevo refuerzo de Club Ciclista Ol\u00edmpico La Banda para la temporada 2025\/26 de la Liga Nacional de B\u00e1squetbol. El escolta chaque\u00f1o, de 32 a\u00f1os y 1,93 metros, llega tras su paso por S\u00e3o Jos\u00e9 Basketball de Brasil y se mostr\u00f3 entusiasmado por este nuevo desaf\u00edo: &hellip;<\/p>\n","protected":false},"author":2,"featured_media":21850,"comment_status":"open","ping_status":"open","sticky":false,"template":"","format":"standard","meta":{"footnotes":""},"categories":[3],"tags":[],"class_list":["post-21849","post","type-post","status-publish","format-standard","has-post-thumbnail","hentry","category-basquetbol"],"_links":{"self":[{"href":"https:\/\/www.sportchaco.com.ar\/index.php?rest_route=\/wp\/v2\/posts\/21849","targetHints":{"allow":["GET"]}}],"collection":[{"href":"https:\/\/www.sportchaco.com.ar\/index.php?rest_route=\/wp\/v2\/posts"}],"about":[{"href":"https:\/\/www.sportchaco.com.ar\/index.php?rest_route=\/wp\/v2\/types\/post"}],"author":[{"embeddable":true,"href":"https:\/\/www.sportchaco.com.ar\/index.php?rest_route=\/wp\/v2\/users\/2"}],"replies":[{"embeddable":true,"href":"https:\/\/www.sportchaco.com.ar\/index.php?rest_route=%2Fwp%2Fv2%2Fcomments&post=21849"}],"version-history":[{"count":1,"href":"https:\/\/www.sportchaco.com.ar\/index.php?rest_route=\/wp\/v2\/posts\/21849\/revisions"}],"predecessor-version":[{"id":21853,"href":"https:\/\/www.sportchaco.com.ar\/index.php?rest_route=\/wp\/v2\/posts\/21849\/revisions\/21853"}],"wp:featuredmedia":[{"embeddable":true,"href":"https:\/\/www.sportchaco.com.ar\/index.php?rest_route=\/wp\/v2\/media\/21850"}],"wp:attachment":[{"href":"https:\/\/www.sportchaco.com.ar\/index.php?rest_route=%2Fwp%2Fv2%2Fmedia&parent=21849"}],"wp:term":[{"taxonomy":"category","embeddable":true,"href":"https:\/\/www.sportchaco.com.ar\/index.php?rest_route=%2Fwp%2Fv2%2Fcategories&post=21849"},{"taxonomy":"post_tag","embeddable":true,"href":"https:\/\/www.sportchaco.com.ar\/index.php?rest_route=%2Fwp%2Fv2%2Ftags&post=21849"}],"curies":[{"name":"wp","href":"https:\/\/api.w.org\/{rel}","templated":true}]}}