{"id":21864,"date":"2025-07-09T19:43:44","date_gmt":"2025-07-09T22:43:44","guid":{"rendered":"https:\/\/www.sportchaco.com.ar\/?p=21864"},"modified":"2025-07-09T19:43:44","modified_gmt":"2025-07-09T22:43:44","slug":"velez-vencio-a-estudiantes-en-medio-de-la-niebla-y-es-campeon-de-la-supercopa-internacional","status":"publish","type":"post","link":"https:\/\/www.sportchaco.com.ar\/?p=21864","title":{"rendered":"V\u00e9lez venci\u00f3 a Estudiantes en medio de la niebla, y es campe\u00f3n de la Supercopa Internacional"},"content":{"rendered":"<div class=\"row\">\n<div class=\"col-12\">\n<article id=\"detail-header\" class=\"article-header\">\n<div class=\"article-top\">\n<div class=\"article-title\">\n<h5 class=\"title\"><\/h5>\n<\/div>\n<p class=\"ignore-parser\">V\u00e9lez le gan\u00f3 a Estudiantes en un partido que disputaron en medio de una densa neblina por la final de la Supercopa Internacional.<\/p>\n<div class=\"autor-y-compartir-wrapper\">\n<div class=\"author-wrapper d-flex flex-row align-items-center\">\n<h5 class=\"d-flex flex-column\"><\/h5>\n<\/div>\n<\/div>\n<\/div>\n<\/article>\n<\/div>\n<\/div>\n<div class=\"row\">\n<div class=\"col-12 col-lg-8\">\n<div class=\"detail-gallery\">\n<div class=\"detail-gallery__slide-wrapper\">\n<div class=\"detail-gallery__slide\">\n<figure class=\"detail-gallery__figure\"><img loading=\"lazy\" decoding=\"async\" class=\"detail-gallery__figure-img img-fluid\" title=\"V\u00e9lez ya tiene 18 t\u00edtulos oficiales.\" src=\"https:\/\/media.diariouno.com.ar\/p\/fb91f98fa4b901de9a90a7c31caa2068\/adjuntos\/298\/imagenes\/009\/586\/0009586281\/1200x0\/smart\/velez.jpg\" alt=\"V\u00e9lez ya tiene 18 t\u00edtulos oficiales.\" width=\"835\" height=\"470\" crossorigin=\"anonymous\" \/><\/p>\n<div class=\"detail-gallery__nav\"><\/div>\n<\/figure>\n<\/div>\n<div class=\"detail-gallery__caption\">\n<p>V\u00e9lez ya tiene 18 t\u00edtulos oficiales.<\/p>\n<\/div>\n<\/div>\n<\/div>\n<article class=\"article-body first\">\n<div class=\"article-content\">\n<div class=\"cuerpo\" data-twitter-link=\"\">\n<p><strong><a href=\"https:\/\/www.diariouno.com.ar\/tags\/velez\" target=\"_blank\" rel=\"follow noopener\">V\u00e9lez Sarsfield\u00a0<\/a><\/strong>le gan\u00f3 2 a 0 a<strong>\u00a0Estudiantes<\/strong>\u00a0en un partido que disputaron en medio de una densa neblina, en el estadio Libertadores de Am\u00e9rica-Ricardo Enrique Bochini, por la final de la\u00a0<strong><a href=\"https:\/\/www.diariouno.com.ar\/supercopa-internacional-a173119\" target=\"_blank\" rel=\"follow noopener\">Supercopa Internacional.<\/a><\/strong><\/p>\n<\/div>\n<\/div>\n<\/article>\n<article class=\"article-body\">\n<div class=\"article-content\">\n<div class=\"cuerpo\" data-twitter-link=\"\">\n<p>Ambos goles del triunfo velezano fueron convertidos en el complemento: el volante Tom\u00e1s Galv\u00e1n marc\u00f3 a los 6&#8242; y el delantero Braian Romero sentenci\u00f3 a los 28&#8242;. En el cuarto minuto de descuento de la segunda parte, el delantero Edwin Cetre se fue expulsado.<\/p>\n<div id=\"1651328-Libre-1797312259_wrap\" class=\"embed_cont type_imagen\" contenteditable=\"false\">\n<div id=\"1651328-Libre-1797312259_content\" class=\"embed_content\"><img decoding=\"async\" id=\"1651328-Libre-1797312259_embed\" title=\"V&amp;eacute;lez se coron&amp;oacute; en la Supercopa Internacional.\" src=\"https:\/\/media.diariouno.com.ar\/p\/48285cbebda8d6a1b9052aa8bd3ae203\/adjuntos\/298\/imagenes\/009\/586\/0009586283\/1200x0\/smart\/romero.jpg\" alt=\"V&amp;eacute;lez se coron&amp;oacute; en la Supercopa Internacional.\" width=\"1200\" height=\"undefined\" data-td-src-property=\"https:\/\/media.diariouno.com.ar\/p\/48285cbebda8d6a1b9052aa8bd3ae203\/adjuntos\/298\/imagenes\/009\/586\/0009586283\/1200x0\/smart\/romero.jpg\" \/><\/div>\n<div id=\"1651328-Libre-1797312259_epigrafe\" class=\"embed_epigrafe\">\n<p>V\u00e9lez se coron\u00f3 en la Supercopa Internacional.<\/p>\n<\/div>\n<div id=\"1651328-Libre-1797312259_copyright\" class=\"embed_copyright\"><\/div>\n<\/div>\n<p>La densa neblina que fue aumentando con el correr de los minutos condicion\u00f3 el juego e incluso los \u00e1rbitros consultaron m\u00e1s de una vez a los capitanes si consideraban que hab\u00eda que suspender el encuentro por la poca visibilidad.<\/p>\n<\/div>\n<\/div>\n<\/article>\n<article class=\"article-body third-p\">\n<div class=\"article-content\">\n<div class=\"cuerpo\" data-twitter-link=\"\">\n<p>Con el triunfo, V\u00e9lez se consagr\u00f3 como campe\u00f3n de la tercera edici\u00f3n de la Supercopa Internacional y alcanz\u00f3 dos a\u00f1os consecutivos con t\u00edtulos, ya que viene de alzar la Liga Profesional 2024.<\/p>\n<div id=\"1651327-Libre-1525777959_wrap\" class=\"embed_cont type_imagen\" contenteditable=\"false\">\n<div id=\"1651327-Libre-1525777959_content\" class=\"embed_content\"><img decoding=\"async\" id=\"1651327-Libre-1525777959_embed\" title=\"\" src=\"https:\/\/media.diariouno.com.ar\/p\/7b0ff44f667946a9301877ee82adbe77\/adjuntos\/298\/imagenes\/009\/586\/0009586282\/1200x0\/smart\/marchiori.jpg\" alt=\"\" width=\"1200\" height=\"undefined\" data-td-src-property=\"https:\/\/media.diariouno.com.ar\/p\/7b0ff44f667946a9301877ee82adbe77\/adjuntos\/298\/imagenes\/009\/586\/0009586282\/1200x0\/smart\/marchiori.jpg\" \/><\/div>\n<div id=\"1651327-Libre-1525777959_epigrafe\" class=\"embed_epigrafe\"><\/div>\n<div id=\"1651327-Libre-1525777959_copyright\" class=\"embed_copyright\"><\/div>\n<\/div>\n<p>Fue la tercera final en poco m\u00e1s de un a\u00f1o entre ambos equipos y la primera que gan\u00f3 V\u00e9lez tras los triunfos de Estudiantes en la Copa de la Liga y el Trofeo de Campeones de la temporada pasada.<\/p>\n<\/div>\n<\/div>\n<\/article>\n<\/div>\n<\/div>\n<p><img decoding=\"async\" src=\"https:\/\/media.puntal.com.ar\/p\/aa92462c2fd61913bdd23468907c28bb\/adjuntos\/270\/imagenes\/001\/590\/0001590660\/1200x0\/smart\/velez_festejo_supercopa1jpg.jpg\" alt=\"V\u00e9lez derrot\u00f3 a Estudiantes y es el nuevo campe\u00f3n de la Supercopa  Internacional\" \/><\/p>\n<p><iframe loading=\"lazy\" title=\"\u00a1EL FORT\u00cdN ES EL CAMPE\u00d3N DE LA SUPERCOPA INTERNACIONAL! | Estudiantes 0-2 V\u00e9lez | Resumen\" width=\"500\" height=\"281\" src=\"https:\/\/www.youtube.com\/embed\/4JKgexk9log?feature=oembed\" frameborder=\"0\" allow=\"accelerometer; autoplay; clipboard-write; encrypted-media; gyroscope; picture-in-picture; web-share\" referrerpolicy=\"strict-origin-when-cross-origin\" allowfullscreen><\/iframe><\/p>\n","protected":false},"excerpt":{"rendered":"<p>V\u00e9lez le gan\u00f3 a Estudiantes en un partido que disputaron en medio de una densa neblina por la final de la Supercopa Internacional. V\u00e9lez ya tiene 18 t\u00edtulos oficiales. V\u00e9lez Sarsfield\u00a0le gan\u00f3 2 a 0 a\u00a0Estudiantes\u00a0en un partido que disputaron en medio de una densa neblina, en el estadio Libertadores de Am\u00e9rica-Ricardo Enrique Bochini, por &hellip;<\/p>\n","protected":false},"author":2,"featured_media":21865,"comment_status":"open","ping_status":"open","sticky":false,"template":"","format":"standard","meta":{"footnotes":""},"categories":[47],"tags":[],"class_list":["post-21864","post","type-post","status-publish","format-standard","has-post-thumbnail","hentry","category-nacionales"],"_links":{"self":[{"href":"https:\/\/www.sportchaco.com.ar\/index.php?rest_route=\/wp\/v2\/posts\/21864","targetHints":{"allow":["GET"]}}],"collection":[{"href":"https:\/\/www.sportchaco.com.ar\/index.php?rest_route=\/wp\/v2\/posts"}],"about":[{"href":"https:\/\/www.sportchaco.com.ar\/index.php?rest_route=\/wp\/v2\/types\/post"}],"author":[{"embeddable":true,"href":"https:\/\/www.sportchaco.com.ar\/index.php?rest_route=\/wp\/v2\/users\/2"}],"replies":[{"embeddable":true,"href":"https:\/\/www.sportchaco.com.ar\/index.php?rest_route=%2Fwp%2Fv2%2Fcomments&post=21864"}],"version-history":[{"count":1,"href":"https:\/\/www.sportchaco.com.ar\/index.php?rest_route=\/wp\/v2\/posts\/21864\/revisions"}],"predecessor-version":[{"id":21866,"href":"https:\/\/www.sportchaco.com.ar\/index.php?rest_route=\/wp\/v2\/posts\/21864\/revisions\/21866"}],"wp:featuredmedia":[{"embeddable":true,"href":"https:\/\/www.sportchaco.com.ar\/index.php?rest_route=\/wp\/v2\/media\/21865"}],"wp:attachment":[{"href":"https:\/\/www.sportchaco.com.ar\/index.php?rest_route=%2Fwp%2Fv2%2Fmedia&parent=21864"}],"wp:term":[{"taxonomy":"category","embeddable":true,"href":"https:\/\/www.sportchaco.com.ar\/index.php?rest_route=%2Fwp%2Fv2%2Fcategories&post=21864"},{"taxonomy":"post_tag","embeddable":true,"href":"https:\/\/www.sportchaco.com.ar\/index.php?rest_route=%2Fwp%2Fv2%2Ftags&post=21864"}],"curies":[{"name":"wp","href":"https:\/\/api.w.org\/{rel}","templated":true}]}}