{"id":21869,"date":"2025-07-09T19:47:58","date_gmt":"2025-07-09T22:47:58","guid":{"rendered":"https:\/\/www.sportchaco.com.ar\/?p=21869"},"modified":"2025-07-09T20:08:47","modified_gmt":"2025-07-09T23:08:47","slug":"21869","status":"publish","type":"post","link":"https:\/\/www.sportchaco.com.ar\/?p=21869","title":{"rendered":"Paredes se realiz\u00f3 la revisi\u00f3n m\u00e9dica y ma\u00f1ana ser\u00e1 presentado en Boca Juniors"},"content":{"rendered":"<div class=\"section-2-col article-header\">\n<div class=\"col 2-col\">\n<h2 class=\"h3 ff-20px-w400\"><span style=\"font-size: 16px; font-weight: 400;\">9 de julio de 2025<\/span><\/h2>\n<h2 class=\"h3 ff-20px-w400\">La<span style=\"font-size: 16px; font-weight: 400;\">\u00a0<\/span> llegada de Leandro Paredes desat\u00f3 un gran movimiento de gente en Ezeiza, y tambi\u00e9n en el centro m\u00e9dico. La Bombonera abrir\u00e1 sus puertas para el p\u00fablico.<\/h2>\n<div class=\"author\">\n<div class=\"author-inner\"><\/div>\n<\/div>\n<\/div>\n<\/div>\n<div class=\"section-2-col article-main-image\">\n<div class=\"col 2-col\">\n<div class=\"article-main-media-image__container\">\n<div class=\"image-wrapper\">\n<figure><figcaption><strong>FOTO PORTADA: Paredes pas\u00f3 bien temprano por el predio del club. Imagen: Redes sociales<\/strong><\/figcaption><\/figure>\n<\/div>\n<\/div>\n<\/div>\n<\/div>\n<div class=\"section-2-col article-main-content\">\n<div class=\"col 1-col cxense-articles\"><\/div>\n<div class=\"col 2-col\">\n<div class=\"article-main-content article-text \">\n<p>La llegada del mediocampista Leandro Paredes para incorporarse a Boca desat\u00f3 una verdadera \u00ablocura\u00bb en su arribo a Ezeiza, y fue escoltado por una comitiva de la Asociaci\u00f3n del F\u00fatbol Argentino tanto en el Aeropuerto como en el centro m\u00e9dico Genea, donde se realiz\u00f3 la revisi\u00f3n m\u00e9dica.<\/p>\n<p>Paredes, que es una pieza clave en la Selecci\u00f3n Argentina, lleg\u00f3 al Aeropuerto Internacional de Ezeiza y fue llevado r\u00e1pidamente por una comitiva de la AFA al Predio y, posteriormente, se hizo el control m\u00e9dico de rutina previo a la firma de su contrato con Boca, donde tambi\u00e9n cientos de hinchas le dieron la bienvenida.<\/p>\n<div id=\"talkFireEvent\"><\/div>\n<p>El futbolista de 31 a\u00f1os, arrib\u00f3 a las 7 a la terminal a\u00e9rea, tras solucionar su desvinculaci\u00f3n de la Roma de Italia, club en el que jug\u00f3 durante dos temporadas.<\/p>\n<div class=\"slot-available\"><\/div>\n<p>De inmediato fue escoltado por una comitiva de la AFA, sali\u00f3 por un sector no habitual del Aeropuerto, y se dirigi\u00f3 al predio deportivo Lionel Messi. Luego desayun\u00f3 y se dirigi\u00f3 a la cl\u00ednica ubicada a escasas cuadras de La Bombonera, donde a las 9.30 comenz\u00f3 su revisi\u00f3n m\u00e9dica.<\/p>\n<p>Boca inform\u00f3 que este jueves a partir de las 18, en La Bombonera y tras el entrenamiento del plantel profesional, Paredes ser\u00e1 presentado oficialmente ante el p\u00fablico del equipo de La Ribera, ya que la Comisi\u00f3n Directiva decidi\u00f3 abrir las puertas del estadio con entrada libre y gratuita para socios y no socios, que le tributar\u00e1n una multitudinaria recepci\u00f3n.<\/p>\n<p>Paredes regresar\u00e1 m\u00e1s vigente que nunca a Boca, equipo en el que debut\u00f3 como profesional a finales del 2010. En su primera etapa disput\u00f3 31 partidos y gan\u00f3 dos t\u00edtulos: el Torneo Apertura 2011 y la Copa Argentina 2012.<\/p>\n<div class=\"slot-available\"><\/div>\n<p>El jugador firmar\u00e1 un contrato con Boca por tres a\u00f1os y medio, y se convertir\u00e1 en uno de los futbolistas mejores pagos del plantel junto con el uruguayo Edinson Cavani.<\/p>\n<p>En tanto, el equipo se entren\u00f3 bajo las \u00f3rdenes del t\u00e9cnico Miguel Russo en el predio de Ezeiza con vistas al partido del domingo en La Paternal, frente a Argentinos Juniors, por la primera fecha del Torneo Clausura. La novedad principal fue que el zaguero Marco Pellegrino super\u00f3 una molestia en el isquiotibial derecho, y practic\u00f3 con el resto del plantel.<\/p>\n<p>La llegada de Paredes, quien reci\u00e9n hablar\u00e1 el jueves con la prensa, cuando sea presentado por el presidente del club, Juan Rom\u00e1n Riquelme, tambi\u00e9n trajo satisfacci\u00f3n en el predio de Boca, ya que el Consejo de Futbol decidi\u00f3, tras la incorporaci\u00f3n del jugador del seleccionado argentino, no realizar nuevas compras.<\/p>\n<div class=\"slot-available\"><\/div>\n<p>Se supo que el t\u00e9cnico entreg\u00f3 una lista a los directivos en las que se\u00f1al\u00f3 que deben ser considerados imprescindibles en el equipo, y no ser\u00e1n negociados este a\u00f1o, los arqueros Leandro Brey y Agust\u00edn Marches\u00edn, el lateral derecho Juan Barinaga, los centrales Ayrton Costa y Marco Pellegrino, los laterales izquierdos Lautaro Blanco y Malcom Braida, el mediocampista Rodrigo Battaglia, los volantes Alan Velasco y Carlos Palacios, y los delanteros Brian Aguirre, Miguel Merentiel y Edinson Cavani.<\/p>\n<h3><b>El dinero por la venta de Retegui<\/b><\/h3>\n<p>La transferencia de Mateo Retegui al Al Qadsiah de Arabia Saudita no solo representa un movimiento relevante en el mercado internacional, sino tambi\u00e9n una fuente de ingreso significativa para Boca, ya que el club que form\u00f3 al delantero y lo hizo debutar en Primera Divisi\u00f3n en 2018, podr\u00eda percibir hasta 10,2 millones de euros si se concreta la operaci\u00f3n.<\/p>\n<div class=\"slot-available\"><\/div>\n<p>El traspaso, estimado en 70 millones de euros, activar\u00eda diversos mecanismos de compensaci\u00f3n. Por un lado, Boca recibir\u00eda aproximadamente 1,25 millones de euros en concepto de derechos de formaci\u00f3n, conforme a lo estipulado por la FIFA para jugadores entre los 12 y 23 a\u00f1os. A esto se suman beneficios derivados de transferencias anteriores.<\/p>\n<p>En 2023, Boca liber\u00f3 a Retegui al Genoa por 15 millones de d\u00f3lares, de los cuales percibi\u00f3 5,3 millones por su porcentaje del pase. Posteriormente, se asegur\u00f3 una plusval\u00eda del 10% sobre la diferencia entre la venta del Genoa y la compra del Atalanta (22 millones de euros), lo que represent\u00f3 cerca de un mill\u00f3n adicional. Adem\u00e1s, en el mismo a\u00f1o, Tigre abon\u00f3 2,4 millones de d\u00f3lares por la mitad del pase del jugador.<\/p>\n<p>El total acumulado por Boca, considerando derechos de formaci\u00f3n, plusval\u00edas y transferencias previas, alcanzar\u00eda los 10,2 millones de euros si se concreta la venta al club saud\u00ed.<\/p>\n<div class=\"slot-available\"><\/div>\n<p>El impacto econ\u00f3mico no se limitar\u00eda al club de La Ribera. Otras instituciones que participaron en la formaci\u00f3n del delantero, como River Plate, Estudiantes, Talleres y Tigre, tambi\u00e9n podr\u00edan recibir compensaciones por su contribuci\u00f3n al desarrollo del jugador.<\/p>\n<\/div>\n<\/div>\n<\/div>\n","protected":false},"excerpt":{"rendered":"<p>9 de julio de 2025 La\u00a0 llegada de Leandro Paredes desat\u00f3 un gran movimiento de gente en Ezeiza, y tambi\u00e9n en el centro m\u00e9dico. La Bombonera abrir\u00e1 sus puertas para el p\u00fablico. FOTO PORTADA: Paredes pas\u00f3 bien temprano por el predio del club. Imagen: Redes sociales La llegada del mediocampista Leandro Paredes para incorporarse a &hellip;<\/p>\n","protected":false},"author":2,"featured_media":21870,"comment_status":"open","ping_status":"open","sticky":false,"template":"","format":"standard","meta":{"footnotes":""},"categories":[47],"tags":[],"class_list":["post-21869","post","type-post","status-publish","format-standard","has-post-thumbnail","hentry","category-nacionales"],"_links":{"self":[{"href":"https:\/\/www.sportchaco.com.ar\/index.php?rest_route=\/wp\/v2\/posts\/21869","targetHints":{"allow":["GET"]}}],"collection":[{"href":"https:\/\/www.sportchaco.com.ar\/index.php?rest_route=\/wp\/v2\/posts"}],"about":[{"href":"https:\/\/www.sportchaco.com.ar\/index.php?rest_route=\/wp\/v2\/types\/post"}],"author":[{"embeddable":true,"href":"https:\/\/www.sportchaco.com.ar\/index.php?rest_route=\/wp\/v2\/users\/2"}],"replies":[{"embeddable":true,"href":"https:\/\/www.sportchaco.com.ar\/index.php?rest_route=%2Fwp%2Fv2%2Fcomments&post=21869"}],"version-history":[{"count":2,"href":"https:\/\/www.sportchaco.com.ar\/index.php?rest_route=\/wp\/v2\/posts\/21869\/revisions"}],"predecessor-version":[{"id":21872,"href":"https:\/\/www.sportchaco.com.ar\/index.php?rest_route=\/wp\/v2\/posts\/21869\/revisions\/21872"}],"wp:featuredmedia":[{"embeddable":true,"href":"https:\/\/www.sportchaco.com.ar\/index.php?rest_route=\/wp\/v2\/media\/21870"}],"wp:attachment":[{"href":"https:\/\/www.sportchaco.com.ar\/index.php?rest_route=%2Fwp%2Fv2%2Fmedia&parent=21869"}],"wp:term":[{"taxonomy":"category","embeddable":true,"href":"https:\/\/www.sportchaco.com.ar\/index.php?rest_route=%2Fwp%2Fv2%2Fcategories&post=21869"},{"taxonomy":"post_tag","embeddable":true,"href":"https:\/\/www.sportchaco.com.ar\/index.php?rest_route=%2Fwp%2Fv2%2Ftags&post=21869"}],"curies":[{"name":"wp","href":"https:\/\/api.w.org\/{rel}","templated":true}]}}