{"id":21880,"date":"2025-07-09T23:33:49","date_gmt":"2025-07-10T02:33:49","guid":{"rendered":"https:\/\/www.sportchaco.com.ar\/?p=21880"},"modified":"2025-07-09T23:33:49","modified_gmt":"2025-07-10T02:33:49","slug":"tevez-es-el-nuevo-director-tecnico-de-talleres-tras-la-salida-de-cocca","status":"publish","type":"post","link":"https:\/\/www.sportchaco.com.ar\/?p=21880","title":{"rendered":"Tevez es el nuevo director t\u00e9cnico de Talleres tras la salida de Cocca"},"content":{"rendered":"<h1><span style=\"font-size: 16px; font-weight: 400;\">09\/07\/2025<\/span><\/h1>\n<h5>El Apache ser\u00e1 el reemplazante de Cocca, quien este mediod\u00eda sorprendi\u00f3 con su renuncia. La idea de la dirigencia es que el nuevo entrenador se haga cargo del plantel lo antes posible de cara al debut del viernes frente al Cicl\u00f3n.<\/h5>\n<figure data-modal-description=\"Carlos Tevez fue presentado como entrenador de Talleres.\" data-modal-image=\"https:\/\/media.tycsports.com\/files\/2025\/07\/08\/860365\/carlos-tevez-fue-presentado-como-entrenador-de-talleres_w862.webp\"><img loading=\"lazy\" decoding=\"async\" class=\"mainImg r16x9\" title=\"Carlos Tevez fue presentado como entrenador de Talleres\" src=\"https:\/\/media.tycsports.com\/files\/2025\/07\/08\/860365\/carlos-tevez-fue-presentado-como-entrenador-de-talleres_416x234.webp?v=1\" srcset=\"https:\/\/media.tycsports.com\/files\/2025\/07\/08\/860365\/carlos-tevez-fue-presentado-como-entrenador-de-talleres_416x234.webp?v=1 960w,https:\/\/media.tycsports.com\/files\/2025\/07\/08\/860365\/carlos-tevez-fue-presentado-como-entrenador-de-talleres_862x485.webp?v=1 1024w\" alt=\"Carlos Tevez fue presentado como entrenador de Talleres\" width=\"416\" height=\"234\" \/><figcaption>Carlos Tevez fue presentado como entrenador de Talleres.<\/figcaption><\/figure>\n<p><a href=\"https:\/\/www.tycsports.com\/liga-profesional-de-futbol\/diego-cocca-renuncio-como-tecnico-de-talleres-antes-de-debutar-id672608.html\" target=\"_blank\" rel=\"noopener\">Tras la sorpresiva renuncia de Diego Cocca<\/a>,\u00a0Carlos Tevez asumir\u00e1 como nuevo director t\u00e9cnico de Talleres y la idea de la dirigencia cordobesa es que est\u00e9 al mando del equipo para el duelo del viernes contra San Lorenzo en el Mario Alberto Kempes por el inicio del Torneo Clausura.<\/p>\n<p>La noticia de la salida cay\u00f3 como una verdadera bomba, m\u00e1s que nada porque hab\u00eda arribado a la instituci\u00f3n el 29 de mayo y\u00a0se fue sin siquiera dirigir un partido. La decisi\u00f3n tendr\u00eda que ver con la\u00a0falta de refuerzos\u00a0y un\u00a0supuesto destrato\u00a0de la directiva que encabeza Andr\u00e9s Fassi.<\/p>\n<div id=\"video-genoa-860174\" class=\"videoPlayer genoa-async\" data-contentid=\"1778425\" data-share=\"https:\/\/www.tycsports.com\/liga-profesional-de-futbol\/tevez-talleres-cocca-director-tecnico-entrenador-debut-torneo-clausura-san-lorenzo--id672684.html\" data-playlist-related=\"true\" data-playlist=\"1778598,1778510,1778393,1778062,1778007\">\n<h3 class=\"videoTextTitle\"><\/h3>\n<\/div>\n<p>&nbsp;<\/p>\n<p>La instituci\u00f3n cordobesa confirm\u00f3 que el Apache\u00a0tendr\u00e1 su primer entrenamiento ma\u00f1ana -mi\u00e9rcoles 9 de julio-\u00a0por la tarde en el Centro de Alto Rendimiento Deportivo Amadeo Nuccetelli\u00a0y argument\u00f3 su elecci\u00f3n:\u00a0<i>\u00abValoramos su convicci\u00f3n en el proyecto, trayectoria internacional y capacidad de liderazgo\u00bb<\/i>.<\/p>\n<p>El entrenador\u00a0de paso por Rosario Central e Independiente\u00a0lleva poco m\u00e1s de un a\u00f1o dirigir, justamente cuando decidi\u00f3 irse del Rojo.\u00a0El equipo cordob\u00e9s viene de un floj\u00edsimo primer semestre: ante\u00faltimo en la Zona B, eliminado en la primera fase de la Copa Libertadores y eliminado por Armenio en los 32\u00ba de final de la Copa Argentina. La conquista de la Supercopa Internacional frente a River por penales fue la gran alegr\u00eda.<\/p>\n<h2>Qu\u00e9 hab\u00eda dicho Tevez sobre volver a dirigir<\/h2>\n<p>Hace poco m\u00e1s de un mes, Carlitos hab\u00eda sido contundente. \u00ab<i><b>Estoy esperando algo serio y con proyecto, que en Argentina es muy dif\u00edcil<\/b>. Me llegan ofertas, pero las eval\u00fao y\u00a0<b>no quiero meterme en esa rueda que perd\u00e9s cinco partidos y te vas para pasar de un lado a otro<\/b>\u201d<\/i>, manifest\u00f3.<\/p>\n<p>&nbsp;<\/p>\n<div id=\"video-genoa-847820\" class=\"videoPlayer genoa-async\" data-contentid=\"1766795\" data-share=\"https:\/\/www.tycsports.com\/liga-profesional-de-futbol\/tevez-talleres-cocca-director-tecnico-entrenador-debut-torneo-clausura-san-lorenzo--id672684.html\">\n<h3 class=\"videoTextTitle\">Esto hab\u00eda declarado Tevez sobre la chance de volver a dirigir<\/h3>\n<p><img loading=\"lazy\" decoding=\"async\" class=\"videoPlayerImg r16x9\" title=\"Esto hab\u00eda declarado Tevez sobre la chance de volver a dirigir\" src=\"https:\/\/media.tycsports.com\/files\/2025\/05\/31\/847820\/carlos-tevez-en-exclusiva-con-tyc-sports_416x234.webp\" srcset=\"https:\/\/media.tycsports.com\/files\/2025\/05\/31\/847820\/carlos-tevez-en-exclusiva-con-tyc-sports_416x234.webp 960w,https:\/\/media.tycsports.com\/files\/2025\/05\/31\/847820\/carlos-tevez-en-exclusiva-con-tyc-sports_862x485.webp 1024w\" alt=\"Esto hab\u00eda declarado Tevez sobre la chance de volver a dirigir\" width=\"416\" height=\"234\" data-src=\"https:\/\/media.tycsports.com\/files\/2025\/05\/31\/847820\/carlos-tevez-en-exclusiva-con-tyc-sports_416x234.webp\" data-srcset=\"https:\/\/media.tycsports.com\/files\/2025\/05\/31\/847820\/carlos-tevez-en-exclusiva-con-tyc-sports_416x234.webp 960w,https:\/\/media.tycsports.com\/files\/2025\/05\/31\/847820\/carlos-tevez-en-exclusiva-con-tyc-sports_862x485.webp 1024w\" \/><\/div>\n<div class=\"alsoReadContainer\"><\/div>\n","protected":false},"excerpt":{"rendered":"<p>09\/07\/2025 El Apache ser\u00e1 el reemplazante de Cocca, quien este mediod\u00eda sorprendi\u00f3 con su renuncia. La idea de la dirigencia es que el nuevo entrenador se haga cargo del plantel lo antes posible de cara al debut del viernes frente al Cicl\u00f3n. Carlos Tevez fue presentado como entrenador de Talleres. Tras la sorpresiva renuncia de &hellip;<\/p>\n","protected":false},"author":2,"featured_media":21881,"comment_status":"open","ping_status":"open","sticky":false,"template":"","format":"standard","meta":{"footnotes":""},"categories":[47],"tags":[],"class_list":["post-21880","post","type-post","status-publish","format-standard","has-post-thumbnail","hentry","category-nacionales"],"_links":{"self":[{"href":"https:\/\/www.sportchaco.com.ar\/index.php?rest_route=\/wp\/v2\/posts\/21880","targetHints":{"allow":["GET"]}}],"collection":[{"href":"https:\/\/www.sportchaco.com.ar\/index.php?rest_route=\/wp\/v2\/posts"}],"about":[{"href":"https:\/\/www.sportchaco.com.ar\/index.php?rest_route=\/wp\/v2\/types\/post"}],"author":[{"embeddable":true,"href":"https:\/\/www.sportchaco.com.ar\/index.php?rest_route=\/wp\/v2\/users\/2"}],"replies":[{"embeddable":true,"href":"https:\/\/www.sportchaco.com.ar\/index.php?rest_route=%2Fwp%2Fv2%2Fcomments&post=21880"}],"version-history":[{"count":1,"href":"https:\/\/www.sportchaco.com.ar\/index.php?rest_route=\/wp\/v2\/posts\/21880\/revisions"}],"predecessor-version":[{"id":21882,"href":"https:\/\/www.sportchaco.com.ar\/index.php?rest_route=\/wp\/v2\/posts\/21880\/revisions\/21882"}],"wp:featuredmedia":[{"embeddable":true,"href":"https:\/\/www.sportchaco.com.ar\/index.php?rest_route=\/wp\/v2\/media\/21881"}],"wp:attachment":[{"href":"https:\/\/www.sportchaco.com.ar\/index.php?rest_route=%2Fwp%2Fv2%2Fmedia&parent=21880"}],"wp:term":[{"taxonomy":"category","embeddable":true,"href":"https:\/\/www.sportchaco.com.ar\/index.php?rest_route=%2Fwp%2Fv2%2Fcategories&post=21880"},{"taxonomy":"post_tag","embeddable":true,"href":"https:\/\/www.sportchaco.com.ar\/index.php?rest_route=%2Fwp%2Fv2%2Ftags&post=21880"}],"curies":[{"name":"wp","href":"https:\/\/api.w.org\/{rel}","templated":true}]}}