{"id":21940,"date":"2025-07-11T10:59:57","date_gmt":"2025-07-11T13:59:57","guid":{"rendered":"https:\/\/www.sportchaco.com.ar\/?p=21940"},"modified":"2025-07-11T11:00:06","modified_gmt":"2025-07-11T14:00:06","slug":"la-mejor-manera-de-defender-una-gestion-es-trabajando","status":"publish","type":"post","link":"https:\/\/www.sportchaco.com.ar\/?p=21940","title":{"rendered":"La mejor manera de defender una gesti\u00f3n es trabajando"},"content":{"rendered":"<p>&nbsp;<\/p>\n<p><strong>Por Ra\u00fal Gerardo Bittel*<\/strong><\/p>\n<p>El funcionario mir\u00f3 una foto. Vio al exgobernador reunido con dirigentes deportivos y exfuncionarios. Cont\u00f3 a los presentes \u2014mal, por cierto\u2014 y se imagin\u00f3, sin mucho esfuerzo ni creatividad, que en esa reuni\u00f3n no abundaron los elogios a su gesti\u00f3n. Dos d\u00edas despu\u00e9s, convoc\u00f3 a la prensa al Sal\u00f3n Obligado, prepar\u00f3 un PowerPoint con cifras incomprobables y se lanz\u00f3 en una seguidilla de autoelogios. Una t\u00edpica reacci\u00f3n de quien est\u00e1 desbordado por la inacci\u00f3n y ve c\u00f3mo su gesti\u00f3n se cae a pedazos.<\/p>\n<p>Fabio V\u00e1zquez, en apenas un a\u00f1o y medio al frente del Instituto del Deporte Chaque\u00f1o, logr\u00f3 un r\u00e9cord dif\u00edcil de igualar: denunci\u00f3 penalmente a su propia gesti\u00f3n anterior, de la cual fue vicepresidente durante m\u00e1s de dos a\u00f1os. Cobr\u00f3 sueldos, vi\u00e1ticos, us\u00f3 camionetas y tuvo secretarios contratados, pero jam\u00e1s present\u00f3 una sola nota a los diputados que lo hab\u00edan designado para controlar posibles irregularidades.<\/p>\n<p>Se pele\u00f3 con la Confederaci\u00f3n Chaque\u00f1a de Deportes \u2014que representa a 30 instituciones\u2014 y hasta le pidi\u00f3 a una diputada que la disolviera por ley. Una burrada may\u00fascula: esa intenci\u00f3n desconoce principios b\u00e1sicos de la Constituci\u00f3n Nacional y la del Chaco, que consagran la autonom\u00eda de las organizaciones civiles.<\/p>\n<p>Su gesti\u00f3n est\u00e1 plagada de denuncias penales y administrativas, sumarios cajoneados, \u00e1reas desfuncionalizadas \u2014como salud y seguridad deportiva\u2014 y despidos injustificados. \u00bfEjemplos? El reciente fallecimiento de un jugador y el video de un \u00e1rbitro que debi\u00f3 huir por temor a ser agredido muestran el colapso del sistema de salud y de seguridad en los eventos deportivos. \u00bfY el CoProSeDe? Brilla por su ausencia, a pesar de tener sede en el propio Instituto.<\/p>\n<p>Paraliz\u00f3 el departamento de Auditor\u00eda Interna, el \u00e1rea que debe garantizar transparencia. Incumple el art\u00edculo 13 de la Ley de Creaci\u00f3n del Instituto del Deporte, que exige destinar el 15% del presupuesto a los municipios y el 5% a la ConFeChaDe. Un incumplimiento que podr\u00eda derivar en un juicio contencioso-administrativo contra el propio Ejecutivo.<\/p>\n<p>En lugar de hablar de cifras que no puede comprobar, deber\u00eda evitar exponer al gobernador actual a comparaciones odiosas con las gestiones peronistas, que s\u00ed pueden mostrar obras concretas en clubes, canchas, polideportivos, sanitarios y programas deportivos por toda la provincia. Hoy, eso simplemente no existe.<\/p>\n<p>Comparar los actuales juegos deportivos con los hist\u00f3ricos Juegos Evita es una imprudencia absoluta. Basta recordar los multitudinarios regionales, incluso en El Impenetrable, donde los participantes com\u00edan sentados a la mesa, los profesores se alojaban en hoteles y las finales en Mar del Plata se realizaban con casi mil j\u00f3venes, en hoteles de cuatro estrellas, con m\u00e9dicos, enfermeras e indumentaria completa.<\/p>\n<p>Decir que se incorpor\u00f3 a la tercera edad es otra mentira insostenible: desde 2008, adultos mayores y personas con discapacidad participaron activamente de los juegos. Hay miles de testigos. Incluso, la organizaci\u00f3n chaque\u00f1a recibi\u00f3 premios nacionales por su calidad.<\/p>\n<p>No quiero aburrir, pero con esto basta para demostrar que comparar su gesti\u00f3n con las anteriores es un acto de torpeza. Ser\u00eda aconsejable que no se ponga tan nervioso por una reuni\u00f3n entre Capitanich y dirigentes deportivos, quienes \u2014seg\u00fan \u00e9l\u2014 no representa nadie. Su reacci\u00f3n demuestra lo contrario.<\/p>\n<p>En este caso, tambi\u00e9n el silencio es salud. Le aconsejo prudencia. Y trabajo, que es la mejor manera de defender a un gobierno.<\/p>\n<p><img loading=\"lazy\" decoding=\"async\" class=\"alignnone size-medium wp-image-21944\" src=\"https:\/\/www.sportchaco.com.ar\/wp-content\/uploads\/2025\/07\/Raul-Bittel-ajedrez-300x195.jpg\" alt=\"\" width=\"300\" height=\"195\" srcset=\"https:\/\/www.sportchaco.com.ar\/wp-content\/uploads\/2025\/07\/Raul-Bittel-ajedrez-300x195.jpg 300w, https:\/\/www.sportchaco.com.ar\/wp-content\/uploads\/2025\/07\/Raul-Bittel-ajedrez.jpg 600w\" sizes=\"auto, (max-width: 300px) 100vw, 300px\" \/><br \/>\n&#8230;<br \/>\n*Ra\u00fal Gerardo Bittel<br \/>\n\u2022 Primer presidente de la Confederaci\u00f3n Chaque\u00f1a de Deporte<br \/>\n\u2022 Primer presidente del Instituto del Deporte<br \/>\n\u2022 Impulsor de las leyes de creaci\u00f3n del Instituto del Deporte y de Sponsorizaci\u00f3n<br \/>\n\u2022 Expresidente del Consejo de Seguridad Deportiva<br \/>\n\u2022 Exintegrante del Comit\u00e9 Ol\u00edmpico Argentino, de la Confederaci\u00f3n Argentina de Deportes y del Consejo Nacional de Deportes<br \/>\n\u2022 Exintegrante de la Comisi\u00f3n de Deportes de la C\u00e1mara de Diputados de la Naci\u00f3n<br \/>\n\u2022 Presidente de clubes e integrante de varias federaciones deportivas<br \/>\n\u2022 Vicepresidente de la Federaci\u00f3n Argentina de Ajedrez en varios periodos<br \/>\n\u2022 Presidente de la Federaci\u00f3n Chaque\u00f1a de Ajedrez en varios periodos<br \/>\n\u2022 \u00c1rbitro Internacional de Ajedrez<br \/>\n\u2022 Director de delegaciones argentinas en Panamericanos, campeonatos argentinos y mundiales de ajedrez<\/p>\n","protected":false},"excerpt":{"rendered":"<p>&nbsp; Por Ra\u00fal Gerardo Bittel* El funcionario mir\u00f3 una foto. Vio al exgobernador reunido con dirigentes deportivos y exfuncionarios. Cont\u00f3 a los presentes \u2014mal, por cierto\u2014 y se imagin\u00f3, sin mucho esfuerzo ni creatividad, que en esa reuni\u00f3n no abundaron los elogios a su gesti\u00f3n. Dos d\u00edas despu\u00e9s, convoc\u00f3 a la prensa al Sal\u00f3n Obligado, &hellip;<\/p>\n","protected":false},"author":2,"featured_media":21942,"comment_status":"open","ping_status":"open","sticky":false,"template":"","format":"standard","meta":{"footnotes":""},"categories":[44],"tags":[],"class_list":["post-21940","post","type-post","status-publish","format-standard","has-post-thumbnail","hentry","category-varios"],"_links":{"self":[{"href":"https:\/\/www.sportchaco.com.ar\/index.php?rest_route=\/wp\/v2\/posts\/21940","targetHints":{"allow":["GET"]}}],"collection":[{"href":"https:\/\/www.sportchaco.com.ar\/index.php?rest_route=\/wp\/v2\/posts"}],"about":[{"href":"https:\/\/www.sportchaco.com.ar\/index.php?rest_route=\/wp\/v2\/types\/post"}],"author":[{"embeddable":true,"href":"https:\/\/www.sportchaco.com.ar\/index.php?rest_route=\/wp\/v2\/users\/2"}],"replies":[{"embeddable":true,"href":"https:\/\/www.sportchaco.com.ar\/index.php?rest_route=%2Fwp%2Fv2%2Fcomments&post=21940"}],"version-history":[{"count":1,"href":"https:\/\/www.sportchaco.com.ar\/index.php?rest_route=\/wp\/v2\/posts\/21940\/revisions"}],"predecessor-version":[{"id":21945,"href":"https:\/\/www.sportchaco.com.ar\/index.php?rest_route=\/wp\/v2\/posts\/21940\/revisions\/21945"}],"wp:featuredmedia":[{"embeddable":true,"href":"https:\/\/www.sportchaco.com.ar\/index.php?rest_route=\/wp\/v2\/media\/21942"}],"wp:attachment":[{"href":"https:\/\/www.sportchaco.com.ar\/index.php?rest_route=%2Fwp%2Fv2%2Fmedia&parent=21940"}],"wp:term":[{"taxonomy":"category","embeddable":true,"href":"https:\/\/www.sportchaco.com.ar\/index.php?rest_route=%2Fwp%2Fv2%2Fcategories&post=21940"},{"taxonomy":"post_tag","embeddable":true,"href":"https:\/\/www.sportchaco.com.ar\/index.php?rest_route=%2Fwp%2Fv2%2Ftags&post=21940"}],"curies":[{"name":"wp","href":"https:\/\/api.w.org\/{rel}","templated":true}]}}