{"id":21946,"date":"2025-07-11T11:21:18","date_gmt":"2025-07-11T14:21:18","guid":{"rendered":"https:\/\/www.sportchaco.com.ar\/?p=21946"},"modified":"2025-07-11T14:23:43","modified_gmt":"2025-07-11T17:23:43","slug":"fin-de-semana-de-chaco-juega","status":"publish","type":"post","link":"https:\/\/www.sportchaco.com.ar\/?p=21946","title":{"rendered":"Fin de semana de Chaco Juega"},"content":{"rendered":"<p><strong>11-07-2025<\/strong><\/p>\n<p><img loading=\"lazy\" decoding=\"async\" class=\"aligncenter wp-image-20253 size-full\" src=\"https:\/\/www.sportchaco.com.ar\/wp-content\/uploads\/2025\/06\/Campo-720x90-13.gif\" alt=\"\" width=\"1500\" height=\"188\" \/><\/p>\n<p>El acto de apertura se realiz\u00f3 a las 8 horas en Santa Sylvina y fue realizado en el Club Social y Deportivo Comercio de dicha localidad, con la presencia de la Intendente Susana Maggio, el Presidente del IDCH, Prof. Fabio V\u00e1zquez, el Vicepresidente del Instituto, Prof, Gabriel Pellegrini y autoridades municipales.<\/p>\n<p>En esta ocasi\u00f3n las localidades que participaron fueron Santa Sylvina, San Bernardo, Enrique Urien, Samuh\u00fa, Villa \u00c1ngela, Chorotis, Coronel Du Graty y Villa Berthet.<\/p>\n<p>Mientras que en Charata, el acto de inici\u00f3 tambi\u00e9n a las 8 en el club Cooperativa Charata y cont\u00f3 con la presencia del Intendente Ruben Rach, autoridades del Instituto del Deporte y autoridades municipales<\/p>\n<p>Las delegaciones deportivas que participaron fueron Charata, Las Bre\u00f1as, Corzuela, Campo Largo, General Pinedo, Hermoso Campo, Gancedo y Capdevila.<\/p>\n<p>El programa deportivo Chaco Juega cuenta con las siguientes disciplinas: atletismo, b\u00e1dminton, b\u00e1squet 3&#215;3, ciclismo, f\u00fatbol 11, futsal, gimnasia art\u00edstica, gimnasia r\u00edtmica, handball, handball de playa, hockey, judo, karate, levantamiento ol\u00edmpico, lucha, nataci\u00f3n, p\u00e1del, pat\u00edn art\u00edstico, pat\u00edn carrera, rugby, taekwondo, tenis, tenis de mesa, tiro, tiro con arco, v\u00f3ley y v\u00f3ley de playa.<\/p>\n<p><img loading=\"lazy\" decoding=\"async\" class=\"aligncenter wp-image-21076 size-full\" src=\"https:\/\/www.sportchaco.com.ar\/wp-content\/uploads\/2025\/06\/Campo-250x250-05-1.gif\" alt=\"\" width=\"521\" height=\"521\" \/><\/p>\n","protected":false},"excerpt":{"rendered":"<p>11-07-2025 El acto de apertura se realiz\u00f3 a las 8 horas en Santa Sylvina y fue realizado en el Club Social y Deportivo Comercio de dicha localidad, con la presencia de la Intendente Susana Maggio, el Presidente del IDCH, Prof. Fabio V\u00e1zquez, el Vicepresidente del Instituto, Prof, Gabriel Pellegrini y autoridades municipales. En esta ocasi\u00f3n &hellip;<\/p>\n","protected":false},"author":2,"featured_media":21947,"comment_status":"open","ping_status":"open","sticky":false,"template":"","format":"standard","meta":{"footnotes":""},"categories":[44],"tags":[],"class_list":["post-21946","post","type-post","status-publish","format-standard","has-post-thumbnail","hentry","category-varios"],"_links":{"self":[{"href":"https:\/\/www.sportchaco.com.ar\/index.php?rest_route=\/wp\/v2\/posts\/21946","targetHints":{"allow":["GET"]}}],"collection":[{"href":"https:\/\/www.sportchaco.com.ar\/index.php?rest_route=\/wp\/v2\/posts"}],"about":[{"href":"https:\/\/www.sportchaco.com.ar\/index.php?rest_route=\/wp\/v2\/types\/post"}],"author":[{"embeddable":true,"href":"https:\/\/www.sportchaco.com.ar\/index.php?rest_route=\/wp\/v2\/users\/2"}],"replies":[{"embeddable":true,"href":"https:\/\/www.sportchaco.com.ar\/index.php?rest_route=%2Fwp%2Fv2%2Fcomments&post=21946"}],"version-history":[{"count":4,"href":"https:\/\/www.sportchaco.com.ar\/index.php?rest_route=\/wp\/v2\/posts\/21946\/revisions"}],"predecessor-version":[{"id":21951,"href":"https:\/\/www.sportchaco.com.ar\/index.php?rest_route=\/wp\/v2\/posts\/21946\/revisions\/21951"}],"wp:featuredmedia":[{"embeddable":true,"href":"https:\/\/www.sportchaco.com.ar\/index.php?rest_route=\/wp\/v2\/media\/21947"}],"wp:attachment":[{"href":"https:\/\/www.sportchaco.com.ar\/index.php?rest_route=%2Fwp%2Fv2%2Fmedia&parent=21946"}],"wp:term":[{"taxonomy":"category","embeddable":true,"href":"https:\/\/www.sportchaco.com.ar\/index.php?rest_route=%2Fwp%2Fv2%2Fcategories&post=21946"},{"taxonomy":"post_tag","embeddable":true,"href":"https:\/\/www.sportchaco.com.ar\/index.php?rest_route=%2Fwp%2Fv2%2Ftags&post=21946"}],"curies":[{"name":"wp","href":"https:\/\/api.w.org\/{rel}","templated":true}]}}