{"id":21963,"date":"2025-07-11T19:09:55","date_gmt":"2025-07-11T22:09:55","guid":{"rendered":"https:\/\/www.sportchaco.com.ar\/?p=21963"},"modified":"2025-07-11T19:39:21","modified_gmt":"2025-07-11T22:39:21","slug":"castelli-libertad-atraviesa-un-proceso-de-calidad-deportiva-en-todas-sus-categorias-con-resultados-a-la-vista","status":"publish","type":"post","link":"https:\/\/www.sportchaco.com.ar\/?p=21963","title":{"rendered":"Libertad de Castelli atraviesa un proceso de calidad deportiva en todas sus categor\u00edas con resultados a la vista"},"content":{"rendered":"<article class=\"post-27866 post type-post status-publish format-standard has-post-thumbnail hentry category-provinciales tag-portada\">\n<div id=\"post-content-wrapper\" class=\"relative\">\n<div id=\"post-area\" class=\"left relative\">\n<p><strong>11-07-2025<\/strong><\/p>\n<p><img loading=\"lazy\" decoding=\"async\" class=\"aligncenter wp-image-20491 size-full\" src=\"https:\/\/www.sportchaco.com.ar\/wp-content\/uploads\/2025\/06\/PARQUE-SOLAR_720x90-01.gif\" alt=\"\" width=\"720\" height=\"90\" \/><span style=\"font-size: 16px; font-weight: 400;\">El b\u00e1squet contin\u00faa teniendo gran relevancia en toda la provincia. En este sentido, el club Libertad de Castelli demuestra un permanente crecimiento en todas sus categor\u00edas formativas, desde U11 hasta U17. En este marco, el profesor Mart\u00edn Monz\u00f3n, quien a su vez es el fundador de la instituci\u00f3n que en abril cumple 6 a\u00f1os de vida.<\/span><\/p>\n<div id=\"right-content\" class=\"relative\">\n<div id=\"content-area\" class=\"left relative\">\n<div id=\"tps_slideContainer_27866\" class=\"theiaPostSlider_slides\">\n<p>\u00abPor primera vez en nuestra peque\u00f1a historia, este a\u00f1o pudimos inscribir en la Liga Saenzpe\u00f1ense a las 4 categor\u00edas, donde tuvimos la posibilidad de clasificar al Final Four\u00bb, destac\u00f3 el entrenador Mart\u00edn Monz\u00f3n.<\/p>\n<p>El club Libertad de Castelli s encuentra activo\u00a0hace 5 a\u00f1os, en el cual en 2023 se obtuvo el t\u00edtulo en la categor\u00eda U15 al igual que en 2024, \u00abadem\u00e1s sacamos varios subcampeonatos\u00bb, remarcando Monz\u00f3n que \u00abestamos para la poca historia y vida que tenemos, como siempre ah\u00ed peleando las semifinales o finales con los clubes m\u00e1s grandes y con m\u00e1s trayectoria de S\u00e1enz Pe\u00f1a, Quitilipi y dem\u00e1s localidades\u00bb.<\/p>\n<figure class=\"wp-block-image size-full\"><a href=\"https:\/\/baskettotal.com.ar\/wp-content\/uploads\/2025\/07\/Castelli-3.jpeg\"><img loading=\"lazy\" decoding=\"async\" class=\"lazy wp-image-27867 lazy-loaded\" src=\"https:\/\/baskettotal.com.ar\/wp-content\/uploads\/2025\/07\/Castelli-3.jpeg\" sizes=\"auto, (max-width: 1024px) 100vw, 1024px\" srcset=\"https:\/\/baskettotal.com.ar\/wp-content\/uploads\/2025\/07\/Castelli-3.jpeg 1024w, https:\/\/baskettotal.com.ar\/wp-content\/uploads\/2025\/07\/Castelli-3-300x225.jpeg 300w, https:\/\/baskettotal.com.ar\/wp-content\/uploads\/2025\/07\/Castelli-3-768x576.jpeg 768w\" alt=\"\" width=\"1024\" height=\"768\" data-lazy-type=\"image\" data-lazy-src=\"https:\/\/baskettotal.com.ar\/wp-content\/uploads\/2025\/07\/Castelli-3.jpeg\" data-lazy-srcset=\"https:\/\/baskettotal.com.ar\/wp-content\/uploads\/2025\/07\/Castelli-3.jpeg 1024w, https:\/\/baskettotal.com.ar\/wp-content\/uploads\/2025\/07\/Castelli-3-300x225.jpeg 300w, https:\/\/baskettotal.com.ar\/wp-content\/uploads\/2025\/07\/Castelli-3-768x576.jpeg 768w\" data-lazy-sizes=\"(max-width: 1024px) 100vw, 1024px\" \/><\/a><\/figure>\n<p>Con respecto al escenario con el que cuenta para jugar como local, Monz\u00f3n expres\u00f3 que \u00absiempre que jugamos de local tenemos el Micro \u2013 Estadio municipal, ya que todav\u00eda estamos en una canchita as\u00ed de barrio, al aire libre y la estamos remando hace un par de a\u00f1os\u00bb, enfatiz\u00f3 el coach de la instituci\u00f3n castelense.<\/p>\n<p>\u00abPara resaltar tambi\u00e9n que en lo que va de la historia del club, la instituci\u00f3n tuvo a 2 representantes en la Selecci\u00f3n chaque\u00f1a U13 masculina, como as\u00ed tambi\u00e9n 2 ni\u00f1as en la Selecci\u00f3n U13\u00bb, resalt\u00f3 Monz\u00f3n.<\/p>\n<p>\u00abEstamos haciendo nuestro laburo de a poquito y cuando tienen la posibilidad algunos chicos de irse a jugar a otro lado, a probar y quedar en muchos casos\u00bb, remarcando a su vez Monz\u00f3n, \u00bb el balance en este tiempo que tenemos es s\u00faper positivo, aument\u00f3 la cantidad de chicos, seguimos poniendo todo y estamos encaminados\u00bb, manifest\u00f3.<\/p>\n<p>Por \u00faltimo, el profesor Mart\u00edn Monz\u00f3n agradeci\u00f3 a la Municipalidad de Castelli por las m\u00faltiples colaboraciones y acompa\u00f1amiento en todo este proceso de crecimiento y desarrollo de Libertad, como as\u00ed tambi\u00e9n a todos los sponsors privados (Aromas y Detalles, Taller Don Emilio, Verduler\u00eda y Fruter\u00eda \u00abLa Reina\u00bb, Estudio Contable Hechem y Olmos) y padres que trabajan incansablemente por y para la instituci\u00f3n deportiva castelense.<\/p>\n<p><img loading=\"lazy\" decoding=\"async\" class=\"aligncenter wp-image-20302 size-full\" src=\"https:\/\/www.sportchaco.com.ar\/wp-content\/uploads\/2025\/06\/PARQUE-SOLAR_200x200-01.gif\" alt=\"\" width=\"417\" height=\"417\" \/><\/p>\n<\/div>\n<\/div>\n<\/div>\n<\/div>\n<\/div>\n<\/article>\n","protected":false},"excerpt":{"rendered":"<p>11-07-2025 El b\u00e1squet contin\u00faa teniendo gran relevancia en toda la provincia. En este sentido, el club Libertad de Castelli demuestra un permanente crecimiento en todas sus categor\u00edas formativas, desde U11 hasta U17. En este marco, el profesor Mart\u00edn Monz\u00f3n, quien a su vez es el fundador de la instituci\u00f3n que en abril cumple 6 a\u00f1os &hellip;<\/p>\n","protected":false},"author":2,"featured_media":21973,"comment_status":"open","ping_status":"open","sticky":false,"template":"","format":"standard","meta":{"footnotes":""},"categories":[3],"tags":[],"class_list":["post-21963","post","type-post","status-publish","format-standard","has-post-thumbnail","hentry","category-basquetbol"],"_links":{"self":[{"href":"https:\/\/www.sportchaco.com.ar\/index.php?rest_route=\/wp\/v2\/posts\/21963","targetHints":{"allow":["GET"]}}],"collection":[{"href":"https:\/\/www.sportchaco.com.ar\/index.php?rest_route=\/wp\/v2\/posts"}],"about":[{"href":"https:\/\/www.sportchaco.com.ar\/index.php?rest_route=\/wp\/v2\/types\/post"}],"author":[{"embeddable":true,"href":"https:\/\/www.sportchaco.com.ar\/index.php?rest_route=\/wp\/v2\/users\/2"}],"replies":[{"embeddable":true,"href":"https:\/\/www.sportchaco.com.ar\/index.php?rest_route=%2Fwp%2Fv2%2Fcomments&post=21963"}],"version-history":[{"count":3,"href":"https:\/\/www.sportchaco.com.ar\/index.php?rest_route=\/wp\/v2\/posts\/21963\/revisions"}],"predecessor-version":[{"id":21974,"href":"https:\/\/www.sportchaco.com.ar\/index.php?rest_route=\/wp\/v2\/posts\/21963\/revisions\/21974"}],"wp:featuredmedia":[{"embeddable":true,"href":"https:\/\/www.sportchaco.com.ar\/index.php?rest_route=\/wp\/v2\/media\/21973"}],"wp:attachment":[{"href":"https:\/\/www.sportchaco.com.ar\/index.php?rest_route=%2Fwp%2Fv2%2Fmedia&parent=21963"}],"wp:term":[{"taxonomy":"category","embeddable":true,"href":"https:\/\/www.sportchaco.com.ar\/index.php?rest_route=%2Fwp%2Fv2%2Fcategories&post=21963"},{"taxonomy":"post_tag","embeddable":true,"href":"https:\/\/www.sportchaco.com.ar\/index.php?rest_route=%2Fwp%2Fv2%2Ftags&post=21963"}],"curies":[{"name":"wp","href":"https:\/\/api.w.org\/{rel}","templated":true}]}}