{"id":21966,"date":"2025-07-12T00:50:09","date_gmt":"2025-07-12T03:50:09","guid":{"rendered":"https:\/\/www.sportchaco.com.ar\/?p=21966"},"modified":"2025-07-12T09:15:46","modified_gmt":"2025-07-12T12:15:46","slug":"efemerides-del-12-de-julio-2","status":"publish","type":"post","link":"https:\/\/www.sportchaco.com.ar\/?p=21966","title":{"rendered":"Efem\u00e9rides del 12 de julio"},"content":{"rendered":"<div class=\"container fullwidth-entry-title-wrapper\">\n<div class=\"container-wrapper fullwidth-entry-title\">\n<header class=\"entry-header-outer\">\n<div class=\"entry-header\">\n<h1 class=\"post-title entry-title\">Efem\u00e9rides del 12 de julio<\/h1>\n<div class=\"single-post-meta post-meta clearfix\"><\/div>\n<\/div>\n<\/header>\n<\/div>\n<\/div>\n<div id=\"content\" class=\"site-content container\">\n<div id=\"main-content-row\" class=\"tie-row main-content-row\">\n<div class=\"main-content tie-col-md-8 tie-col-xs-12\" role=\"main\">\n<article id=\"the-post\" class=\"container-wrapper post-content tie-standard\">\n<div class=\"featured-area\">\n<div class=\"featured-area-inner\"><\/div>\n<\/div>\n<div class=\"entry-content entry clearfix\">\n<p><strong>Esta es la Efem\u00e9rides del Deporte en el Chaco de un 12 de julio periodista Luis Dar\u00edo Molodezky.<\/strong><\/p>\n<p>&nbsp;<\/p>\n<p><img loading=\"lazy\" decoding=\"async\" class=\"alignnone size-full wp-image-21932 aligncenter\" src=\"https:\/\/www.sportchaco.com.ar\/wp-content\/uploads\/2025\/07\/Luis-2025-marzo-3-2-e1749824875302-300x217-3.jpg\" alt=\"\" width=\"300\" height=\"217\" \/><\/p>\n<p><strong><em>\u00a0<\/em><\/strong><\/p>\n<p><strong>1936\u00a0<\/strong>\/ Despu\u00e9s de arduas gestiones se enfrentan Asociaci\u00f3n Centro Chaque\u00f1o de Presidencia Roque S\u00e1enz Pe\u00f1a y la Federaci\u00f3n Chaque\u00f1a, en el marco de la Exposici\u00f3n Feria del Chaco. Se jug\u00f3 en la cancha de For Ever y empataron 1 a 1 con goles de Carballo para el local y Medina para la visita. Federaci\u00f3n form\u00f3 con Ferreyra; Li\u00e9bana y Vargas; Aguirreberry y Peloso; C. Romero, Ram\u00edrez, Carballo, Gonz\u00e1lez y Dur\u00e1n. La visita con L\u00f3pez, Meza y M\u00e9ndez; Montiveros, Paz y Sosa; Medina, Com\u00e1n, D\u00edaz, Casarella y Ferreyra.<\/p>\n<p><strong>1946 \/<\/strong>\u00a0Nace Osvaldo \u201cBucky\u201d Carlen. Form\u00f3 parte de un hist\u00f3rico jugador de Villa San Mart\u00edn y la Selecci\u00f3n chaque\u00f1a. En el tricolor jug\u00f3 junto a Carlos Lutringer, Heriberto S\u00e1nchez, Oscar Valussi, Walter Dosso y H\u00e9ctor Corbal\u00e1n, integrando un equipo casi invencible que domin\u00f3 el b\u00e1squetbol de la ABR por m\u00e1s de una d\u00e9cada.<\/p>\n<p><strong>1954\u00a0<\/strong>\/ Se funda el Club Yap\u00fa Guaz\u00fa, que tiene su predio en Antequera y nuclea a pescadores de la provincia. Tiene una guarder\u00eda y amplio camping.<\/p>\n<p><strong>1970\u00a0<\/strong>\/ Central Norte debuta en el Torneo Regional empatando con Patria en Formosa en un gol. Igual resultado se da en la revancha. En los penales igualan 3 a 3 y define la moneda a favor de los ferroviarios. En la siguiente etapa queda eliminado luego de empatar de visitante (2-2) y caer de local ante Patronato de Paran\u00e1 2-1 en cancha de For Ever.<\/p>\n<p><strong>1975 \/<\/strong> Nace en Resistencia Diego Leonardo S\u00e1nchez, basquetbolista de reconocida trayectoria. Hijo y niets de basquetbolistas, hizo de este deporte su pasi\u00f3n y vida. Se inici\u00f3 en las inferiores de Villa San Mart\u00edn donde debut\u00f3 en primera con 15 a\u00f1os. Con 18 fue campe\u00f3n del Pronea con C\u00f3rdoba de Corrientes. Pase\u00f3 su estampa por Pinedo Central Espa\u00f1ola de Charata. En su regres\u00f3 a Villa fue subcampe\u00f3n del torneo de ascenso. En 1996 logra el t\u00edtulo argentino de b\u00e1squetbol integrando la Selecci\u00f3n de Chaco. En el 98 subcampe\u00f3n argentino y goleador con el sub 22. Con Belgrano de Tucum\u00e1n, donde es \u00eddolo, campe\u00f3n del torneo local, ganando tambi\u00e9n Liga C Liga B, TNA y jugando Liga Nacional. En esa provincia tambi\u00e9n pas\u00f3 por Tucum\u00e1n BB, Central C\u00f3rdoba, Mitre y Alberdi en el TNA. Pas\u00f3 por Estudiantes de Bah\u00eda Blanca y finalmente en Espa\u00f1ola, con quien lo une un entra\u00f1able amor, fueron campeones de la Liga B, pero tambi\u00e9n haciendo su aporte a Italiana. Tambi\u00e9n pas\u00f3 por Marcos Ju\u00e1rez y Tandil. Casado con Adriana Najm\u00edas, quien fue un aporte transcendente en su vida.<\/p>\n<p><strong>1979\u00a0<\/strong>\/ Arnaldo Primitivo Carro, se hace cargo como director t\u00e9cnico de General Belgrano de S\u00e1enz Pe\u00f1a. Anteriormente se desempe\u00f1\u00f3 como periodista deportivo en el Diario Norte.<\/p>\n<p><strong>1985\u00a0<\/strong>\/ La chaque\u00f1a Hilda Acu\u00f1a, es designada integrante del Seleccionado Argentino de Judo para el sudamericano de R\u00edo de Janeiro.<\/p>\n<p><strong>2007\u00a0<\/strong>\/ Ricardo Siri, presidente de la FCH de Basquetbol y vice segundo de la CABB, preside la delegaci\u00f3n de la selecci\u00f3n nacional que participa del Campeonato Mundial de B\u00e1squetbol de la categor\u00eda Sub 19, que se juega en Serbia.<\/p>\n<p>&nbsp;<\/p>\n<p>&nbsp;<\/p>\n<p><strong>Foto de Osvaldo Bucky Carlen, que hoy cumple 79 a\u00f1os<\/strong><\/p>\n<\/div>\n<\/article>\n<\/div>\n<\/div>\n<\/div>\n","protected":false},"excerpt":{"rendered":"<p>Efem\u00e9rides del 12 de julio Esta es la Efem\u00e9rides del Deporte en el Chaco de un 12 de julio periodista Luis Dar\u00edo Molodezky. &nbsp; \u00a0 1936\u00a0\/ Despu\u00e9s de arduas gestiones se enfrentan Asociaci\u00f3n Centro Chaque\u00f1o de Presidencia Roque S\u00e1enz Pe\u00f1a y la Federaci\u00f3n Chaque\u00f1a, en el marco de la Exposici\u00f3n Feria del Chaco. Se jug\u00f3 &hellip;<\/p>\n","protected":false},"author":2,"featured_media":21981,"comment_status":"open","ping_status":"open","sticky":false,"template":"","format":"standard","meta":{"footnotes":""},"categories":[45,37],"tags":[],"class_list":["post-21966","post","type-post","status-publish","format-standard","has-post-thumbnail","hentry","category-efemerides-dia-por-dia","category-julio"],"_links":{"self":[{"href":"https:\/\/www.sportchaco.com.ar\/index.php?rest_route=\/wp\/v2\/posts\/21966","targetHints":{"allow":["GET"]}}],"collection":[{"href":"https:\/\/www.sportchaco.com.ar\/index.php?rest_route=\/wp\/v2\/posts"}],"about":[{"href":"https:\/\/www.sportchaco.com.ar\/index.php?rest_route=\/wp\/v2\/types\/post"}],"author":[{"embeddable":true,"href":"https:\/\/www.sportchaco.com.ar\/index.php?rest_route=\/wp\/v2\/users\/2"}],"replies":[{"embeddable":true,"href":"https:\/\/www.sportchaco.com.ar\/index.php?rest_route=%2Fwp%2Fv2%2Fcomments&post=21966"}],"version-history":[{"count":4,"href":"https:\/\/www.sportchaco.com.ar\/index.php?rest_route=\/wp\/v2\/posts\/21966\/revisions"}],"predecessor-version":[{"id":21982,"href":"https:\/\/www.sportchaco.com.ar\/index.php?rest_route=\/wp\/v2\/posts\/21966\/revisions\/21982"}],"wp:featuredmedia":[{"embeddable":true,"href":"https:\/\/www.sportchaco.com.ar\/index.php?rest_route=\/wp\/v2\/media\/21981"}],"wp:attachment":[{"href":"https:\/\/www.sportchaco.com.ar\/index.php?rest_route=%2Fwp%2Fv2%2Fmedia&parent=21966"}],"wp:term":[{"taxonomy":"category","embeddable":true,"href":"https:\/\/www.sportchaco.com.ar\/index.php?rest_route=%2Fwp%2Fv2%2Fcategories&post=21966"},{"taxonomy":"post_tag","embeddable":true,"href":"https:\/\/www.sportchaco.com.ar\/index.php?rest_route=%2Fwp%2Fv2%2Ftags&post=21966"}],"curies":[{"name":"wp","href":"https:\/\/api.w.org\/{rel}","templated":true}]}}