{"id":22054,"date":"2025-07-13T23:32:46","date_gmt":"2025-07-14T02:32:46","guid":{"rendered":"https:\/\/www.sportchaco.com.ar\/?p=22054"},"modified":"2025-07-13T23:41:58","modified_gmt":"2025-07-14T02:41:58","slug":"efemerides-del-14-de-julio-2","status":"publish","type":"post","link":"https:\/\/www.sportchaco.com.ar\/?p=22054","title":{"rendered":"Efem\u00e9rides del 14 de julio"},"content":{"rendered":"<div class=\"container fullwidth-entry-title-wrapper\">\n<div class=\"container-wrapper fullwidth-entry-title\">\n<header class=\"entry-header-outer\">\n<div class=\"entry-header\">\n<h1 class=\"post-title entry-title\"><\/h1>\n<div class=\"single-post-meta post-meta clearfix\"><\/div>\n<\/div>\n<\/header>\n<\/div>\n<\/div>\n<div id=\"content\" class=\"site-content container\">\n<div id=\"main-content-row\" class=\"tie-row main-content-row\">\n<div class=\"main-content tie-col-md-8 tie-col-xs-12\" role=\"main\">\n<article id=\"the-post\" class=\"container-wrapper post-content tie-standard\">\n<div class=\"featured-area\">\n<div class=\"featured-area-inner\">\n<figure class=\"single-featured-image\"><\/figure>\n<\/div>\n<\/div>\n<div class=\"entry-content entry clearfix\">\n<p><strong>Esta es la Efem\u00e9rides del Deporte en el Chaco de un 14 de julio periodista Luis Dar\u00edo Molodezky.<\/strong><\/p>\n<p style=\"text-align: center;\"><img loading=\"lazy\" decoding=\"async\" class=\"alignnone size-full wp-image-22055\" src=\"https:\/\/www.sportchaco.com.ar\/wp-content\/uploads\/2025\/07\/Luis-2025-marzo-3-2-e1749824875302-300x217-4.jpg\" alt=\"\" width=\"300\" height=\"217\" \/><\/p>\n<p>&nbsp;<\/p>\n<p><strong>1946\u00a0<\/strong>\/ Se produce la fusi\u00f3n entre los clubes V\u00e9lez Sarsfield y Sportivo Libertad, quedando establecida la nueva instituci\u00f3n como V\u00e9lez Sarsfield Libertad. Entre los pioneros figuran familias como Ben\u00edtez, Coronel, Bondoni, Bord\u00f3n, Bussol\u00f3n, Casali, Codul, Carrara, Camors, Codina, Cortez, Coronel, Crist\u00f3fani, Chica, Da Graca, Duarte, Fraco, Flores, Gonz\u00e1lez, Garc\u00eda, Logi\u00fadice, Maestro, Mart\u00ednez, Micillo, Monfardini, Ortega, Puppo, Pastor Pegoraro, R\u00edos, S\u00e1nchez, Sibert, Sotelo, Santambroggio, Toledo, Urtizberea, Valzino, Olivar, Massa entre otros.<\/p>\n<p><strong>1960 \/<\/strong>\u00a0Juan Carlos Salazar pierde la oportunidad de representar a la Argentina en los Juegos Ol\u00edmpicos de Roma, al perder frente al mendocino Alberto Aro<\/p>\n<p><strong>1985\u00a0<\/strong>\/ Eugenio Ram\u00edrez\u00a0 (foto) se adjudica el torneo interprovincial de golf entre Chaco y Jujuy, que se disput\u00f3 en el Chaco Golf Club. Fue seguido por Marcelo C\u00e1ceres.<\/p>\n<p><strong>2005\u00a0<\/strong>\/ Cune se clasifica campe\u00f3n del Torneo Apertura de Hockey sobre C\u00e9sped.<\/p>\n<\/div>\n<p><strong>2022 \/<\/strong> Fallece en Resistencia a los 94 a\u00f1os el destacado dirigente Eduardo Siri. Cuando ten\u00eda tres a\u00f1os su familia se radic\u00f3 en Entre R\u00edos, viviendo en Villaguay y La Paz. Hizo la carrera de derecho en la Univerisdad del Litoral de Santa Fe.\u00a0 Lleg\u00f3 al Chaco pujante en la d\u00e9cada del \u201950 y se incorpor\u00f3 a Villa San Mart\u00edn como colaborador primero y dirigente despu\u00e9s. En el 59\u2019 ya era presidente de la Federaci\u00f3n Chaque\u00f1a, y presidi\u00f3 la delegaci\u00f3n en el hist\u00f3rico Argentino de Mendoza 1963 y fue titular en el realizado en el Chaco en 1973. \u00a0Hab\u00eda nacido en Fray Bentos, Uruguay, el 9 de marzo de 1929.<\/p>\n<\/article>\n<p><img loading=\"lazy\" decoding=\"async\" class=\"attachment-jannah-image-post size-jannah-image-post wp-post-image\" src=\"https:\/\/www.sportchaco.com.ar\/wp-content\/uploads\/2024\/07\/EUGENIO-RAMIREZ-golf.jpg\" sizes=\"auto, (max-width: 600px) 100vw, 600px\" srcset=\"https:\/\/www.sportchaco.com.ar\/wp-content\/uploads\/2024\/07\/EUGENIO-RAMIREZ-golf.jpg 600w, https:\/\/www.sportchaco.com.ar\/wp-content\/uploads\/2024\/07\/EUGENIO-RAMIREZ-golf-300x198.jpg 300w\" alt=\"\" width=\"600\" height=\"395\" data-main-img=\"1\" \/><\/p>\n<\/div>\n<\/div>\n<\/div>\n","protected":false},"excerpt":{"rendered":"<p>Esta es la Efem\u00e9rides del Deporte en el Chaco de un 14 de julio periodista Luis Dar\u00edo Molodezky. &nbsp; 1946\u00a0\/ Se produce la fusi\u00f3n entre los clubes V\u00e9lez Sarsfield y Sportivo Libertad, quedando establecida la nueva instituci\u00f3n como V\u00e9lez Sarsfield Libertad. Entre los pioneros figuran familias como Ben\u00edtez, Coronel, Bondoni, Bord\u00f3n, Bussol\u00f3n, Casali, Codul, Carrara, &hellip;<\/p>\n","protected":false},"author":2,"featured_media":22081,"comment_status":"open","ping_status":"open","sticky":false,"template":"","format":"standard","meta":{"footnotes":""},"categories":[45,37],"tags":[],"class_list":["post-22054","post","type-post","status-publish","format-standard","has-post-thumbnail","hentry","category-efemerides-dia-por-dia","category-julio"],"_links":{"self":[{"href":"https:\/\/www.sportchaco.com.ar\/index.php?rest_route=\/wp\/v2\/posts\/22054","targetHints":{"allow":["GET"]}}],"collection":[{"href":"https:\/\/www.sportchaco.com.ar\/index.php?rest_route=\/wp\/v2\/posts"}],"about":[{"href":"https:\/\/www.sportchaco.com.ar\/index.php?rest_route=\/wp\/v2\/types\/post"}],"author":[{"embeddable":true,"href":"https:\/\/www.sportchaco.com.ar\/index.php?rest_route=\/wp\/v2\/users\/2"}],"replies":[{"embeddable":true,"href":"https:\/\/www.sportchaco.com.ar\/index.php?rest_route=%2Fwp%2Fv2%2Fcomments&post=22054"}],"version-history":[{"count":4,"href":"https:\/\/www.sportchaco.com.ar\/index.php?rest_route=\/wp\/v2\/posts\/22054\/revisions"}],"predecessor-version":[{"id":22082,"href":"https:\/\/www.sportchaco.com.ar\/index.php?rest_route=\/wp\/v2\/posts\/22054\/revisions\/22082"}],"wp:featuredmedia":[{"embeddable":true,"href":"https:\/\/www.sportchaco.com.ar\/index.php?rest_route=\/wp\/v2\/media\/22081"}],"wp:attachment":[{"href":"https:\/\/www.sportchaco.com.ar\/index.php?rest_route=%2Fwp%2Fv2%2Fmedia&parent=22054"}],"wp:term":[{"taxonomy":"category","embeddable":true,"href":"https:\/\/www.sportchaco.com.ar\/index.php?rest_route=%2Fwp%2Fv2%2Fcategories&post=22054"},{"taxonomy":"post_tag","embeddable":true,"href":"https:\/\/www.sportchaco.com.ar\/index.php?rest_route=%2Fwp%2Fv2%2Ftags&post=22054"}],"curies":[{"name":"wp","href":"https:\/\/api.w.org\/{rel}","templated":true}]}}