{"id":2207,"date":"2023-10-25T12:38:14","date_gmt":"2023-10-25T15:38:14","guid":{"rendered":"https:\/\/www.sportchaco.com.ar\/?p=2207"},"modified":"2023-10-25T12:38:14","modified_gmt":"2023-10-25T15:38:14","slug":"se-cerro-el-fideicomiso-creado-para-pagar-las-deudas-de-independiente","status":"publish","type":"post","link":"https:\/\/www.sportchaco.com.ar\/?p=2207","title":{"rendered":"Se cerr\u00f3 el fideicomiso creado para pagar las deudas de Independiente"},"content":{"rendered":"<div class=\"wrapper-header\">\n<div class=\"container-xl\">\n<div class=\"row\">\n<div class=\"col-12\">\n<div class=\"head-content mb-4\">\n<div class=\"my-3\"><\/div>\n<p class=\"speak\">El influencer destac\u00f3 el impacto de la campa\u00f1a al recordar que con el dinero recaudado se pudo levantar inhibiciones e incorporar a futbolistas como Mancuello y Canelo, quien \u00abpudo hacer un gol en el cl\u00e1sico\u00bb contra Racing Club.<\/p>\n<\/div>\n<\/div>\n<\/div>\n<\/div>\n<\/div>\n<div class=\"wrapper-editable-content\">\n<div class=\"wrapper-info-note\">\n<div class=\"col-md-12\">\n<div class=\"wrapper-author-social\">\n<div class=\"author-box mb-4\">\n<div class=\"image\"><\/div>\n<\/div>\n<\/div>\n<\/div>\n<\/div>\n<div>\n<div class=\"wrapper-editable-content\">\n<div>\n<div class=\"container-md\">\n<div class=\"row\">\n<div class=\"col-md-12 speak\">\n<div class=\"paragraph\">\n<figure class=\"mb-3\"><img decoding=\"async\" class=\" lazy \" src=\"https:\/\/www.telam.com.ar\/thumbs\/bluesteel\/advf\/imagenes\/2023\/04\/644aa61a8d318_1200.jpg\" alt=\"Foto Lara Sartor \" width=\"100%\" height=\"100%\" \/><\/p>\n<div class=\"media-icons\"><\/div><figcaption>Foto Lara Sartor.<\/figcaption><\/figure>\n<p>El influencer Santiago Maratea anunci\u00f3 el cierre del fideicomiso que se cre\u00f3 para recaudar dinero de los hinchas y saldar las deudas de Independiente.<\/p>\n<p>A trav\u00e9s de una serie de historias en su cuenta de Instagram, la cara visible de la colecta confirm\u00f3 que al cumplirse los seis meses del fideicomiso se decidi\u00f3 cerrarlo para evitar el crecimiento de los gastos fijos mensuales.<\/p>\n<p>El influencer destac\u00f3 el impacto de la campa\u00f1a al recordar que con el dinero recaudado se pudo levantar inhibiciones e incorporar a futbolistas como (Federico) Mancuello y (Alexis) Canelo, quien \u00abpudo hacer un gol en el cl\u00e1sico\u00bb contra Racing Club.<\/p>\n<p><strong>Seg\u00fan explic\u00f3 Maratea, renovar el fideicomiso requer\u00eda un gasto mensual de diez millones de pesos para pagar auditores, abogados y contadores.<\/strong>\u00a0Adem\u00e1s, el medi\u00e1tico agreg\u00f3 que la colecta \u00abestaba frenada\u00bb.<\/p>\n<p>Maratea cerr\u00f3 el fideicomiso con un total de 1.226.757 pesos en la cuenta y cont\u00f3 que ese dinero ir\u00e1 al club que lo destinar\u00eda a las divisiones inferiores.<\/p>\n<p><strong>En los seis meses que dur\u00f3 la colecta, los hinchas aportaron poco m\u00e1s de tres millones de d\u00f3lares<\/strong>\u00a0con los que el club pudo pagar una parte importante de la deuda con Am\u00e9rica, de M\u00e9xico, y otra a Boca Juniors.<\/p>\n<p>Por \u00faltimo, Maratea cont\u00f3 que decidi\u00f3 no cobrar los \u00abdiez mil d\u00f3lares\u00bb que le correspond\u00edan: \u00abSe los regalo. Gracias por los que confiaron su plata en m\u00ed\u00bb, complet\u00f3.<\/p><\/div>\n<\/div>\n<\/div>\n<\/div>\n<\/div>\n<\/div>\n<\/div>\n<\/div>\n","protected":false},"excerpt":{"rendered":"<p>El influencer destac\u00f3 el impacto de la campa\u00f1a al recordar que con el dinero recaudado se pudo levantar inhibiciones e incorporar a futbolistas como Mancuello y Canelo, quien \u00abpudo hacer un gol en el cl\u00e1sico\u00bb contra Racing Club. Foto Lara Sartor. El influencer Santiago Maratea anunci\u00f3 el cierre del fideicomiso que se cre\u00f3 para recaudar &hellip;<\/p>\n","protected":false},"author":2,"featured_media":0,"comment_status":"open","ping_status":"open","sticky":false,"template":"","format":"standard","meta":{"footnotes":""},"categories":[47],"tags":[],"class_list":["post-2207","post","type-post","status-publish","format-standard","hentry","category-nacionales"],"_links":{"self":[{"href":"https:\/\/www.sportchaco.com.ar\/index.php?rest_route=\/wp\/v2\/posts\/2207","targetHints":{"allow":["GET"]}}],"collection":[{"href":"https:\/\/www.sportchaco.com.ar\/index.php?rest_route=\/wp\/v2\/posts"}],"about":[{"href":"https:\/\/www.sportchaco.com.ar\/index.php?rest_route=\/wp\/v2\/types\/post"}],"author":[{"embeddable":true,"href":"https:\/\/www.sportchaco.com.ar\/index.php?rest_route=\/wp\/v2\/users\/2"}],"replies":[{"embeddable":true,"href":"https:\/\/www.sportchaco.com.ar\/index.php?rest_route=%2Fwp%2Fv2%2Fcomments&post=2207"}],"version-history":[{"count":1,"href":"https:\/\/www.sportchaco.com.ar\/index.php?rest_route=\/wp\/v2\/posts\/2207\/revisions"}],"predecessor-version":[{"id":2208,"href":"https:\/\/www.sportchaco.com.ar\/index.php?rest_route=\/wp\/v2\/posts\/2207\/revisions\/2208"}],"wp:attachment":[{"href":"https:\/\/www.sportchaco.com.ar\/index.php?rest_route=%2Fwp%2Fv2%2Fmedia&parent=2207"}],"wp:term":[{"taxonomy":"category","embeddable":true,"href":"https:\/\/www.sportchaco.com.ar\/index.php?rest_route=%2Fwp%2Fv2%2Fcategories&post=2207"},{"taxonomy":"post_tag","embeddable":true,"href":"https:\/\/www.sportchaco.com.ar\/index.php?rest_route=%2Fwp%2Fv2%2Ftags&post=2207"}],"curies":[{"name":"wp","href":"https:\/\/api.w.org\/{rel}","templated":true}]}}