{"id":22086,"date":"2025-07-14T23:35:32","date_gmt":"2025-07-15T02:35:32","guid":{"rendered":"https:\/\/www.sportchaco.com.ar\/?p=22086"},"modified":"2025-07-14T23:37:01","modified_gmt":"2025-07-15T02:37:01","slug":"efemerides-del-15-de-julio","status":"publish","type":"post","link":"https:\/\/www.sportchaco.com.ar\/?p=22086","title":{"rendered":"Efem\u00e9rides del 15 de julio"},"content":{"rendered":"<div class=\"container fullwidth-entry-title-wrapper\">\n<div class=\"container-wrapper fullwidth-entry-title\">\n<header class=\"entry-header-outer\">\n<div class=\"entry-header\">\n<h1 class=\"post-title entry-title\">Efem\u00e9rides del 15 de julio<\/h1>\n<div class=\"single-post-meta post-meta clearfix\"><\/div>\n<\/div>\n<\/header>\n<\/div>\n<\/div>\n<div id=\"content\" class=\"site-content container\">\n<div id=\"main-content-row\" class=\"tie-row main-content-row\">\n<div class=\"main-content tie-col-md-8 tie-col-xs-12\" role=\"main\">\n<article id=\"the-post\" class=\"container-wrapper post-content tie-standard\">\n<div class=\"featured-area\">\n<div class=\"featured-area-inner\"><\/div>\n<\/div>\n<div class=\"entry-content entry clearfix\">\n<p><strong>Esta es la Efem\u00e9rides del Deporte en el Chaco de un 15 de julio periodista Luis Dar\u00edo Molodezky.<\/strong><\/p>\n<p><img loading=\"lazy\" decoding=\"async\" class=\"alignnone size-full wp-image-22055 aligncenter\" src=\"https:\/\/www.sportchaco.com.ar\/wp-content\/uploads\/2025\/07\/Luis-2025-marzo-3-2-e1749824875302-300x217-4.jpg\" alt=\"\" width=\"300\" height=\"217\" \/><\/p>\n<p>&nbsp;<\/p>\n<p><strong>1938\u00a0<\/strong>\/ Nace en Charata la Asociaci\u00f3n Civil, Cultural y Deportivo Libertad tras una reuni\u00f3n de vecinos en la chacra de Ernesto Bau, a una legua al oeste del pueblo. En f\u00fatbol comenz\u00f3 a militar en la Liga del Noroeste Chaque\u00f1o y consigui\u00f3 su primer t\u00edtulo en 1985, con la conquista del Selectivo que lo clasific\u00f3 para el Regional. Es elegido presidente Santos Benito; secretario: Romualdo Ramos; tesorero: Teolindo Avenda\u00f1o; protesorero: Francisco Jim\u00e9nez y vocales: Horacio Guzm\u00e1n y Leonor Guzm\u00e1n. La primera cancha se construye en un terreno cedido por Santos Bau. Posteriormente se traslada a la quinta de C\u00e9sar Tossi, quien al poco tiempo vende la propiedad, por lo que el club tuvo que buscar un nuevo destino. Cruzando el camino ocupa un espacio de la chacra de la familia Pe\u00f1uelas. De aquel origen campesino, el club se traslada al pueblo en 1942, instal\u00e1ndose en la quinta de Asociaci\u00f3n Espa\u00f1ola, cancha que hasta entonces era ocupada por el club V\u00e9lez Sarsfield.<\/p>\n<p><strong>1979\u00a0<\/strong>\/ Queda conformado el primer equipo de F\u00f3rmula Chaque\u00f1a \u201cChapibu\u00e9\u201d, integrado por Enrique Dionisi, Carlos G\u00f3mez Luna, Carlos I\u00f1iguez y Esteban Garc\u00eda. La presentaci\u00f3n no pudo ser m\u00e1s auspiciosa, ya que se impuso Dionisi en la competencia de General San Mart\u00edn.<\/p>\n<p><strong>2006\u00a0<\/strong>\/ Don Orione (foto) se consagra campe\u00f3n del Apertura de la Liga Chaque\u00f1a de F\u00fatbol, al superar en el \u00faltimo partido a Estudiantes por 3 a 1. El equipo portuario form\u00f3 con Leguizam\u00f3n; Osvaldo Fretes, Facundo Escobar y Carlos Sandoval; Guillermo Franco, Nicol\u00e1s Arbu\u00e9s, Gustavo Gauna y Roy Rub\u00edn (Rub\u00e9n R\u00edos); Norberto Maidana (Germ\u00e1n Galliotti), Leonardo Rodr\u00edguez y Diego Gim\u00e9nez. DT: Ra\u00fal Acosta. No ingresaron: Adri\u00e1n Sin\u00f3polis, Fernando G\u00f3mez y Cristian Duarte.<\/p>\n<p><img loading=\"lazy\" decoding=\"async\" class=\"attachment-jannah-image-post size-jannah-image-post wp-post-image\" src=\"https:\/\/www.sportchaco.com.ar\/wp-content\/uploads\/2024\/07\/Don-Orione-2006-780x390.jpg\" alt=\"\" width=\"780\" height=\"390\" data-main-img=\"1\" \/><\/p>\n<p><strong>2007\u00a0<\/strong>\/ Ana Codina se consagra campeona Argentina de Tenis de Mesa en el 53\u00ba Campeonato desarrollado en la ciudad cordobesa de Embalse R\u00edo III. Gan\u00f3 en las categor\u00edas Individual Damas Sub18 y Mayores. Adem\u00e1s junto a Karen Konig y Mariela Vargas lograron el Campeonato Argentino por Equipos Damas Mayores.<\/p>\n<p><strong>2007\u00a0<\/strong>\/ Jos\u00e9 Maldonado, Ricardo Bilbao y Ernesto Barberis festejaron el t\u00edtulo en las categor\u00edas veteranos B, C y D, respectivamente, al concluir el campeonato organizado por el Club Ciclista Centrochaque\u00f1o en el \u00f3valo que la entidad posee en inmediaciones de la rotonda de S\u00e1enz Pe\u00f1a.<\/p>\n<p><strong>2007\u00a0<\/strong>\/ Finaliza en Venezuela la Copa Am\u00e9rica que se disput\u00f3 desde el 25 de junio, y que fue cubierta por el periodista de Diario Norte, Luis Dar\u00edo Molodezky. El torneo fue ganado por Brasil que gole\u00f3 en la final a la Argentina por 3 a 0.<\/p>\n<\/div>\n<\/article>\n<p><strong>Foto portada: Publicaci\u00f3n de NORTE donde se anunciaba la conformaci\u00f3n del equipo Chapibu\u00e9.<\/strong><\/p>\n<\/div>\n<\/div>\n<\/div>\n","protected":false},"excerpt":{"rendered":"<p>Efem\u00e9rides del 15 de julio Esta es la Efem\u00e9rides del Deporte en el Chaco de un 15 de julio periodista Luis Dar\u00edo Molodezky. &nbsp; 1938\u00a0\/ Nace en Charata la Asociaci\u00f3n Civil, Cultural y Deportivo Libertad tras una reuni\u00f3n de vecinos en la chacra de Ernesto Bau, a una legua al oeste del pueblo. En f\u00fatbol &hellip;<\/p>\n","protected":false},"author":2,"featured_media":22088,"comment_status":"open","ping_status":"open","sticky":false,"template":"","format":"standard","meta":{"footnotes":""},"categories":[45,37],"tags":[],"class_list":["post-22086","post","type-post","status-publish","format-standard","has-post-thumbnail","hentry","category-efemerides-dia-por-dia","category-julio"],"_links":{"self":[{"href":"https:\/\/www.sportchaco.com.ar\/index.php?rest_route=\/wp\/v2\/posts\/22086","targetHints":{"allow":["GET"]}}],"collection":[{"href":"https:\/\/www.sportchaco.com.ar\/index.php?rest_route=\/wp\/v2\/posts"}],"about":[{"href":"https:\/\/www.sportchaco.com.ar\/index.php?rest_route=\/wp\/v2\/types\/post"}],"author":[{"embeddable":true,"href":"https:\/\/www.sportchaco.com.ar\/index.php?rest_route=\/wp\/v2\/users\/2"}],"replies":[{"embeddable":true,"href":"https:\/\/www.sportchaco.com.ar\/index.php?rest_route=%2Fwp%2Fv2%2Fcomments&post=22086"}],"version-history":[{"count":4,"href":"https:\/\/www.sportchaco.com.ar\/index.php?rest_route=\/wp\/v2\/posts\/22086\/revisions"}],"predecessor-version":[{"id":22129,"href":"https:\/\/www.sportchaco.com.ar\/index.php?rest_route=\/wp\/v2\/posts\/22086\/revisions\/22129"}],"wp:featuredmedia":[{"embeddable":true,"href":"https:\/\/www.sportchaco.com.ar\/index.php?rest_route=\/wp\/v2\/media\/22088"}],"wp:attachment":[{"href":"https:\/\/www.sportchaco.com.ar\/index.php?rest_route=%2Fwp%2Fv2%2Fmedia&parent=22086"}],"wp:term":[{"taxonomy":"category","embeddable":true,"href":"https:\/\/www.sportchaco.com.ar\/index.php?rest_route=%2Fwp%2Fv2%2Fcategories&post=22086"},{"taxonomy":"post_tag","embeddable":true,"href":"https:\/\/www.sportchaco.com.ar\/index.php?rest_route=%2Fwp%2Fv2%2Ftags&post=22086"}],"curies":[{"name":"wp","href":"https:\/\/api.w.org\/{rel}","templated":true}]}}