{"id":22102,"date":"2025-07-14T19:32:56","date_gmt":"2025-07-14T22:32:56","guid":{"rendered":"https:\/\/www.sportchaco.com.ar\/?p=22102"},"modified":"2025-07-14T19:33:56","modified_gmt":"2025-07-14T22:33:56","slug":"julia-pereyra-la-dama-de-los-deportes","status":"publish","type":"post","link":"https:\/\/www.sportchaco.com.ar\/?p=22102","title":{"rendered":"Julia Pereyra, la dama de los deportes"},"content":{"rendered":"<header>\n<h4><\/h4>\n<div>\n<h4>Julia Dolores Pereyra, exjugadora de b\u00e1squetbol, que marc\u00f3 una \u00e9poca brillante de los torneos femeninos, donde se llenaban las canchas. Practic\u00f3 otros deportes como el atletismo y el voleibol. Jug\u00f3 en Sarmiento e integr\u00f3 los seleccionados de Chaco a fines de la d\u00e9cada del 60. A los 78 a\u00f1os le sigue dando batalla a la vida, buscando una sociedad mejor para los chaque\u00f1os y los argentinos.<\/h4>\n<\/div>\n<div class=\"meta\"><\/div>\n<\/header>\n<section class=\"body\">\n<section class=\"content\">\n<div class=\"main-text\">\n<div class=\"social\">\n<div class=\"share\"><\/div>\n<\/div>\n<div class=\"left medium m_image\">\n<figure><picture><source srcset=\"https:\/\/www.diarionorte.com\/content\/bucket\/3\/202793w380h470c.jpg.webp\" type=\"image\/webp\" media=\"(min-width: 640px)\" \/><source srcset=\"https:\/\/www.diarionorte.com\/content\/bucket\/3\/202793w440h544c.jpg.webp\" type=\"image\/webp\" media=\"(min-width: 300px)\" \/><source srcset=\"https:\/\/www.diarionorte.com\/content\/bucket\/3\/202793w380h470c.jpg\" media=\"(min-width: 300px)\" \/><img loading=\"lazy\" decoding=\"async\" class=\"pic\" src=\"https:\/\/www.diarionorte.com\/content\/bucket\/3\/202793w380h470c.jpg.webp\" alt=\"\" width=\"380\" height=\"470\" \/><\/picture><figcaption>Julia Pereyra en la cancha de 12 de Octubre, cuando Sarmiento cumpli\u00f3 un ciclo invicto de 50 partidos.<\/figcaption><\/figure>\n<\/div>\n<p>Una historia de vida, que permiti\u00f3 formar una familia y hoy disfrutar de sus hijos y nietos.<\/p>\n<p><strong>-\u00bfC\u00f3mo fue tu vinculaci\u00f3n con el deporte?<\/strong><\/p>\n<p>-Los primeros contactos fueron en la escuela secundaria, y el atletismo fue lo primero que practique. Me inclin\u00e9 por el salto en alto. En una oportunidad que me acerqu\u00e9 al club Sarmiento en busca de una compa\u00f1era de estudios, comenzaba una pr\u00e1ctica. Claro, al verme con 1,80 metros los t\u00e9cnicos, inmediatamente me invitaron a participar. Uno de los entrenadores era de apellido Bentos, y el otro le dec\u00edan \u201ccabez\u00f3n\u201d, pero no recuerdo el apellido.<\/p>\n<p><strong>-\u00bfCon qui\u00e9nes compartiste en el club esos primeros tiempos?<\/strong><\/p>\n<p>-Estaban Guliano y su se\u00f1ora, Consuelo Garc\u00eda y otras personas que apoyaban al b\u00e1squetbol. Era la \u00faltima etapa de la presidencia de Carlos Reiche. Todos hicieron lo posible para que me incorpore y pueda entrenar.<\/p>\n<p><strong>-Las condiciones para practicar se complicaban por la distancia donde viv\u00edas&#8230;<\/strong><\/p>\n<p>-Claro, viv\u00eda en una pensi\u00f3n en Villa San Mart\u00edn y el club me quedaba lejos. Yo llegu\u00e9 para estudiar desde Colonia Elisa, porque ni all\u00ed ni en los alrededores hab\u00eda colegio secundario. Los entrenamientos terminaban tarde, alrededor de las 10 de la noche, y por aquel entonces no nos permit\u00edan andar solas. Los t\u00e9cnicos insist\u00edan en que quer\u00edan una jugadora con mi altura, y entonces tras una reuni\u00f3n de los directivos, ellos se turnaban para llevarme y traerme para hacer las pr\u00e1cticas y en los partidos.<\/p>\n<p><strong>-\u00bfFuiste la primera jugadora con rem\u00eds entonces?<\/strong><\/p>\n<p>-Seguro, no era com\u00fan, pero bueno, eso me hizo sentir bien, segura y con ganas. Hab\u00eda otra muy buena jugadora y de buena altura como Irene Bravo, y con la que nos complement\u00e1bamos muy bien.<\/p>\n<p><strong>-\u00bfC\u00f3mo te fue en el club?<\/strong><\/p>\n<div class=\"right medium m_image\">\n<figure><picture><source srcset=\"https:\/\/www.diarionorte.com\/content\/bucket\/2\/202792w380h449c.jpg.webp\" type=\"image\/webp\" media=\"(min-width: 640px)\" \/><source srcset=\"https:\/\/www.diarionorte.com\/content\/bucket\/2\/202792w440h519c.jpg.webp\" type=\"image\/webp\" media=\"(min-width: 300px)\" \/><source srcset=\"https:\/\/www.diarionorte.com\/content\/bucket\/2\/202792w380h449c.jpg\" media=\"(min-width: 300px)\" \/><img loading=\"lazy\" decoding=\"async\" class=\"pic\" src=\"https:\/\/www.diarionorte.com\/content\/bucket\/2\/202792w380h449c.jpg.webp\" alt=\"\" width=\"380\" height=\"449\" \/><\/picture><\/figure>\n<\/div>\n<p>-Bien, desde un principio pude incorporarme al grupo, y fuimos conformando un excelente equipo, que tuvo un largo invicto, casi que \u00e9ramos invencibles. Recuerdo un partido frente a 12 de octubre donde cumplimos 50 cotejos sin derrotas. Era bajo la presidencia de Julio Garc\u00eda, y nos premiaron con un viaje a las Cataratas del Iguaz\u00fa, que finalmente se hizo m\u00e1s corto, porque solo nos llevaron hasta Empedrado&#8230;<\/p>\n<p>&nbsp;<\/p>\n<p><strong>-\u00bfC\u00f3mo entrenaban, c\u00f3mo era el b\u00e1squet femenino?<\/strong><\/p>\n<p>-Todos los d\u00edas, menos los lunes. En una \u00e9poca anterior, hubo muy buen b\u00e1squetbol y el Chaco con prestigio nacional. El equipo de nuestra provincia fue subcampe\u00f3n en los Torneos Evita, de un evento ganado por Buenos Aires. En la \u00e9poca que yo me incorpor\u00e9 fue un renacer de la actividad, ya a fines de la d\u00e9cada del 60 cuando distintos clubes se sumaron y se realizaban competencias locales. Entre otros equipos estaban V\u00e9lez Sarsfield, 12 de octubre, dos equipos de Margarita Bel\u00e9n, San Mart\u00edn y Cooperativista, un equipo de Barranqueras y siempre se sumaba a los torneos El Tala de Corrientes.<\/p>\n<p><iframe loading=\"lazy\" title=\"5F1H   Julia Dolores Pereira BLOQUE 1\" width=\"500\" height=\"281\" src=\"https:\/\/www.youtube.com\/embed\/5bhGRjbT8wg?feature=oembed\" frameborder=\"0\" allow=\"accelerometer; autoplay; clipboard-write; encrypted-media; gyroscope; picture-in-picture; web-share\" referrerpolicy=\"strict-origin-when-cross-origin\" allowfullscreen><\/iframe><\/p>\n<p><strong>-Fuiste la primera jugadora profesional de b\u00e1squetbol&#8230;<\/strong><\/p>\n<p>-S\u00ed, muchos no lo saben (risas) &#8230; El f\u00fatbol llevaba toda la atenci\u00f3n y tambi\u00e9n la recaudaci\u00f3n&#8230; Cuando termin\u00e9 la secundaria, mi madre no me pod\u00eda pagar los estudios, as\u00ed que de vuelta al pago. Se lo dije a los dirigentes y me fui, estuve cuatro meses en Presidencia de La Plaza. Un d\u00eda llegaron al pago Guliano, Seoane y sus se\u00f1oras, para hablar con mi mam\u00e1. Volv\u00ed a Resistencia con pensi\u00f3n paga, unos pesos para los gastos y trabajo en la secretar\u00eda del club. Pero se trataba de un pacto secreto, que no deb\u00eda llegar a o\u00eddos de los jugadores de f\u00fatbol.<\/p>\n<p><iframe loading=\"lazy\" title=\"5F1H   Julia Dolores Pereira BLOQUE 2\" width=\"500\" height=\"281\" src=\"https:\/\/www.youtube.com\/embed\/0LvZ0kwIyus?feature=oembed\" frameborder=\"0\" allow=\"accelerometer; autoplay; clipboard-write; encrypted-media; gyroscope; picture-in-picture; web-share\" referrerpolicy=\"strict-origin-when-cross-origin\" allowfullscreen><\/iframe><\/p>\n<p><strong>-\u00bfC\u00f3mo era Sarmiento por aquellos a\u00f1os?<\/strong><\/p>\n<p>-Cuando Carlos Reiche se va de la presidencia, estaba la cancha de f\u00fatbol con tribunas de madera, donde hoy est\u00e1n las torres. La cancha de b\u00e1squetbol era el piso de mosaicos, dos tableros de madera y nada m\u00e1s. Estaba orientado en sentido contrario a la que tiene hoy, es decir que los tableros daban espaldas a las calles Tucum\u00e1n (hoy Per\u00f3n) y Salta. La secretar\u00eda, muy chica, estaba entre ambas canchas. Ah\u00ed se produjo la llegada de Julio Garc\u00eda que fue un boom en su momento, por los \u00e9xitos deportivos, la conducci\u00f3n que provoc\u00f3 un ingreso masivo de socios. Julio ten\u00eda todos los contactos en Buenos Aires y consigui\u00f3 muchas cosas. Arregl\u00f3 las tribunas del f\u00fatbol, mejor\u00f3 un poco la de b\u00e1squetbol, la cancha de bochas y lo que fue el \u00e9xito para la \u00e9poca, el natatorio. Fue una gesti\u00f3n realizada a trav\u00e9s de Enrique Kistermacher.<\/p>\n<div class=\"center large m_image\">\n<figure><picture><source srcset=\"https:\/\/www.diarionorte.com\/content\/bucket\/1\/202791w790h650c.jpg.webp\" type=\"image\/webp\" media=\"(min-width: 640px)\" \/><source srcset=\"https:\/\/www.diarionorte.com\/content\/bucket\/1\/202791w440h362c.jpg.webp\" type=\"image\/webp\" media=\"(min-width: 300px)\" \/><source srcset=\"https:\/\/www.diarionorte.com\/content\/bucket\/1\/202791w790h650c.jpg\" media=\"(min-width: 300px)\" \/><img loading=\"lazy\" decoding=\"async\" class=\"pic\" src=\"https:\/\/www.diarionorte.com\/content\/bucket\/1\/202791w790h650c.jpg.webp\" alt=\"\" width=\"790\" height=\"650\" \/><\/picture><figcaption>La otra pasi\u00f3n, el atletismo. Aqu\u00ed practicando el salto en alto, en el Parque 2 de Febrero cuando era estudiante en el secundario.<\/figcaption><\/figure>\n<\/div>\n<p><strong>-\u00bfLa pasaste bien en el atletismo?<\/strong><\/p>\n<p>-A mis siempre me gust\u00f3 el deporte, y practicaba atletismo en el Parque 2 de febrero. Mi especialidad era el salto en alto. La estatura siempre te da una chance en el deporte, y me sent\u00eda bien en todos lados. Practiqu\u00e9 voleibol aunque por ah\u00ed no me fue tan bien. Tengo brazos finos y no ten\u00eda tanta fuerza&#8230;<\/p>\n<p><strong>-Aunque por ah\u00ed se pon\u00edan duros los <\/strong><strong>partidos, como en Paraguay contra una brasile\u00f1a, codo y codo&#8230;<\/strong><\/p>\n<p><iframe loading=\"lazy\" title=\"5F1H   Julia Dolores Pereira BLOQUE 3\" width=\"500\" height=\"281\" src=\"https:\/\/www.youtube.com\/embed\/uMt-aRH_ceg?feature=oembed\" frameborder=\"0\" allow=\"accelerometer; autoplay; clipboard-write; encrypted-media; gyroscope; picture-in-picture; web-share\" referrerpolicy=\"strict-origin-when-cross-origin\" allowfullscreen><\/iframe><\/p>\n<p>-No, era tan enorme, que no la pod\u00eda marcar. As\u00ed que la pisaba y no la dejaba saltar. Se enojaba tanto&#8230; Se quejaba al juez, pero como no pod\u00eda se iba fuera de la llave, e igual met\u00eda y me miraba sobradora (risas).<\/p>\n<p><strong>-En Salta el equipo de Chaco fue sexto, ante grandes selecciones como Capital Federal, Buenos Aires, Entre R\u00edos&#8230; No fueron campeonas pero trajimos la reina&#8230;<\/strong><\/p>\n<p><img loading=\"lazy\" decoding=\"async\" class=\"alignnone size-medium wp-image-22104\" src=\"https:\/\/www.sportchaco.com.ar\/wp-content\/uploads\/2025\/07\/Julia-pereyra-equipo-2-300x201.jpg\" alt=\"\" width=\"300\" height=\"201\" srcset=\"https:\/\/www.sportchaco.com.ar\/wp-content\/uploads\/2025\/07\/Julia-pereyra-equipo-2-300x201.jpg 300w, https:\/\/www.sportchaco.com.ar\/wp-content\/uploads\/2025\/07\/Julia-pereyra-equipo-2-1024x687.jpg 1024w, https:\/\/www.sportchaco.com.ar\/wp-content\/uploads\/2025\/07\/Julia-pereyra-equipo-2-768x515.jpg 768w, https:\/\/www.sportchaco.com.ar\/wp-content\/uploads\/2025\/07\/Julia-pereyra-equipo-2.jpg 1254w\" sizes=\"auto, (max-width: 300px) 100vw, 300px\" \/><img loading=\"lazy\" decoding=\"async\" class=\"alignnone wp-image-22105\" src=\"https:\/\/www.sportchaco.com.ar\/wp-content\/uploads\/2025\/07\/Julia-Peryra-equipo-1-300x184.jpg\" alt=\"\" width=\"323\" height=\"198\" srcset=\"https:\/\/www.sportchaco.com.ar\/wp-content\/uploads\/2025\/07\/Julia-Peryra-equipo-1-300x184.jpg 300w, https:\/\/www.sportchaco.com.ar\/wp-content\/uploads\/2025\/07\/Julia-Peryra-equipo-1-1024x629.jpg 1024w, https:\/\/www.sportchaco.com.ar\/wp-content\/uploads\/2025\/07\/Julia-Peryra-equipo-1-768x472.jpg 768w, https:\/\/www.sportchaco.com.ar\/wp-content\/uploads\/2025\/07\/Julia-Peryra-equipo-1.jpg 1280w\" sizes=\"auto, (max-width: 323px) 100vw, 323px\" \/><\/p>\n<p>-Me da un poco de pudor, pero fue un momento muy grato. No era la m\u00e1s linda del campeonato, porque hab\u00eda hermosas mujeres. Pero ocurre que muchas veces uno le cae bien a un pueblo, y as\u00ed fue con los salte\u00f1os. Ellos fueron mis acompa\u00f1antes durante todo el torneo. El club Vial me dio una medalla de oro. Todav\u00eda no s\u00e9 si porque fui reina o la mejor jugadora. Atr\u00e1s solo dice el a\u00f1o. Tengo un recuerdo hermoso de ese campeonato. Fue un viaje terrible en micro, fuimos por Santiago del Estero. Llegamos todos empolvados.<\/p>\n<p><strong>-\u00bfHasta qu\u00e9 edad jugaste?<\/strong><\/p>\n<p>Fue hasta los 24 a\u00f1os, cuando me cas\u00e9. Despu\u00e9s me dediqu\u00e9 a mi familia&#8230;<\/p>\n<p><strong>-Fue con el vicepresidente del club&#8230; &#8211;<\/strong><\/p>\n<p>S\u00ed, era Kelo Gronda (Ra\u00fal Alejo). Con \u00e9l form\u00e9 un hogar y tuve dos hijos, que ahora est\u00e1n viejos (risas), no s\u00e9 qu\u00e9 es lo que pasa. Siempre los cargo a los chicos. Hermosos hijos que los amo con toda el alma, y que me dieron siete nietos, tres nenas y cuatro varones.<\/p>\n<p><strong>-En definitiva, \u00bfqu\u00e9 signific\u00f3 para vos el deporte?<\/strong><\/p>\n<div class=\"right medium m_image\">\n<figure><picture><source srcset=\"https:\/\/www.diarionorte.com\/content\/bucket\/4\/202794w380h293c.jpg.webp\" type=\"image\/webp\" media=\"(min-width: 640px)\" \/><source srcset=\"https:\/\/www.diarionorte.com\/content\/bucket\/4\/202794w440h339c.jpg.webp\" type=\"image\/webp\" media=\"(min-width: 300px)\" \/><source srcset=\"https:\/\/www.diarionorte.com\/content\/bucket\/4\/202794w380h293c.jpg\" media=\"(min-width: 300px)\" \/><img loading=\"lazy\" decoding=\"async\" class=\"pic\" src=\"https:\/\/www.diarionorte.com\/content\/bucket\/4\/202794w380h293c.jpg.webp\" alt=\"\" width=\"380\" height=\"293\" \/><\/picture><figcaption>Una luchadora de la vida, Julia Pereyra, disfrutando de su familia.<\/figcaption><\/figure>\n<\/div>\n<p>-Todo. La limpieza del alma, aprender a pelearle a la vida, no te olvides que me quedo viuda a los 37 a\u00f1os y tuve que mandarme a la vida, tener dos trabajos y no aflojar, donde no se pod\u00eda perder. Siempre al frente, y creo que eso me lo dio el deporte.<\/p>\n<p><strong>-Un mensaje para los j\u00f3venes&#8230;<\/strong><\/p>\n<p>-Que practiquen cualquier deporte, el que les guste m\u00e1s. Las chicas por ah\u00ed en nuestra \u00e9poca no ten\u00edamos oportunidades. A los 21 a\u00f1os me quisieron llevar a jugar a Paraguay y no me lo permitieron, y ni siquiera lo discut\u00ed. Era otra \u00e9poca. Dos veces estuve a pr\u00e9stamo en Olimpia, pero cuando quisieron que me instale en Asunci\u00f3n, no tuve permiso. Yo aconsejar\u00eda a los padres que acompa\u00f1en a sus hijos.<\/p>\n<div class=\"temas floatFix\">\n<h6>\u00abTodav\u00eda salto y brinco cuando estoy de buen humor\u00bb, dice esta mujer que escribi\u00f3 una p\u00e1gina en la historia del deporte chaque\u00f1a, aunque nacida en la capital correntina un 18 de diciembre de 1946, pero criada entre Colonia Elisa y un poco en Presidencia de la Plaza.<\/h6>\n<\/div>\n<\/div>\n<\/section>\n<\/section>\n","protected":false},"excerpt":{"rendered":"<p>Julia Dolores Pereyra, exjugadora de b\u00e1squetbol, que marc\u00f3 una \u00e9poca brillante de los torneos femeninos, donde se llenaban las canchas. Practic\u00f3 otros deportes como el atletismo y el voleibol. Jug\u00f3 en Sarmiento e integr\u00f3 los seleccionados de Chaco a fines de la d\u00e9cada del 60. A los 78 a\u00f1os le sigue dando batalla a la &hellip;<\/p>\n","protected":false},"author":2,"featured_media":22107,"comment_status":"open","ping_status":"open","sticky":false,"template":"","format":"standard","meta":{"footnotes":""},"categories":[1],"tags":[],"class_list":["post-22102","post","type-post","status-publish","format-standard","has-post-thumbnail","hentry","category-fotos-del-recuerdo"],"_links":{"self":[{"href":"https:\/\/www.sportchaco.com.ar\/index.php?rest_route=\/wp\/v2\/posts\/22102","targetHints":{"allow":["GET"]}}],"collection":[{"href":"https:\/\/www.sportchaco.com.ar\/index.php?rest_route=\/wp\/v2\/posts"}],"about":[{"href":"https:\/\/www.sportchaco.com.ar\/index.php?rest_route=\/wp\/v2\/types\/post"}],"author":[{"embeddable":true,"href":"https:\/\/www.sportchaco.com.ar\/index.php?rest_route=\/wp\/v2\/users\/2"}],"replies":[{"embeddable":true,"href":"https:\/\/www.sportchaco.com.ar\/index.php?rest_route=%2Fwp%2Fv2%2Fcomments&post=22102"}],"version-history":[{"count":5,"href":"https:\/\/www.sportchaco.com.ar\/index.php?rest_route=\/wp\/v2\/posts\/22102\/revisions"}],"predecessor-version":[{"id":22117,"href":"https:\/\/www.sportchaco.com.ar\/index.php?rest_route=\/wp\/v2\/posts\/22102\/revisions\/22117"}],"wp:featuredmedia":[{"embeddable":true,"href":"https:\/\/www.sportchaco.com.ar\/index.php?rest_route=\/wp\/v2\/media\/22107"}],"wp:attachment":[{"href":"https:\/\/www.sportchaco.com.ar\/index.php?rest_route=%2Fwp%2Fv2%2Fmedia&parent=22102"}],"wp:term":[{"taxonomy":"category","embeddable":true,"href":"https:\/\/www.sportchaco.com.ar\/index.php?rest_route=%2Fwp%2Fv2%2Fcategories&post=22102"},{"taxonomy":"post_tag","embeddable":true,"href":"https:\/\/www.sportchaco.com.ar\/index.php?rest_route=%2Fwp%2Fv2%2Ftags&post=22102"}],"curies":[{"name":"wp","href":"https:\/\/api.w.org\/{rel}","templated":true}]}}