{"id":22130,"date":"2025-07-15T11:01:22","date_gmt":"2025-07-15T14:01:22","guid":{"rendered":"https:\/\/www.sportchaco.com.ar\/?p=22130"},"modified":"2025-07-15T11:01:43","modified_gmt":"2025-07-15T14:01:43","slug":"fernando-closter-viaja-con-la-selecion-sub-20","status":"publish","type":"post","link":"https:\/\/www.sportchaco.com.ar\/?p=22130","title":{"rendered":"Fernando Closter viaja con la Seleci\u00f3n Sub-20"},"content":{"rendered":"<div class=\"xdj266r x14z9mp xat24cr x1lziwak x1vvkbs x126k92a\">\n<h5 dir=\"auto\"><\/h5>\n<\/div>\n<div class=\"x14z9mp xat24cr x1lziwak x1vvkbs xtlvy1s x126k92a\">\n<h5 dir=\"auto\">Fernando Closter es un jugador chaque\u00f1o que est\u00e1 en Independiente y estar\u00e1 en el prestigioso torneo de L\u2019Alc\u00fadia con la Selecci\u00f3n Argentina Sub-20<\/h5>\n<div dir=\"auto\">Se trata de Fernando Closter (@_fernandocloster), el joven categor\u00eda 2008 nacido en la ciudad de Juan Jos\u00e9 Castelli en la provincia del Chaco.<\/div>\n<\/div>\n<div class=\"x14z9mp xat24cr x1lziwak x1vvkbs xtlvy1s x126k92a\">\n<div dir=\"auto\">La Selecci\u00f3n juvenil de Argentina viaja nuevamente a Valencia para participar como invitado del Torneo internacional de f\u00fatbol sub-20 de la Alcudia (COTIF) desde el 20 julio 2025 al 30 julio del 2025.<\/div>\n<div dir=\"auto\">El pasado viernes la cuenta oficial de AFA present\u00f3 la lista de convocados de Diego Placente (entrenador de la sub-20 Arg), confirm\u00f3 que la Albiceleste acudir\u00e1 al certamen con futbolistas Sub-17 para que puedan tener rodaje de preparaci\u00f3n de cara al Mundial de la categor\u00eda que se disputar\u00e1 en noviembre.<\/div>\n<\/div>\n<div class=\"x14z9mp xat24cr x1lziwak x1vvkbs xtlvy1s x126k92a\">\n<div dir=\"auto\">\u00bfQui\u00e9n es Fernando Closter? Es uno de los proyectos a futuro m\u00e1s prometedores de la reserva de Independiente, lleg\u00f3 al club en 2022 y hoy con 16 a\u00f1os (18\/07\/2008) se gan\u00f3 la titularidad como zaguero central en el equipo. Destacado por su 1.84m con buen porte f\u00edsico, y un buen juego a\u00e9reo con dominio del uno contra uno.<\/div>\n<div dir=\"auto\">Este gran presente no solo le consigui\u00f3 un contrato profesional con el club de Avellaneda hasta diciembre del 2027, sino que tambi\u00e9n lo llev\u00f3 a jugar el Sudamericano Sub-17 disputado en Colombia a principios de este a\u00f1o.<\/div>\n<\/div>\n<div class=\"x14z9mp xat24cr x1lziwak x1vvkbs xtlvy1s x126k92a\">\n<div dir=\"auto\">Argentina comparte el grupo B del COTIF con el ADH-Brasil sub-20, Valencia FC U20 y Chile sub-20, este \u00faltimo rival con el que va a debutar el pr\u00f3ximo lunes 21 de julio.<\/div>\n<\/div>\n<div class=\"x14z9mp xat24cr x1lziwak x1vvkbs xtlvy1s x126k92a\">\n<div dir=\"auto\">Redacci\u00f3n: Uriel S\u00e1nchez. Fotograf\u00eda: AFA, Fernando Closter.<\/div>\n<\/div>\n<div class=\"x14z9mp xat24cr x1lziwak x1vvkbs xtlvy1s x126k92a\">\n<div dir=\"auto\"><span class=\"html-span xdj266r x14z9mp xat24cr x1lziwak xexx8yu xyri2b x18d9i69 x1c1uobl x1hl2dhg x16tdsg8 x1vvkbs\"><a class=\"x1i10hfl xjbqb8w x1ejq31n x18oe1m7 x1sy0etr xstzfhl x972fbf x10w94by x1qhh985 x14e42zd x9f619 x1ypdohk xt0psk2 xe8uvvx xdj266r x14z9mp xat24cr x1lziwak xexx8yu xyri2b x18d9i69 x1c1uobl x16tdsg8 x1hl2dhg xggy1nq x1a2a7pz xkrqix3 x1sur9pj x1fey0fg x1s688f\" tabindex=\"0\" role=\"link\" href=\"https:\/\/www.facebook.com\/hashtag\/programaoffside?__eep__=6&amp;__cft__[0]=AZUyeFh7USq7zIBMBqGs--O4p1H2hEKxndT9jUQuYUZXET9IKqKi3kjf9FffXCCJhTqzduIjSf_n8rSmIS8jvKCbVej5LZQKOix94_C1T5-HUJt70Q57ufSUW_ohGmNhq4ovH92FbE47zZqYOnippfVcVER0S2kXAY4NRcJGMciS_z8BhAtkZe2umVc6wCVnA1MqX4qELnzw_Q4uXva7Ce9a\">#ProgramaOFFSIDE<\/a><\/span> <span class=\"html-span xexx8yu xyri2b x18d9i69 x1c1uobl x1hl2dhg x16tdsg8 x1vvkbs x3nfvp2 x1j61x8r x1fcty0u xdj266r xat24cr xm2jcoa x1mpyi22 xxymvpz xlup9mm x1kky2od\"><img loading=\"lazy\" decoding=\"async\" class=\"xz74otr x15mokao x1ga7v0g x16uus16 xbiv7yw\" src=\"https:\/\/static.xx.fbcdn.net\/images\/emoji.php\/v9\/t7e\/1\/16\/1f3a4.png\" alt=\"\" width=\"16\" height=\"16\" \/><\/span><span class=\"html-span xexx8yu xyri2b x18d9i69 x1c1uobl x1hl2dhg x16tdsg8 x1vvkbs x3nfvp2 x1j61x8r x1fcty0u xdj266r xat24cr xm2jcoa x1mpyi22 xxymvpz xlup9mm x1kky2od\"><img loading=\"lazy\" decoding=\"async\" class=\"xz74otr x15mokao x1ga7v0g x16uus16 xbiv7yw\" src=\"https:\/\/static.xx.fbcdn.net\/images\/emoji.php\/v9\/taf\/1\/16\/26bd.png\" alt=\"\u26bd\ufe0f\" width=\"16\" height=\"16\" \/><\/span><\/div>\n<div dir=\"auto\">fuente: Pasi\u00f3n deportiva (FACE)<\/div>\n<\/div>\n","protected":false},"excerpt":{"rendered":"<p>Fernando Closter es un jugador chaque\u00f1o que est\u00e1 en Independiente y estar\u00e1 en el prestigioso torneo de L\u2019Alc\u00fadia con la Selecci\u00f3n Argentina Sub-20 Se trata de Fernando Closter (@_fernandocloster), el joven categor\u00eda 2008 nacido en la ciudad de Juan Jos\u00e9 Castelli en la provincia del Chaco. La Selecci\u00f3n juvenil de Argentina viaja nuevamente a Valencia &hellip;<\/p>\n","protected":false},"author":2,"featured_media":22131,"comment_status":"open","ping_status":"open","sticky":false,"template":"","format":"standard","meta":{"footnotes":""},"categories":[72],"tags":[],"class_list":["post-22130","post","type-post","status-publish","format-standard","has-post-thumbnail","hentry","category-futbol-puro"],"_links":{"self":[{"href":"https:\/\/www.sportchaco.com.ar\/index.php?rest_route=\/wp\/v2\/posts\/22130","targetHints":{"allow":["GET"]}}],"collection":[{"href":"https:\/\/www.sportchaco.com.ar\/index.php?rest_route=\/wp\/v2\/posts"}],"about":[{"href":"https:\/\/www.sportchaco.com.ar\/index.php?rest_route=\/wp\/v2\/types\/post"}],"author":[{"embeddable":true,"href":"https:\/\/www.sportchaco.com.ar\/index.php?rest_route=\/wp\/v2\/users\/2"}],"replies":[{"embeddable":true,"href":"https:\/\/www.sportchaco.com.ar\/index.php?rest_route=%2Fwp%2Fv2%2Fcomments&post=22130"}],"version-history":[{"count":2,"href":"https:\/\/www.sportchaco.com.ar\/index.php?rest_route=\/wp\/v2\/posts\/22130\/revisions"}],"predecessor-version":[{"id":22133,"href":"https:\/\/www.sportchaco.com.ar\/index.php?rest_route=\/wp\/v2\/posts\/22130\/revisions\/22133"}],"wp:featuredmedia":[{"embeddable":true,"href":"https:\/\/www.sportchaco.com.ar\/index.php?rest_route=\/wp\/v2\/media\/22131"}],"wp:attachment":[{"href":"https:\/\/www.sportchaco.com.ar\/index.php?rest_route=%2Fwp%2Fv2%2Fmedia&parent=22130"}],"wp:term":[{"taxonomy":"category","embeddable":true,"href":"https:\/\/www.sportchaco.com.ar\/index.php?rest_route=%2Fwp%2Fv2%2Fcategories&post=22130"},{"taxonomy":"post_tag","embeddable":true,"href":"https:\/\/www.sportchaco.com.ar\/index.php?rest_route=%2Fwp%2Fv2%2Ftags&post=22130"}],"curies":[{"name":"wp","href":"https:\/\/api.w.org\/{rel}","templated":true}]}}