{"id":22134,"date":"2025-07-15T11:34:00","date_gmt":"2025-07-15T14:34:00","guid":{"rendered":"https:\/\/www.sportchaco.com.ar\/?p=22134"},"modified":"2025-07-15T18:40:02","modified_gmt":"2025-07-15T21:40:02","slug":"fallecio-aldo-bernal-el-pollo-de-san-martin-de-margarita-belen","status":"publish","type":"post","link":"https:\/\/www.sportchaco.com.ar\/?p=22134","title":{"rendered":"Falleci\u00f3 Aldo Bernal, el \u00abpollo\u00bb de San Mart\u00edn de Margarita Bel\u00e9n"},"content":{"rendered":"<h5>En la jornada de hoy falleci\u00f3 Aldo \u00abPollo\u00bb Bernal, quien se destacar\u00e1 en diversos rubros sociales, pero que en esta p\u00e1gina lo recordamos por su paso por el b\u00e1squetbol fundamentalmente.<\/h5>\n<p>&nbsp;<\/p>\n<div>\n<div class=\"x78zum5 xdt5ytf\" data-virtualized=\"false\">\n<div class=\"x9f619 x1n2onr6 x1ja2u2z\">\n<div>\n<div>\n<div class=\"__fb-light-mode x1n2onr6\" role=\"row\">\n<div>\n<div class=\"x78zum5 xdt5ytf x1n2onr6\" tabindex=\"-1\" role=\"gridcell\" data-release-focus-from=\"CLICK\" data-scope=\"messages_table\">\n<div class=\"html-div xdj266r x14z9mp xat24cr x1lziwak xexx8yu xyri2b x18d9i69 x1c1uobl x78zum5 x13a6bvl x1eb86dx\">\n<div class=\"html-div x1lziwak xexx8yu xyri2b x18d9i69 x1c1uobl x1jfb8zj xod5an3 x14iifvp x1gslohp\">\n<p>Aldo Dar\u00edo Bernal naci\u00f3 un 4 de agosto de 1952 a la rivera de su querido Riacho In\u00e9. Por decisi\u00f3n familiar se vio obligado a LA MUDANZA de su lugar de origen para asentarse en Margarita Bel\u00e9n.<\/p>\n<p>Curso sus estudios primarios en la Escuela N\u00b012 Francisco Agostini de la misma localidad. Fue vicepresidente del club 4 A y la presidencia la ejerc\u00eda una docente de la escuela. El mencionado club depend\u00eda del INTA de Colonia Ben\u00edtez y tenia por objeto, asesorar, instruir a vecinos de la localidad sobre cultivos y siembra.<\/p>\n<p>Fue radioaficionado con su licencia LU3 GCX y activo colaborador en el Chaco Radio Club de Resistencia.<\/p>\n<p>Forj\u00f3 la comisi\u00f3n encargada de reunir fondos para la construcci\u00f3n del actual edificio donde funciona la E.E.E. N.\u00ba 15.<\/p>\n<p>Realizador de la \u00abExpo Margarita\u00bb desarrollados en la E.E.P. N.\u00ba 12 \u00abFrancisco Agostini\u00bb.<\/p>\n<p>Radioaficionado, locutor de programas como \u00abNuestras Cosas\u00bb \u00abSer Protagonista\u00bb y \u00abLa Campana\u00bb.<\/p>\n<p>Presidente de la asociaci\u00f3n civil de amigos de Margarita Bel\u00e9n, creador del festival del Chipa cuerito y la torta parrilla (Este domingo tiene su 15\u00b0 edici\u00f3n, siendo el evento m\u00e1s grande y popular de Margarita Bel\u00e9n)<\/p>\n<p>Autor de libros como \u00abAstillas de mi Pueblo\u00bb y \u00abRumores del In\u00e9 Vol. I\u00bb<\/p>\n<p>Creador y dise\u00f1ador de la Revista Algod\u00f3n, cultura pueblera. Con un tiraje mensual durante 11 a\u00f1os. Esta revista transmit\u00eda los acontecimientos sociales y culturales de los distintos pueblos del Departamento y la regi\u00f3n y alentaba al lector a participar de la misma, contribuyendo as\u00ed a que muchos despu\u00e9s se animen a escribir sus propios libros.<\/p>\n<p><strong>FUENTE: Pedro Dowmat<\/strong><\/p>\n<\/div>\n<\/div>\n<\/div>\n<\/div>\n<\/div>\n<\/div>\n<\/div>\n<\/div>\n<\/div>\n<\/div>\n<div class=\"postdate\"><strong>EL BASQUETBOL<\/strong><\/div>\n<div><\/div>\n<div>El Pollo Bernal fue un destacado jugador de b\u00e1squetbol de San Mart\u00edn de Margarita Bel\u00e9n, que participaba con buen suceso de los torneos de la Asociaci\u00f3n Resistencia en Primera A y B, y que ten\u00eda una local\u00eda muy fuerte.<\/div>\n<div><\/div>\n<div>Como en esta foto que Bernal aparece con la 15, tuvo muchos y buenos jugadores. Pero Bernal adem\u00e1s fue escritor y participante de la distintas movidas culturales de la localidad. Hacedor de la revista \u00abAlgod\u00f3n\u00bb, conductor de programas en los inicios de las FM, mentor e impulsor de la Fiesta de la Torta Frita y chipa cuerito, evento ya incorporado al pueblo.<\/div>\n<div>\n<div>\n<div class=\"x78zum5 xdt5ytf\" data-virtualized=\"false\">\n<div class=\"x9f619 x1n2onr6 x1ja2u2z\">\n<div>\n<div>\n<div class=\"__fb-light-mode x1n2onr6\" role=\"row\">\n<div>\n<div class=\"x78zum5 xdt5ytf x1n2onr6\" tabindex=\"0\" role=\"gridcell\" data-release-focus-from=\"CLICK\" data-scope=\"messages_table\">\n<div class=\"html-div xdj266r x14z9mp xat24cr x1lziwak xexx8yu xyri2b x18d9i69 x1c1uobl x78zum5 x1eb86dx\">\n<div class=\"html-div xdj266r x14z9mp xat24cr x1lziwak xexx8yu x1c1uobl x1eb86dx x78zum5 x1c4vz4f x2lah0s x18061mc xfp3qos\">\n<div class=\"html-div xdj266r x14z9mp xat24cr x1lziwak xexx8yu xyri2b x18d9i69 x1c1uobl x78zum5 xpvyfi4\">\n<div class=\"html-div xdj266r x14z9mp xat24cr x1lziwak xexx8yu x18d9i69 x1h91t0o xkh2ocl x78zum5 xdt5ytf x13a6bvl x193iq5w x1c4vz4f x1eb86dx xf159sx xdmgqn6\" role=\"presentation\">\n<div class=\"xgd8bvy\"><\/div>\n<\/div>\n<\/div>\n<\/div>\n<div class=\"html-div xdj266r x14z9mp xat24cr x1lziwak xexx8yu xyri2b x18d9i69 x1c1uobl xeuugli x1vjfegm\">\n<div>\n<div class=\"html-div xdj266r x14z9mp xat24cr x1lziwak xexx8yu xyri2b x18d9i69 x1c1uobl x78zum5 xh8yej3\" role=\"presentation\">\n<div class=\"x1cy8zhl x78zum5 xdt5ytf x193iq5w x1n2onr6 x1kxipp6\">\n<div class=\"x78zum5 xh8yej3\" role=\"none\">\n<div class=\"html-div xdj266r x14z9mp xat24cr x1lziwak xexx8yu xyri2b x18d9i69 x1c1uobl x6ikm8r x10wlt62\">\n<div class=\"html-div xdj266r x14z9mp xat24cr x1lziwak x14ctfv x13sv91t x6ikm8r x10wlt62 xerhiuh x1pn3fxy x10zy8in xm9bcq3 x1n2onr6 x1vjfegm x1k4qllp x1mzt3pk x13faqbe x1xr0vuk x1jm4cbz x114wg8e xrrpcnn x14rx4xb x13fuv20 x18b5jzi x1q0q8m5 x1t7ytsu x19livfd x1h2krnu x3p3xfz xet2kk3 xaymx6s x1lu5o8o x1ou5ly4 x1pczhz8\" role=\"presentation\">\n<div class=\"html-div xexx8yu xyri2b x18d9i69 x1c1uobl x1gslohp x14z9mp x12nagc x1lziwak x1yc453h x126k92a x18lvrbx\" dir=\"auto\">Fue empleado judicial en General San Mart\u00edn y director de la revista Algod\u00f3n, tambi\u00e9n condujo junto a W\u00e1lter Gerzel programa emblem\u00e1tico en Margarita Bel\u00e9n. Tuvo muchas publicaciones historia de la zona y su gente.<\/div>\n<\/div>\n<\/div>\n<div class=\"html-div xdj266r x14z9mp xat24cr x1lziwak xexx8yu xyri2b x18d9i69 x1c1uobl x1r8uery x1iyjqo2\" role=\"presentation\"><strong>Fuente: Javier Jenefes<\/strong><\/div>\n<div role=\"presentation\"><strong>Fuente propia<\/strong><\/div>\n<div role=\"presentation\"><strong>Foto SMMB: Ale Rodr\u00edguez<\/strong><\/div>\n<\/div>\n<\/div>\n<div class=\"html-div xdj266r x14z9mp xat24cr x1lziwak xexx8yu xyri2b x18d9i69 x1c1uobl x1h91t0o xkh2ocl x78zum5 xdt5ytf x13a6bvl x193iq5w x1iyjqo2 x1eb86dx\" role=\"presentation\"><\/div>\n<\/div>\n<\/div>\n<\/div>\n<\/div>\n<\/div>\n<\/div>\n<\/div>\n<\/div>\n<\/div>\n<\/div>\n<\/div>\n<\/div>\n<div>\n<div class=\"x78zum5 xdt5ytf\" data-virtualized=\"false\">\n<div class=\"x9f619 x1n2onr6 x1ja2u2z\">\n<div>\n<div>\n<div class=\"__fb-light-mode x1n2onr6\" role=\"row\">\n<div>\n<div class=\"x78zum5 xdt5ytf x1n2onr6\" tabindex=\"-1\" role=\"gridcell\" data-release-focus-from=\"CLICK\" data-scope=\"messages_table\">\n<div class=\"html-div xdj266r x14z9mp xat24cr x1lziwak xexx8yu xyri2b x18d9i69 x1c1uobl x78zum5 x1eb86dx\">\n<div class=\"html-div xdj266r x14z9mp xat24cr x1lziwak xexx8yu x1c1uobl x1eb86dx x78zum5 x1c4vz4f x2lah0s x18061mc xfp3qos\">\n<div class=\"html-div xdj266r x14z9mp xat24cr x1lziwak xexx8yu xyri2b x18d9i69 x1c1uobl x78zum5 xpvyfi4\">\n<div class=\"html-div xdj266r x14z9mp xat24cr x1lziwak xexx8yu x18d9i69 x1h91t0o xkh2ocl x78zum5 xdt5ytf x13a6bvl x193iq5w x1c4vz4f x1eb86dx xf159sx xdmgqn6\" role=\"presentation\">\n<div class=\"xgd8bvy\">\n<div class=\"xuk3077 x78zum5 x2lah0s x1fgtraw x193iq5w xgd8bvy\" aria-hidden=\"true\"><\/div>\n<\/div>\n<\/div>\n<\/div>\n<\/div>\n<div class=\"html-div xdj266r x14z9mp xat24cr x1lziwak xexx8yu xyri2b x18d9i69 x1c1uobl xeuugli x1vjfegm\">\n<div>\n<div class=\"html-div xdj266r x14z9mp xat24cr x1lziwak xexx8yu xyri2b x18d9i69 x1c1uobl x78zum5 xh8yej3\" role=\"presentation\">\n<div class=\"x1cy8zhl x78zum5 xdt5ytf x193iq5w x1n2onr6 x1kxipp6\">\n<div class=\"x1eb86dx x36qwtl xh8yej3\"><\/div>\n<div class=\"x78zum5 xh8yej3\" role=\"none\">\n<div class=\"html-div xdj266r x14z9mp xat24cr x1lziwak xexx8yu xyri2b x18d9i69 x1c1uobl x6ikm8r x10wlt62\">\n<div class=\"html-div xdj266r x14z9mp xat24cr x1lziwak x14ctfv x13sv91t x6ikm8r x10wlt62 xerhiuh x1pn3fxy x10zy8in xm9bcq3 x1n2onr6 x1vjfegm x1k4qllp x1mzt3pk x13faqbe x1xr0vuk x1jm4cbz x114wg8e xrrpcnn x14rx4xb x13fuv20 x18b5jzi x1q0q8m5 x1t7ytsu x19livfd x1h2krnu x3p3xfz xet2kk3 x1lu5o8o x1ou5ly4 xofb2d2 xjwep3j\" role=\"presentation\">\n<div class=\"html-div xexx8yu xyri2b x18d9i69 x1c1uobl x1gslohp x14z9mp x12nagc x1lziwak x1yc453h x126k92a x18lvrbx\" dir=\"auto\">Fue el mentor del festival del chipa cuerito,y eventos varios afinados en la cultura local<\/div>\n<\/div>\n<\/div>\n<\/div>\n<\/div>\n<\/div>\n<\/div>\n<\/div>\n<\/div>\n<\/div>\n<\/div>\n<\/div>\n<\/div>\n<\/div>\n<\/div>\n<\/div>\n<\/div>\n<\/div>\n<div><\/div>\n<div class=\"entry\">\n<p><img loading=\"lazy\" decoding=\"async\" src=\"http:\/\/www.superbasquet.com\/wp-content\/uploads\/2018\/07\/San-Martin-MB.jpg\" alt=\"\" width=\"600\" height=\"419\" \/><\/p>\n<p>En la foto de Alejandro Rodr\u00edguez aparecen con la 13 su padre,\u00a0 7 Juan Carlos Toledo, 9 Miguel Falc\u00f3n, 6\u00a0 Antonio Irala, 14 Pepe Bruno, 8 Almir\u00f3n, 10 Carlos Estrella, 11 Maldonado,<\/p>\n<p>FUENTE: Pedro Domat<\/p>\n<p>&nbsp;<\/p>\n<\/div>\n","protected":false},"excerpt":{"rendered":"<p>En la jornada de hoy falleci\u00f3 Aldo \u00abPollo\u00bb Bernal, quien se destacar\u00e1 en diversos rubros sociales, pero que en esta p\u00e1gina lo recordamos por su paso por el b\u00e1squetbol fundamentalmente. &nbsp; Aldo Dar\u00edo Bernal naci\u00f3 un 4 de agosto de 1952 a la rivera de su querido Riacho In\u00e9. Por decisi\u00f3n familiar se vio obligado &hellip;<\/p>\n","protected":false},"author":2,"featured_media":22135,"comment_status":"open","ping_status":"open","sticky":false,"template":"","format":"standard","meta":{"footnotes":""},"categories":[3],"tags":[],"class_list":["post-22134","post","type-post","status-publish","format-standard","has-post-thumbnail","hentry","category-basquetbol"],"_links":{"self":[{"href":"https:\/\/www.sportchaco.com.ar\/index.php?rest_route=\/wp\/v2\/posts\/22134","targetHints":{"allow":["GET"]}}],"collection":[{"href":"https:\/\/www.sportchaco.com.ar\/index.php?rest_route=\/wp\/v2\/posts"}],"about":[{"href":"https:\/\/www.sportchaco.com.ar\/index.php?rest_route=\/wp\/v2\/types\/post"}],"author":[{"embeddable":true,"href":"https:\/\/www.sportchaco.com.ar\/index.php?rest_route=\/wp\/v2\/users\/2"}],"replies":[{"embeddable":true,"href":"https:\/\/www.sportchaco.com.ar\/index.php?rest_route=%2Fwp%2Fv2%2Fcomments&post=22134"}],"version-history":[{"count":9,"href":"https:\/\/www.sportchaco.com.ar\/index.php?rest_route=\/wp\/v2\/posts\/22134\/revisions"}],"predecessor-version":[{"id":22152,"href":"https:\/\/www.sportchaco.com.ar\/index.php?rest_route=\/wp\/v2\/posts\/22134\/revisions\/22152"}],"wp:featuredmedia":[{"embeddable":true,"href":"https:\/\/www.sportchaco.com.ar\/index.php?rest_route=\/wp\/v2\/media\/22135"}],"wp:attachment":[{"href":"https:\/\/www.sportchaco.com.ar\/index.php?rest_route=%2Fwp%2Fv2%2Fmedia&parent=22134"}],"wp:term":[{"taxonomy":"category","embeddable":true,"href":"https:\/\/www.sportchaco.com.ar\/index.php?rest_route=%2Fwp%2Fv2%2Fcategories&post=22134"},{"taxonomy":"post_tag","embeddable":true,"href":"https:\/\/www.sportchaco.com.ar\/index.php?rest_route=%2Fwp%2Fv2%2Ftags&post=22134"}],"curies":[{"name":"wp","href":"https:\/\/api.w.org\/{rel}","templated":true}]}}