{"id":2214,"date":"2023-10-26T00:01:16","date_gmt":"2023-10-26T03:01:16","guid":{"rendered":"https:\/\/www.sportchaco.com.ar\/?p=2214"},"modified":"2023-10-26T07:04:41","modified_gmt":"2023-10-26T10:04:41","slug":"efemerides-del-chaco-del-26-de-octubre","status":"publish","type":"post","link":"https:\/\/www.sportchaco.com.ar\/?p=2214","title":{"rendered":"Efem\u00e9rides del Chaco del 26 de octubre"},"content":{"rendered":"<p><strong>Efem\u00e9rides del deporte chaque\u00f1o de un 26 de octubre por el periodista Luis Dar\u00edo Molodezky.<\/strong><\/p>\n<p><img loading=\"lazy\" decoding=\"async\" class=\"alignnone wp-image-2088\" src=\"https:\/\/www.sportchaco.com.ar\/wp-content\/uploads\/2023\/10\/Luis-D-SP-e1698068195309-235x300.jpg\" alt=\"\" width=\"124\" height=\"158\" srcset=\"https:\/\/www.sportchaco.com.ar\/wp-content\/uploads\/2023\/10\/Luis-D-SP-e1698068195309-235x300.jpg 235w, https:\/\/www.sportchaco.com.ar\/wp-content\/uploads\/2023\/10\/Luis-D-SP-e1698068195309.jpg 249w\" sizes=\"auto, (max-width: 124px) 100vw, 124px\" \/><\/p>\n<p>&nbsp;<\/p>\n<p><strong>1929 <\/strong>\/ En la segunda carrera que se disputa en el circuito del Aero Club Chaco, se produjo un grave accidente donde pierde la vida Eduardo Frick, que en el momento del vuelco punteaba la competencia. Su acompa\u00f1ante de apellido Benetti, result\u00f3 ileso. Este hecho desmoraliz\u00f3 a los organizadores, que vieron c\u00f3mo se fue apagando la vida del incipiente Autom\u00f3vil Club Chaco, que desapareci\u00f3 en 1931.<\/p>\n<p>&nbsp;<\/p>\n<p><strong>1952 <\/strong>\/ Se disputa la cuarta Vuelta del Chaco, y fue ganada por el platense Alberto Logulo, con Cupe Ford V 8 a un promedio de 109,176 km\/hora. Es segundo el piloto de Arroyo Seco, Domingo Lucente \u00abRico Tipo\u00bb (Ford), y tercero Eduardo \u00abLolo\u00bb Carauni con Ford.<\/p>\n<p>&nbsp;<\/p>\n<p>&nbsp;<\/p>\n<p>&nbsp;<\/p>\n<p><strong>1959 <\/strong>\/ Chaco se adjudica, en cancha de Don Bosco, el Certamen de B\u00e1squetbol del Nordeste al derrotar en la final a Corrientes por 58 a 52.<\/p>\n<p>&nbsp;<\/p>\n<p><strong>1986 <\/strong>\/ Jorge Mehechen en la Clase D y Horacio Paterno en la F\u00f3rmula, se consagran campeones del Zonal, tras disputarse la \u00faltima fecha en el Aut\u00f3dromo de Resistencia.<\/p>\n<p>&nbsp;<\/p>\n<p><strong>2008 <\/strong>\/ En Santa Fe capital, Flexi Gym clasific\u00f3 campeonas a sus alumnas en el Torneo Regional de Danza y Movimiento, organizado por la Asociaci\u00f3n Santafesina de Aer\u00f3bica, Danza y Fitnnes.<\/p>\n<p>&nbsp;<\/p>\n<p>&nbsp;<\/p>\n<p><strong>2014 \/<\/strong> A los 92 fallece en Resistencia Oldrich (Aldo) Mich\u00e1n, unos de los primeros fot\u00f3grafos del Chaco. \u00a0Cubri\u00f3 de acontecimientos sociales, policiales y deportivos. Hizo trabajos especiales para El Gr\u00e1fico, cubriendo f\u00fatbol y carreras nacionales que pasaban por el Chaco. Fue directivo e intendente del Club Central Norte de Resistencia. Su primera c\u00e1mara y ampliadora forman parte del patrimonio cultural del Chaco y fueron donadas al Museo del Hombre Chaque\u00f1o durante la gesti\u00f3n de Ertivio Acosta. Hab\u00eda nacido en la capital chaque\u00f1a el 10 de agosto de 1922.<\/p>\n<p>&nbsp;<\/p>\n<p>Foto del turco Jorge Daniel Mehechen en un cl\u00e1sico de la \u00e9poca con Quique Urrutia<\/p>\n","protected":false},"excerpt":{"rendered":"<p>Efem\u00e9rides del deporte chaque\u00f1o de un 26 de octubre por el periodista Luis Dar\u00edo Molodezky. &nbsp; 1929 \/ En la segunda carrera que se disputa en el circuito del Aero Club Chaco, se produjo un grave accidente donde pierde la vida Eduardo Frick, que en el momento del vuelco punteaba la competencia. Su acompa\u00f1ante de &hellip;<\/p>\n","protected":false},"author":2,"featured_media":2218,"comment_status":"open","ping_status":"open","sticky":false,"template":"","format":"standard","meta":{"footnotes":""},"categories":[45],"tags":[],"class_list":["post-2214","post","type-post","status-publish","format-standard","has-post-thumbnail","hentry","category-efemerides-dia-por-dia"],"_links":{"self":[{"href":"https:\/\/www.sportchaco.com.ar\/index.php?rest_route=\/wp\/v2\/posts\/2214","targetHints":{"allow":["GET"]}}],"collection":[{"href":"https:\/\/www.sportchaco.com.ar\/index.php?rest_route=\/wp\/v2\/posts"}],"about":[{"href":"https:\/\/www.sportchaco.com.ar\/index.php?rest_route=\/wp\/v2\/types\/post"}],"author":[{"embeddable":true,"href":"https:\/\/www.sportchaco.com.ar\/index.php?rest_route=\/wp\/v2\/users\/2"}],"replies":[{"embeddable":true,"href":"https:\/\/www.sportchaco.com.ar\/index.php?rest_route=%2Fwp%2Fv2%2Fcomments&post=2214"}],"version-history":[{"count":3,"href":"https:\/\/www.sportchaco.com.ar\/index.php?rest_route=\/wp\/v2\/posts\/2214\/revisions"}],"predecessor-version":[{"id":2220,"href":"https:\/\/www.sportchaco.com.ar\/index.php?rest_route=\/wp\/v2\/posts\/2214\/revisions\/2220"}],"wp:featuredmedia":[{"embeddable":true,"href":"https:\/\/www.sportchaco.com.ar\/index.php?rest_route=\/wp\/v2\/media\/2218"}],"wp:attachment":[{"href":"https:\/\/www.sportchaco.com.ar\/index.php?rest_route=%2Fwp%2Fv2%2Fmedia&parent=2214"}],"wp:term":[{"taxonomy":"category","embeddable":true,"href":"https:\/\/www.sportchaco.com.ar\/index.php?rest_route=%2Fwp%2Fv2%2Fcategories&post=2214"},{"taxonomy":"post_tag","embeddable":true,"href":"https:\/\/www.sportchaco.com.ar\/index.php?rest_route=%2Fwp%2Fv2%2Ftags&post=2214"}],"curies":[{"name":"wp","href":"https:\/\/api.w.org\/{rel}","templated":true}]}}