{"id":22159,"date":"2025-07-15T23:01:16","date_gmt":"2025-07-16T02:01:16","guid":{"rendered":"https:\/\/www.sportchaco.com.ar\/?p=22159"},"modified":"2025-07-15T23:01:57","modified_gmt":"2025-07-16T02:01:57","slug":"efemerides-del-16-del-julio-2","status":"publish","type":"post","link":"https:\/\/www.sportchaco.com.ar\/?p=22159","title":{"rendered":"Efem\u00e9rides del 16 del julio"},"content":{"rendered":"<div class=\"container fullwidth-entry-title-wrapper\">\n<div class=\"container-wrapper fullwidth-entry-title\">\n<header class=\"entry-header-outer\">\n<div class=\"entry-header\">\n<h1 class=\"post-title entry-title\"><\/h1>\n<div class=\"single-post-meta post-meta clearfix\"><\/div>\n<\/div>\n<\/header>\n<\/div>\n<\/div>\n<div id=\"content\" class=\"site-content container\">\n<div id=\"main-content-row\" class=\"tie-row main-content-row\">\n<div class=\"main-content tie-col-md-8 tie-col-xs-12\" role=\"main\">\n<article id=\"the-post\" class=\"container-wrapper post-content tie-standard\">\n<div class=\"featured-area\">\n<div class=\"featured-area-inner\">\n<figure class=\"single-featured-image\"><img loading=\"lazy\" decoding=\"async\" class=\"attachment-jannah-image-post size-jannah-image-post wp-post-image\" src=\"https:\/\/www.sportchaco.com.ar\/wp-content\/uploads\/2024\/07\/Eduardo-Orcola-Recalde-piloto-y-Acosta-periodista-780x470.jpg\" alt=\"\" width=\"780\" height=\"470\" data-main-img=\"1\" \/><\/figure>\n<\/div>\n<\/div>\n<div class=\"entry-content entry clearfix\">\n<h5><strong>Esta es la Efem\u00e9rides del Deporte en el Chaco de un 16 de julio periodista Luis Dar\u00edo Molodezky.<\/strong><\/h5>\n<p>&nbsp;<\/p>\n<p><strong>1948 \/<\/strong>\u00a0134 cupecitas del TC se alistaron para clasificar y largar la primera etapa de la Vuelta del Chaco, organizada por el novel Chaco Automoto Club. Se anotaron 32 tripulaciones chaque\u00f1as. Fueron 1.465 km. por caminos y picadas polvorientos del Chaco. Eusebio Marcilla se llev\u00f3 la victoria de aquella carrera pero la sorpresa fue el cuarto puesto logrado por el chaque\u00f1o Eduardo Jer\u00f3nimo Orcola (foto) y su acompa\u00f1ante Blas Gorosito, tras el ganador, Ernesto Petrini y Daimo Bojanich. La clasificaci\u00f3n se disput\u00f3 en el per\u00edmetro del Parque 2 de Febrero, y la gan\u00f3 Daniel Musso con un tiempo de 1\u201911\u201d1\/5 y el mejor chaque\u00f1o fue Solveyra Tomkinson con 1\u201913\u201d1\/5 en el d\u00e9cimo lugar de la general.<\/p>\n<p><img loading=\"lazy\" decoding=\"async\" class=\"alignnone size-medium wp-image-11597\" src=\"https:\/\/www.sportchaco.com.ar\/wp-content\/uploads\/2024\/07\/oRCOLA-CARACAS-AGAZZANI-1-300x247.jpg\" sizes=\"auto, (max-width: 300px) 100vw, 300px\" srcset=\"https:\/\/www.sportchaco.com.ar\/wp-content\/uploads\/2024\/07\/oRCOLA-CARACAS-AGAZZANI-1-300x247.jpg 300w, https:\/\/www.sportchaco.com.ar\/wp-content\/uploads\/2024\/07\/oRCOLA-CARACAS-AGAZZANI-1.jpg 600w\" alt=\"\" width=\"300\" height=\"247\" \/><\/p>\n<p><strong>1948 \/<\/strong>\u00a0El chaque\u00f1o Baltazar\u00a0<em>Tatalo\u00a0<\/em>Dom\u00ednguez empata en Resistencia con el uruguayo Romero Mora, que ese a\u00f1o se radica en Resistencia y logr\u00f3 7 victorias. Romero Mora hizo casi toda su campa\u00f1a en la Argentina y la cerr\u00f3 frente a Jos\u00e9 Mar\u00eda Gatica en el Luna Park.<\/p>\n<p><img loading=\"lazy\" decoding=\"async\" class=\"alignnone size-medium wp-image-22160\" src=\"https:\/\/www.sportchaco.com.ar\/wp-content\/uploads\/2025\/07\/Tatalo-Dominguez-11-217x300.jpg\" alt=\"\" width=\"217\" height=\"300\" srcset=\"https:\/\/www.sportchaco.com.ar\/wp-content\/uploads\/2025\/07\/Tatalo-Dominguez-11-217x300.jpg 217w, https:\/\/www.sportchaco.com.ar\/wp-content\/uploads\/2025\/07\/Tatalo-Dominguez-11.jpg 435w\" sizes=\"auto, (max-width: 217px) 100vw, 217px\" \/><\/p>\n<p>1954 \/ Se funda el Club Yap\u00fa Guaz\u00fa de Resistencia, (\u201cmentiroso grande\u201d en idioma guaran\u00ed) que tiene su camping y guarder\u00eda de lanchas en Antequera y sede en la ciudad de Resistencia. Obtuvo la personer\u00eda jur\u00eddica el 9 de enero de 1957.<\/p>\n<p><strong>1969 \/<\/strong>\u00a0En el campeonato Argentino de Novicios de boxeo disputado en Mendoza, F\u00e9lix Ram\u00f3n Rodr\u00edguez le gan\u00f3 al santiague\u00f1o Jos\u00e9 Salvatierra \u2013 tras cinco brillantes rounds \u2013 y se consagr\u00f3 campe\u00f3n argentino. Mientras que Florencio Soto (Kid Chocolate) y el charatense Horacio Ar\u00e9valos se clasificaron subcampeones despu\u00e9s de caer derrotados en las peleas finales. Los p\u00fagiles chaque\u00f1os fueron dirigidos por Domingo D\u2019El\u00eda (p). El periodista Mario Ismael Nalli de El Territorio calific\u00f3 como \u201cuna fecha grabada a fuego en el historial del pugilismo chaque\u00f1o\u201d.<\/p>\n<p><strong>2006\u00a0<\/strong><strong>\/<\/strong>\u00a0Con 142 golpes, el aficionado Ignacio Maidana se impone en la quinta fecha del Torneo Federativo disputado en el Chaco Golf Club.<\/p>\n<p><strong>2023 \/<\/strong>\u00a0Ana Marta Codina se qued\u00f3 con el 68\u00b0 Campeonato Argentino de tenis de mesa que se disput\u00f3 en el Parque Ol\u00edmpico. Venci\u00f3 a venci\u00f3 a Candela Molero\u00a0por 4-0 en la final y se volvi\u00f3 a quedar con el t\u00edtulo m\u00e1s importante de nuestro pa\u00eds, el torneo m\u00e1s emblem\u00e1tico y de mayor jerarqu\u00eda del Circuito Nacional, fue un \u00e9xito.<\/p>\n<p>&nbsp;<\/p>\n<\/div>\n<\/article>\n<\/div>\n<\/div>\n<\/div>\n","protected":false},"excerpt":{"rendered":"<p>Esta es la Efem\u00e9rides del Deporte en el Chaco de un 16 de julio periodista Luis Dar\u00edo Molodezky. &nbsp; 1948 \/\u00a0134 cupecitas del TC se alistaron para clasificar y largar la primera etapa de la Vuelta del Chaco, organizada por el novel Chaco Automoto Club. Se anotaron 32 tripulaciones chaque\u00f1as. Fueron 1.465 km. por caminos &hellip;<\/p>\n","protected":false},"author":2,"featured_media":22161,"comment_status":"open","ping_status":"open","sticky":false,"template":"","format":"standard","meta":{"footnotes":""},"categories":[45,37],"tags":[],"class_list":["post-22159","post","type-post","status-publish","format-standard","has-post-thumbnail","hentry","category-efemerides-dia-por-dia","category-julio"],"_links":{"self":[{"href":"https:\/\/www.sportchaco.com.ar\/index.php?rest_route=\/wp\/v2\/posts\/22159","targetHints":{"allow":["GET"]}}],"collection":[{"href":"https:\/\/www.sportchaco.com.ar\/index.php?rest_route=\/wp\/v2\/posts"}],"about":[{"href":"https:\/\/www.sportchaco.com.ar\/index.php?rest_route=\/wp\/v2\/types\/post"}],"author":[{"embeddable":true,"href":"https:\/\/www.sportchaco.com.ar\/index.php?rest_route=\/wp\/v2\/users\/2"}],"replies":[{"embeddable":true,"href":"https:\/\/www.sportchaco.com.ar\/index.php?rest_route=%2Fwp%2Fv2%2Fcomments&post=22159"}],"version-history":[{"count":1,"href":"https:\/\/www.sportchaco.com.ar\/index.php?rest_route=\/wp\/v2\/posts\/22159\/revisions"}],"predecessor-version":[{"id":22162,"href":"https:\/\/www.sportchaco.com.ar\/index.php?rest_route=\/wp\/v2\/posts\/22159\/revisions\/22162"}],"wp:featuredmedia":[{"embeddable":true,"href":"https:\/\/www.sportchaco.com.ar\/index.php?rest_route=\/wp\/v2\/media\/22161"}],"wp:attachment":[{"href":"https:\/\/www.sportchaco.com.ar\/index.php?rest_route=%2Fwp%2Fv2%2Fmedia&parent=22159"}],"wp:term":[{"taxonomy":"category","embeddable":true,"href":"https:\/\/www.sportchaco.com.ar\/index.php?rest_route=%2Fwp%2Fv2%2Fcategories&post=22159"},{"taxonomy":"post_tag","embeddable":true,"href":"https:\/\/www.sportchaco.com.ar\/index.php?rest_route=%2Fwp%2Fv2%2Ftags&post=22159"}],"curies":[{"name":"wp","href":"https:\/\/api.w.org\/{rel}","templated":true}]}}