{"id":22164,"date":"2025-07-15T22:46:12","date_gmt":"2025-07-16T01:46:12","guid":{"rendered":"https:\/\/www.sportchaco.com.ar\/?p=22164"},"modified":"2025-07-15T22:56:36","modified_gmt":"2025-07-16T01:56:36","slug":"palito-rey-un-auto-exiliado-que-triunfo-en-europa","status":"publish","type":"post","link":"https:\/\/www.sportchaco.com.ar\/?p=22164","title":{"rendered":"Palito Rey, un auto exiliado que triunfo en Europa"},"content":{"rendered":"<p><strong>Palito Rey cumple el a\u00f1o pr\u00f3ximo \u00ab50 a\u00f1os de auto exilio\u00bb. Con su t\u00edtulo de arquitecto en 1976 se subi\u00f3 a un barco en Buenos Aires y se baj\u00f3 en Barcelona. Busc\u00f3 trabajo de cualquier cosa y el destino lo llev\u00f3 a Madrid, donde consigui\u00f3 una \u00abchanguita\u00bb en Andorra, que lo marc\u00f3 para siempre. El b\u00e1squetbol le abri\u00f3 la puerta a su nuevo destino de vida<\/strong><\/p>\n<p>&nbsp;<\/p>\n<p style=\"text-align: center;\">\u00a0<img loading=\"lazy\" decoding=\"async\" class=\"alignnone wp-image-22166\" src=\"https:\/\/www.sportchaco.com.ar\/wp-content\/uploads\/2025\/07\/Villa-San-Martin--300x218.jpeg\" alt=\"\" width=\"429\" height=\"312\" srcset=\"https:\/\/www.sportchaco.com.ar\/wp-content\/uploads\/2025\/07\/Villa-San-Martin--300x218.jpeg 300w, https:\/\/www.sportchaco.com.ar\/wp-content\/uploads\/2025\/07\/Villa-San-Martin-.jpeg 720w\" sizes=\"auto, (max-width: 429px) 100vw, 429px\" \/><\/p>\n<p><strong>Rub\u00e9n \u201cPalito\u201d Rey recuerda con nostalgia sus inicios en Villa San Mart\u00edn<\/strong>, el club que marc\u00f3 su trayectoria y donde comenz\u00f3 a forjar amistades que perdurar\u00edan a lo largo de su vida. Desde muy joven, el b\u00e1squetbol se convirti\u00f3 en su pasi\u00f3n, un refugio en medio de la convulsi\u00f3n que viv\u00eda Argentina durante la d\u00e9cada del 70. Cada tarde, el sonido del bal\u00f3n rebotando en la cancha de Villa se entrelazaba con las risas y gritos de sus compa\u00f1eros, creando un ambiente de camarader\u00eda que siempre atesorar\u00eda.<\/p>\n<p>\u201cRecuerdo a mis compa\u00f1eros, que siempre estaban dispuestos a dar lo mejor de s\u00ed en cada partido\u201d, comenta Palito, evocando momentos que ahora parecen lejanos pero que siguen vivos en su memoria. La cancha era su segundo hogar, un lugar donde olvidaban las dificultades y disfrutaban del juego. En ese espacio compartido, no solo se formaron como jugadores, sino que tambi\u00e9n se cimentaron lazos que trascendieron lo deportivo.<\/p>\n<p><strong>La Selecci\u00f3n Chaque\u00f1a fue un paso importante en su carrera.<\/strong> Representar a su provincia fue un honor y, cada vez que vest\u00eda la camiseta, sent\u00eda el peso de la responsabilidad. \u201cEra un momento \u00fanico, jugar con los mejores de mi generaci\u00f3n, compartir entrenamientos y partidos que nos llevaban a so\u00f1ar con el \u00e9xito\u201d, recuerda. A pesar de los retos, hab\u00eda un sentido de unidad y esfuerzo que los impulsaba a seguir adelante.<\/p>\n<p>A medida que el b\u00e1squetbol se entrelazaba con su vida profesional, Palito nunca dej\u00f3 de lado su carrera en arquitectura, que hab\u00eda comenzado en esos d\u00edas en Resistencia. La construcci\u00f3n de su futuro, tanto en el deporte como en su profesi\u00f3n, fue un equilibrio complicado, pero gratificante. Cada victoria en la cancha era un motivo de celebraci\u00f3n, as\u00ed como cada proyecto arquitect\u00f3nico exitoso.<\/p>\n<p><strong>En 1976, sin embargo, el destino lo llev\u00f3 a Europa, a un nuevo cap\u00edtulo en Andorra. Aunque dej\u00f3 atr\u00e1s a muchos amigos y compa\u00f1eros de equipo, la ciudad le ofreci\u00f3 nuevas oportunidades.<\/strong> \u201cNunca olvidar\u00e9 a Villa San Mart\u00edn, siempre ser\u00e1 parte de m\u00ed\u201d, afirma con melancol\u00eda. En Andorra, continu\u00f3 jugando al b\u00e1squetbol amateur, formando nuevos v\u00ednculos y participando en un equipo que hab\u00eda crecido gracias a la llegada de inmigrantes como \u00e9l.<\/p>\n<p><strong>Con el tiempo, Palito se destac\u00f3 en su profesi\u00f3n y sigui\u00f3 contribuyendo al mundo del deporte. Su vida ha estado marcada por la solidaridad, y su regreso a Argentina no solo signific\u00f3 reencontrarse con sus ra\u00edces, sino tambi\u00e9n ayudar a quienes m\u00e1s lo necesitaban en su tierra natal<\/strong>. \u201cMis a\u00f1os en Resistencia me ense\u00f1aron sobre la comunidad, el apoyo mutuo y la importancia de estar presente\u201d, concluye.<\/p>\n<p>As\u00ed, la historia de Rub\u00e9n \u201cPalito\u201d Rey es un testimonio de superaci\u00f3n, amistad y compromiso, donde el b\u00e1squetbol se convierte en el hilo conductor de una vida llena de experiencias y ense\u00f1anzas que sigue compartiendo desde Andorra, con un coraz\u00f3n siempre ligado a su amado Chaco.<\/p>\n<p><img loading=\"lazy\" decoding=\"async\" class=\"alignnone wp-image-22168\" src=\"https:\/\/www.sportchaco.com.ar\/wp-content\/uploads\/2025\/07\/Ruben-Rey-11-300x225.jpg\" alt=\"\" width=\"400\" height=\"300\" srcset=\"https:\/\/www.sportchaco.com.ar\/wp-content\/uploads\/2025\/07\/Ruben-Rey-11-300x225.jpg 300w, https:\/\/www.sportchaco.com.ar\/wp-content\/uploads\/2025\/07\/Ruben-Rey-11-1024x769.jpg 1024w, https:\/\/www.sportchaco.com.ar\/wp-content\/uploads\/2025\/07\/Ruben-Rey-11-768x577.jpg 768w, https:\/\/www.sportchaco.com.ar\/wp-content\/uploads\/2025\/07\/Ruben-Rey-11.jpg 1156w\" sizes=\"auto, (max-width: 400px) 100vw, 400px\" \/> <img loading=\"lazy\" decoding=\"async\" class=\"alignnone size-medium wp-image-22169\" src=\"https:\/\/www.sportchaco.com.ar\/wp-content\/uploads\/2025\/07\/ruben-rey-12-225x300.jpg\" alt=\"\" width=\"225\" height=\"300\" srcset=\"https:\/\/www.sportchaco.com.ar\/wp-content\/uploads\/2025\/07\/ruben-rey-12-225x300.jpg 225w, https:\/\/www.sportchaco.com.ar\/wp-content\/uploads\/2025\/07\/ruben-rey-12-769x1024.jpg 769w, https:\/\/www.sportchaco.com.ar\/wp-content\/uploads\/2025\/07\/ruben-rey-12-768x1023.jpg 768w, https:\/\/www.sportchaco.com.ar\/wp-content\/uploads\/2025\/07\/ruben-rey-12.jpg 868w\" sizes=\"auto, (max-width: 225px) 100vw, 225px\" \/><\/p>\n<p><strong>CRUZANDO EL ATLANTICO<\/strong><\/p>\n<p><strong>Nos cuenta Rub\u00e9n Rey desde Andorra<\/strong>, \u201cEl 7 de diciembre de 1976, como los antiguos inmigrantes, tom\u00e9 un barco, el Guglielmo Marconi de Italmar. Sal\u00ed desde Buenos Aires y llegu\u00e9 el 22 de ese mes a Barcelona. El barco terminaba su recorrido en N\u00e1poles\u201d.<\/p>\n<p><strong>Entre los motivos de esa partida cuenta:<\/strong> \u201cYo Ten\u00eda compa\u00f1eros que estaban estudiando arquitectura en ese momento, que est\u00e1n muertos y mucha gente que la pas\u00f3 muy mal huyendo, escondi\u00e9ndose. Y bueno, esa fue un poco la raz\u00f3n de mi partida a esta nueva vida.,<\/p>\n<p><img loading=\"lazy\" decoding=\"async\" class=\"alignnone size-medium wp-image-22170 aligncenter\" src=\"https:\/\/www.sportchaco.com.ar\/wp-content\/uploads\/2025\/07\/Ruben-Rey-16Ruben-300x200.jpg\" alt=\"\" width=\"300\" height=\"200\" srcset=\"https:\/\/www.sportchaco.com.ar\/wp-content\/uploads\/2025\/07\/Ruben-Rey-16Ruben-300x200.jpg 300w, https:\/\/www.sportchaco.com.ar\/wp-content\/uploads\/2025\/07\/Ruben-Rey-16Ruben-1024x683.jpg 1024w, https:\/\/www.sportchaco.com.ar\/wp-content\/uploads\/2025\/07\/Ruben-Rey-16Ruben-768x512.jpg 768w, https:\/\/www.sportchaco.com.ar\/wp-content\/uploads\/2025\/07\/Ruben-Rey-16Ruben-1536x1024.jpg 1536w, https:\/\/www.sportchaco.com.ar\/wp-content\/uploads\/2025\/07\/Ruben-Rey-16Ruben.jpg 1600w\" sizes=\"auto, (max-width: 300px) 100vw, 300px\" \/><\/p>\n<p><strong>Enseguida apela a sus recuerdos y nos relata<\/strong>: \u201cLa idea era evidentemente buscar trabajo, porque yo no tengo ning\u00fan familiar, tampoco amigos y todas las recomendaciones que te dan resultan papel mojado. Inclusive varias recomendaciones de la Iglesia, de amigos y todo. Nada, absolutamente nada.<\/p>\n<p><strong>Luego expres\u00f3: <\/strong>\u201cMe sali\u00f3 la posibilidad de ir Madrid a los pocos meses de un trabajo, y como la gran mayor\u00eda de los inmigrantes o migrantes, como quieras llamarle. Y me vine a Andorra por una semana santa a trabajar en hoteler\u00eda, y de a poco me fui quedando. Y al tiempo ya, cuando me empezaron a surgir trabajos dentro de la profesi\u00f3n de la arquitectura, aunque todav\u00eda no ten\u00eda rivalizado el t\u00edtulo\u201d.<\/p>\n<p style=\"text-align: center;\"><img loading=\"lazy\" decoding=\"async\" class=\"alignnone wp-image-22171\" src=\"https:\/\/www.sportchaco.com.ar\/wp-content\/uploads\/2025\/07\/Ruben-Rey-13-225x300.jpg\" alt=\"\" width=\"303\" height=\"404\" srcset=\"https:\/\/www.sportchaco.com.ar\/wp-content\/uploads\/2025\/07\/Ruben-Rey-13-225x300.jpg 225w, https:\/\/www.sportchaco.com.ar\/wp-content\/uploads\/2025\/07\/Ruben-Rey-13-769x1024.jpg 769w, https:\/\/www.sportchaco.com.ar\/wp-content\/uploads\/2025\/07\/Ruben-Rey-13-768x1023.jpg 768w, https:\/\/www.sportchaco.com.ar\/wp-content\/uploads\/2025\/07\/Ruben-Rey-13.jpg 868w\" sizes=\"auto, (max-width: 303px) 100vw, 303px\" \/><\/p>\n<p><strong>EL BASQUETBOL COMO TRAMPOLIN<\/strong><\/p>\n<p><strong>Mientras trabajaba aparecieron algunos contactos para hacer b\u00e1squetbol, <\/strong>\u201cMe qued\u00e9 y empec\u00e9 a jugar en el B\u00e1squet Club Escalde&#8217;s. Y, dada las circunstancias, en ese momento empez\u00f3 a venir mucha m\u00e1s gente. No \u00e9ramos profesionales porque todos ven\u00edamos buscando trabajo, pero mucha gente de Catalu\u00f1a, que es la zona que est\u00e1 pegada a lo que es el Principado de Andorra, fueron llegando y se conform\u00f3 un equipo muy interesante y hubo a\u00f1os que subimos tres veces de categor\u00eda, y de ah\u00ed se fren\u00f3 porque el Gobierno en ese momento no ten\u00eda dinero\u201d.<\/p>\n<p><strong>Nada fue sencillo:<\/strong> \u201cPero la pasi\u00f3n no tra\u00eda ingresos y todo se hizo muy dif\u00edcil, ten\u00edamos que pagarnos todo, desde la gasolina de los coches a poder dormir en lugares medianamente higi\u00e9nicos y c\u00f3modos. La mayor\u00eda ya est\u00e1bamos emparejados y entonces, no solamente que se quer\u00eda viajar con las parejas, sino que no pod\u00edamos hacerlo. Y de eso yo empec\u00e9 a jugar en el 77\u201d.<\/p>\n<p>&nbsp;<\/p>\n<p><img loading=\"lazy\" decoding=\"async\" class=\"alignnone size-medium wp-image-22172\" src=\"https:\/\/www.sportchaco.com.ar\/wp-content\/uploads\/2025\/07\/chaco-67-5-300x197.jpg\" alt=\"\" width=\"300\" height=\"197\" srcset=\"https:\/\/www.sportchaco.com.ar\/wp-content\/uploads\/2025\/07\/chaco-67-5-300x197.jpg 300w, https:\/\/www.sportchaco.com.ar\/wp-content\/uploads\/2025\/07\/chaco-67-5.jpg 688w\" sizes=\"auto, (max-width: 300px) 100vw, 300px\" \/><\/p>\n<p><strong>SOBRE TERRENO FIRME<\/strong><\/p>\n<p>\u201cEn 1985 es cuando dejo de jugar porque me empieza a salir ya mucho trabajo de mi profesi\u00f3n, ya ten\u00eda revalidado el t\u00edtulo. Despu\u00e9s jugu\u00e9 dos a\u00f1os m\u00e1s una liga comercial, pero ya era totalmente amateur de nuevo. Pero s\u00ed, fui profesional en los \u00faltimos a\u00f1os de mi carrera y el equipo es la base de lo que hoy es el Mora Bank, Andorra. Antes fue el River, que es un supermercado muy importante, y despu\u00e9s tambi\u00e9n tuvo el patrocinio del grupo ciclista, que en alg\u00fan momento fue importante, el Festina.<\/p>\n<p><strong>En uno de sus regresos, pudimos compartir charlas con Palito, que llegaba al pa\u00eds y espec\u00edficamente al Chaco, para hacer tareas solidarias:<\/strong> \u00a0\u201cEsto surgi\u00f3 porque realmente yo soy practicante, soy creyente y creo que realmente una manera de devolverle al universo algo de todo lo mucho que me ha dado, que no es poco el poder haber estudiado, haber tenido una familia que me han dado su apoyo y poder comer caliente, como se dice normalmente poder viajar, que fue el motivo principal y fundamental de mi venida a Europa, m\u00e1s all\u00e1 de la situaci\u00f3n delicada que estaba viviendo Argentina, \u00a0ya desde la subida de los militares el 24 de marzo del 76\u201d.<\/p>\n<p><strong>PROFESIONAL DE LA ARQUITECTURA<\/strong><\/p>\n<p>\u201cY bueno, tuve la posibilidad de empezar a hacer todo lo que buscaba realmente, que llevo m\u00e1s de 40 a\u00f1os. Ahora ya pr\u00e1cticamente no hago nada. Tambi\u00e9n estoy retirado de la profesi\u00f3n, porque la crisis del 2007-2008 peg\u00f3 muy, muy fuerte en Europa y Andorra no fue la excepci\u00f3n. Mi profesi\u00f3n me permiti\u00f3 el trabajo que fue suficiente como para permitirme vivir decentemente\u201d.<\/p>\n<p><img loading=\"lazy\" decoding=\"async\" class=\"alignnone size-medium wp-image-22177\" src=\"https:\/\/www.sportchaco.com.ar\/wp-content\/uploads\/2025\/07\/equipos-2-225x300.jpg\" alt=\"\" width=\"225\" height=\"300\" srcset=\"https:\/\/www.sportchaco.com.ar\/wp-content\/uploads\/2025\/07\/equipos-2-225x300.jpg 225w, https:\/\/www.sportchaco.com.ar\/wp-content\/uploads\/2025\/07\/equipos-2-769x1024.jpg 769w, https:\/\/www.sportchaco.com.ar\/wp-content\/uploads\/2025\/07\/equipos-2-768x1023.jpg 768w, https:\/\/www.sportchaco.com.ar\/wp-content\/uploads\/2025\/07\/equipos-2.jpg 868w\" sizes=\"auto, (max-width: 225px) 100vw, 225px\" \/><\/p>\n<p>\u201cDependemos mucho de lo que es Espa\u00f1a y Francia. Pero bueno, no me puedo quejar. Tengo una vida tranquila y que me permite, hasta hace muy poquitos meses, seguir haciendo ayuda solidaria a muchos pa\u00edses.<\/p>\n<p><strong>Volviendo a lo deportivo, recuerda:<\/strong> \u201cJugu\u00e9 siempre en Villa San Mart\u00edn. Yo no cambi\u00e9 a ning\u00fan otro equipo. Lo hice en la Selecci\u00f3n de la Universidad del Nordeste, en la Selecci\u00f3n de Chaco, y fui preseleccionado una vez para la Argentina.<\/p>\n<p>&nbsp;<\/p>\n<p><strong>Palito Rey comparte recuerdos y an\u00e9cdotas<\/strong> <strong>relacionadas con su carrera en el baloncesto,<\/strong> \u201cprincipalmente vinculada al club Villa San Mart\u00edn. Menciona su formaci\u00f3n como t\u00e9cnico nacional, destacando que fue compa\u00f1ero de Neco P\u00e9rez y que el curso fue impartido por el fallecido \u201cmanco\u201d Feinstein. No ejerci\u00f3 como t\u00e9cnico debido a compromisos profesionales, optando por retirarse de la pr\u00e1ctica activa del baloncesto a los 35 o 36 a\u00f1os. Fue el primer chaque\u00f1o en incursionar en el b\u00e1squetbol europeo<\/p>\n<p>La emoci\u00f3n lo embarga recordado la \u00e9poca dorada de Villa San Mart\u00edn, mencionando compa\u00f1eros de equipo como el negro Ledesma, Walter Dosso, Caeco Valussi, Carlucho Lutringer, Buky Carlen y P\u00f3tolo S\u00e1nchez. Tambi\u00e9n recuerda a jugadores m\u00e1s j\u00f3venes como Kike Cundom, Carlitos Rodighiero, Ricardo Siri, Dany Toledo, Oscar Simonit y Penny Corbal\u00e1n.<\/p>\n<p>Adem\u00e1s, describe su experiencia en la selecci\u00f3n de la universidad, lamentando los \u00abchanchullos\u00bb que les impidieron triunfar en el argentino de universidades en Bah\u00eda Blanca. Recuerda a compa\u00f1eros como Buky Carlen, Jorge McDonald, Trepo, Biloni, Gille Barrios, Walter Ray, Simon\u00ed y Gouj\u00f3n, dirigidos por Fleger. Destaca la camarader\u00eda y el buen ambiente tanto en Villa San Mart\u00edn como en la selecci\u00f3n universitaria.<\/p>\n<p><img loading=\"lazy\" decoding=\"async\" class=\" wp-image-22179 aligncenter\" src=\"https:\/\/www.sportchaco.com.ar\/wp-content\/uploads\/2025\/07\/WILFREDO-SIMONI-2-300x179.jpg\" alt=\"\" width=\"392\" height=\"234\" srcset=\"https:\/\/www.sportchaco.com.ar\/wp-content\/uploads\/2025\/07\/WILFREDO-SIMONI-2-300x179.jpg 300w, https:\/\/www.sportchaco.com.ar\/wp-content\/uploads\/2025\/07\/WILFREDO-SIMONI-2-1024x609.jpg 1024w, https:\/\/www.sportchaco.com.ar\/wp-content\/uploads\/2025\/07\/WILFREDO-SIMONI-2-768x457.jpg 768w, https:\/\/www.sportchaco.com.ar\/wp-content\/uploads\/2025\/07\/WILFREDO-SIMONI-2.jpg 1121w\" sizes=\"auto, (max-width: 392px) 100vw, 392px\" \/><\/p>\n<p><strong>Jug\u00f3 con Carlos Lutringer, Wilfredo simoni y Palito Rey fue el reemplazo de Dosso, en el medio. Los dos primeros Valussi y Outeri\u00f1o. Grandes del b\u00e1squetbol chaque\u00f1o<\/strong><\/p>\n<p><strong>\u00a0<\/strong><\/p>\n<p><strong>AMIGOS DEL DEPORTE<\/strong><\/p>\n<p>&nbsp;<\/p>\n<p><strong>Palito rememora momentos con otros jugadores, no solamente la gente de Villa San Mart\u00edn,<\/strong> \u201ccomo los dos hermanos Simoni, tanto Wilfredo como H\u00e9ctor, excelentes; personas incre\u00edble y tambi\u00e9n muy compa\u00f1eros tambi\u00e9n con Ernesto Roig, Gabriel Mu\u00f1iz, Roberto Gouj\u00f3n\u201d. \u201cNo te olvides <strong>-nos dice-<\/strong> de que cuando yo tuve la gran frustraci\u00f3n de lastimarme 48 horas antes del inicio del campeonato argentino de Chaco 1973, yo fui compa\u00f1ero de habitaci\u00f3n con Ernesto Roig, \u00a0en la concentraci\u00f3n del Seminario. Primero estuvimos en La Liguria. No quise dejar la concentraci\u00f3n porque realmente lo sent\u00eda como muy m\u00edo tambi\u00e9n y con muchas posibilidades, pero bueno el destino a veces te juega malas pasadas\u201d<\/p>\n<p>&nbsp;<\/p>\n<p><strong>Palito Rey explica las razones de su auto exilio<\/strong> \u201cEvidentemente la situaci\u00f3n pol\u00edtica de seguridad y econ\u00f3mica del \u201976, pero tambi\u00e9n coincidi\u00f3 mucho que yo me cans\u00e9 de pedir trabajo, no dinero, trabajo a las autoridades locales, ya que ten\u00eda gente conocida en el gobierno, compa\u00f1\u00edas de seguro, todos te promet\u00edan, pero nunca nada. Y las vueltas de la vida, hoy les estoy tremendamente agradecido a toda esta gente que no me respondieran, \u00a0porque mi vida fue totalmente diferente con unos inicios muy duros, extra\u00f1ando much\u00edsimo a la familia, los amigos;\u00a0 pero bueno la verdad que hoy gracias a Dios puedo decir que estoy realizado, \u00a0no solamente profesionalmente sino como persona y tambi\u00e9n lo que me ha ayudado much\u00edsimo a poder hacer toda esta solidaridad que much\u00edsima gente como t\u00fa, est\u00e1n al corriente, son 49 a\u00f1os de exilado voluntario del 76 al 25. El a\u00f1o que viene si Dios quiere para navidad voy a hacer medio siglo de que me fui de Resistencia que gracias a Dios nunca tuve ning\u00fan problema en volver\u201d<\/p>\n<p>&nbsp;<\/p>\n<p><strong>Insiste con remarcar ante nuestra insistencia, sobre las ayudas solidarias<\/strong>: \u201cTanto en Resistencia, Barranqueras y en el Impenetrable. Adem\u00e1s de proyectos gratuitos que hice en diferentes lugares como en Sir Lanka, Mozambique, Tanzania; casi todos para C\u00e1ritas, la organizaci\u00f3n cat\u00f3lica. No soy ning\u00fan fan\u00e1tico, pero bueno como los contactos los ten\u00eda con esta gente, lo mismo que en Ucrania, antes de la guerra, fueron todos a trav\u00e9s de C\u00e1ritas.<\/p>\n<p>&nbsp;<\/p>\n<p><strong>Finalmente recuerda con gran orgullo el reconocimiento recibido como <\/strong>\u201cleyenda del b\u00e1squetbol de Andorra, me llena de orgullo que haya sido el primero y el \u00fanico en ese momento que jug\u00f3 fuera de Chaco en Europa\u201d<\/p>\n<p>&nbsp;<\/p>\n<p><strong>LUIS DARIO MOLODEZKY<\/strong><\/p>\n","protected":false},"excerpt":{"rendered":"<p>Palito Rey cumple el a\u00f1o pr\u00f3ximo \u00ab50 a\u00f1os de auto exilio\u00bb. Con su t\u00edtulo de arquitecto en 1976 se subi\u00f3 a un barco en Buenos Aires y se baj\u00f3 en Barcelona. Busc\u00f3 trabajo de cualquier cosa y el destino lo llev\u00f3 a Madrid, donde consigui\u00f3 una \u00abchanguita\u00bb en Andorra, que lo marc\u00f3 para siempre. El &hellip;<\/p>\n","protected":false},"author":2,"featured_media":22165,"comment_status":"open","ping_status":"open","sticky":false,"template":"","format":"standard","meta":{"footnotes":""},"categories":[3],"tags":[],"class_list":["post-22164","post","type-post","status-publish","format-standard","has-post-thumbnail","hentry","category-basquetbol"],"_links":{"self":[{"href":"https:\/\/www.sportchaco.com.ar\/index.php?rest_route=\/wp\/v2\/posts\/22164","targetHints":{"allow":["GET"]}}],"collection":[{"href":"https:\/\/www.sportchaco.com.ar\/index.php?rest_route=\/wp\/v2\/posts"}],"about":[{"href":"https:\/\/www.sportchaco.com.ar\/index.php?rest_route=\/wp\/v2\/types\/post"}],"author":[{"embeddable":true,"href":"https:\/\/www.sportchaco.com.ar\/index.php?rest_route=\/wp\/v2\/users\/2"}],"replies":[{"embeddable":true,"href":"https:\/\/www.sportchaco.com.ar\/index.php?rest_route=%2Fwp%2Fv2%2Fcomments&post=22164"}],"version-history":[{"count":3,"href":"https:\/\/www.sportchaco.com.ar\/index.php?rest_route=\/wp\/v2\/posts\/22164\/revisions"}],"predecessor-version":[{"id":22180,"href":"https:\/\/www.sportchaco.com.ar\/index.php?rest_route=\/wp\/v2\/posts\/22164\/revisions\/22180"}],"wp:featuredmedia":[{"embeddable":true,"href":"https:\/\/www.sportchaco.com.ar\/index.php?rest_route=\/wp\/v2\/media\/22165"}],"wp:attachment":[{"href":"https:\/\/www.sportchaco.com.ar\/index.php?rest_route=%2Fwp%2Fv2%2Fmedia&parent=22164"}],"wp:term":[{"taxonomy":"category","embeddable":true,"href":"https:\/\/www.sportchaco.com.ar\/index.php?rest_route=%2Fwp%2Fv2%2Fcategories&post=22164"},{"taxonomy":"post_tag","embeddable":true,"href":"https:\/\/www.sportchaco.com.ar\/index.php?rest_route=%2Fwp%2Fv2%2Ftags&post=22164"}],"curies":[{"name":"wp","href":"https:\/\/api.w.org\/{rel}","templated":true}]}}