{"id":22189,"date":"2025-07-16T11:11:34","date_gmt":"2025-07-16T14:11:34","guid":{"rendered":"https:\/\/www.sportchaco.com.ar\/?p=22189"},"modified":"2025-07-16T19:48:47","modified_gmt":"2025-07-16T22:48:47","slug":"con-gaston-castro-sarmiento-apuesta-fuerte-al-basquet-formativo","status":"publish","type":"post","link":"https:\/\/www.sportchaco.com.ar\/?p=22189","title":{"rendered":"Con Gast\u00f3n Castro, Sarmiento apuesta fuerte al b\u00e1squet formativo"},"content":{"rendered":"<header>\n<div>\n<p><strong>16-07-2025<\/strong><\/p>\n<p><img loading=\"lazy\" decoding=\"async\" class=\"aligncenter wp-image-9640 size-full\" src=\"https:\/\/www.sportchaco.com.ar\/wp-content\/uploads\/2024\/05\/gob-obras-marzo-apaisado.gif\" alt=\"\" width=\"940\" height=\"90\" \/><\/p>\n<\/div>\n<div class=\"meta\">\n<p>El\u00a0Club Atl\u00e9tico Sarmiento\u00a0inicia una nueva etapa en su disciplina b\u00e1squet con la llegada de un viejo conocido:\u00a0Gast\u00f3n Castro,\u00a0entrenador de vasta trayectoria en el deporte regional. ExVilla San Mart\u00edn y conocedor del ambiente, Castro vuelve al Decano con un plan de trabajo ambicioso pero realista:\u00a0recuperar la confianza de la comunidad, fortalecer las divisiones formativas y sentar las bases para el regreso a las competencias nacionales.<\/p>\n<p>\u00ab<em>Es mi segunda etapa en el club y conozco a gran parte de la gente que trabaja ah\u00ed. La dirigencia\u00a0\u00a0<\/em>\u00a0(encabezada por Mauricio Gonz\u00e1lez)\u00a0<em>nueva me recibi\u00f3 muy bien y nos pusimos r\u00e1pidamente de acuerdo porque compartimos los mismos objetivos<\/em>\u00a0\u00ab, explic\u00f3 en di\u00e1logo con NORTE.<\/p>\n<\/div>\n<\/header>\n<section class=\"body\">\n<section class=\"content\">\n<div class=\"main-text\">\n<div class=\" large m_image\">\n<figure><picture><source srcset=\"https:\/\/www.diarionorte.com\/content\/bucket\/2\/419962w790h593c.jpg.webp\" type=\"image\/webp\" media=\"(min-width: 640px)\" \/><source srcset=\"https:\/\/www.diarionorte.com\/content\/bucket\/2\/419962w440h330c.jpg.webp\" type=\"image\/webp\" media=\"(min-width: 300px)\" \/><source srcset=\"https:\/\/www.diarionorte.com\/content\/bucket\/2\/419962w790h593c.jpg\" media=\"(min-width: 300px)\" \/><img loading=\"lazy\" decoding=\"async\" class=\"pic\" src=\"https:\/\/www.diarionorte.com\/content\/bucket\/2\/419962w790h593c.jpg.webp\" alt=\"\" width=\"790\" height=\"593\" \/><\/picture><\/figure>\n<\/div>\n<p><strong>A corto, mediano y largo plazo<\/strong><br \/>\nEl primer objetivo ser\u00e1 volver a llenar de chicos la cancha y reactivar el entusiasmo por el b\u00e1squet dentro del club: \u00ab<em>Sarmiento tiene buena infraestructura, est\u00e1 bien en ese aspecto. Queremos que la gente vuelva a confiar en el b\u00e1squet del club y trabajar con muchos chicos, el espacio est\u00e1<\/em>\u00ab, remarc\u00f3 Castro.<\/p>\n<p>En el mediano y largo plazo, el desaf\u00edo es mayor. Sarmiento a\u00fan atraviesa una sanci\u00f3n deportiva que le impide competir en torneos nacionales, aunque ya ha cumplido al menos la mitad de ese castigo. La idea es armar una base s\u00f3lida para poder volver a una competencia nacional (Pre Federal o Federal), buscando adem\u00e1s que la disciplina pueda autosostenerse econ\u00f3micamente.\u00a0\u00ab<em>Queremos formar jugadores y so\u00f1ar con volver a jugar un Pre Federal o Federal. El club ha pasado por malas administraciones y muchas turbulencias, pero tenemos que mirar hacia adelante<\/em>\u00a0\u00ab, afirm\u00f3.<\/p>\n<div class=\" large m_image\">\n<figure><picture><source srcset=\"https:\/\/www.diarionorte.com\/content\/bucket\/1\/419961w790h988c.jpg.webp\" type=\"image\/webp\" media=\"(min-width: 640px)\" \/><source srcset=\"https:\/\/www.diarionorte.com\/content\/bucket\/1\/419961w440h550c.jpg.webp\" type=\"image\/webp\" media=\"(min-width: 300px)\" \/><source srcset=\"https:\/\/www.diarionorte.com\/content\/bucket\/1\/419961w790h988c.jpg\" media=\"(min-width: 300px)\" \/><img loading=\"lazy\" decoding=\"async\" class=\"pic\" src=\"https:\/\/www.diarionorte.com\/content\/bucket\/1\/419961w790h988c.jpg.webp\" alt=\"\" width=\"790\" height=\"988\" \/><\/picture><\/figure>\n<\/div>\n<p><strong>Presencia confirmada en la ABR<\/strong><br \/>\nEn el plano inmediato, Sarmiento dir\u00e1 presente en el torneo de la Asociaci\u00f3n de B\u00e1squetbol de Resistencia (ABR) con sus propios jugadores. \u00ab<em>Vamos a competir con los U19, que tienen una buena base, llegaron a una final de la categor\u00eda recientemente y es momento de darles rodaje.\u00a0Yo voy a dirigir la Primera<\/em>\u00ab, adelant\u00f3.<\/p>\n<p>Castro tambi\u00e9n buscar\u00e1 integrar al b\u00e1squet femenino: \u00ab<em>Todos tienen la misma importancia, y necesitamos trabajar en conjunto. Somos Sarmiento, y todos somos el mismo club<\/em>\u00ab.<\/p>\n<p><strong>Formaci\u00f3n, crecimiento y gesti\u00f3n<\/strong><br \/>\nEl DT destac\u00f3 la importancia de formar planteles genuinos en cada categor\u00eda: \u00ab<em>Tenemos unos 70 chicos y queremos duplicar esa cifra. Apuntamos a tener al menos 12 jugadores genuinos por divisi\u00f3n. En mini b\u00e1squet queremos llegar a los 100. Tenemos d\u00e9ficit en U13 y U15, pero contamos con 26 jugadores en U21&#8243;<\/em>, detall\u00f3.<\/p>\n<p>Finalmente, reconoci\u00f3 que la prioridad del club sigue siendo el f\u00fatbol, pero eso no impide planificar con metas claras: \u00ab<em>Sabemos que estamos detr\u00e1s del f\u00fatbol, por eso tenemos que ir por objetivos concretos y a corto plazo. La nueva comisi\u00f3n directiva se encontr\u00f3 con muchos problemas y me pidi\u00f3 colaborar tambi\u00e9n con la organizaci\u00f3n general de la disciplina. Es un desaf\u00edo completo, pero estoy listo para afrontarlo<\/em>\u00ab.<\/p>\n<p><strong>Fuente: Diario Norte<\/strong><\/p>\n<p><img loading=\"lazy\" decoding=\"async\" class=\"aligncenter wp-image-19354 size-full\" src=\"https:\/\/www.sportchaco.com.ar\/wp-content\/uploads\/2025\/05\/BANNER-WEB-Qdenga-250x250-1.gif\" alt=\"\" width=\"521\" height=\"521\" \/><\/p>\n<\/div>\n<\/section>\n<\/section>\n","protected":false},"excerpt":{"rendered":"<p>16-07-2025 El\u00a0Club Atl\u00e9tico Sarmiento\u00a0inicia una nueva etapa en su disciplina b\u00e1squet con la llegada de un viejo conocido:\u00a0Gast\u00f3n Castro,\u00a0entrenador de vasta trayectoria en el deporte regional. ExVilla San Mart\u00edn y conocedor del ambiente, Castro vuelve al Decano con un plan de trabajo ambicioso pero realista:\u00a0recuperar la confianza de la comunidad, fortalecer las divisiones formativas y &hellip;<\/p>\n","protected":false},"author":2,"featured_media":22190,"comment_status":"open","ping_status":"open","sticky":false,"template":"","format":"standard","meta":{"footnotes":""},"categories":[3],"tags":[],"class_list":["post-22189","post","type-post","status-publish","format-standard","has-post-thumbnail","hentry","category-basquetbol"],"_links":{"self":[{"href":"https:\/\/www.sportchaco.com.ar\/index.php?rest_route=\/wp\/v2\/posts\/22189","targetHints":{"allow":["GET"]}}],"collection":[{"href":"https:\/\/www.sportchaco.com.ar\/index.php?rest_route=\/wp\/v2\/posts"}],"about":[{"href":"https:\/\/www.sportchaco.com.ar\/index.php?rest_route=\/wp\/v2\/types\/post"}],"author":[{"embeddable":true,"href":"https:\/\/www.sportchaco.com.ar\/index.php?rest_route=\/wp\/v2\/users\/2"}],"replies":[{"embeddable":true,"href":"https:\/\/www.sportchaco.com.ar\/index.php?rest_route=%2Fwp%2Fv2%2Fcomments&post=22189"}],"version-history":[{"count":3,"href":"https:\/\/www.sportchaco.com.ar\/index.php?rest_route=\/wp\/v2\/posts\/22189\/revisions"}],"predecessor-version":[{"id":22228,"href":"https:\/\/www.sportchaco.com.ar\/index.php?rest_route=\/wp\/v2\/posts\/22189\/revisions\/22228"}],"wp:featuredmedia":[{"embeddable":true,"href":"https:\/\/www.sportchaco.com.ar\/index.php?rest_route=\/wp\/v2\/media\/22190"}],"wp:attachment":[{"href":"https:\/\/www.sportchaco.com.ar\/index.php?rest_route=%2Fwp%2Fv2%2Fmedia&parent=22189"}],"wp:term":[{"taxonomy":"category","embeddable":true,"href":"https:\/\/www.sportchaco.com.ar\/index.php?rest_route=%2Fwp%2Fv2%2Fcategories&post=22189"},{"taxonomy":"post_tag","embeddable":true,"href":"https:\/\/www.sportchaco.com.ar\/index.php?rest_route=%2Fwp%2Fv2%2Ftags&post=22189"}],"curies":[{"name":"wp","href":"https:\/\/api.w.org\/{rel}","templated":true}]}}