{"id":22192,"date":"2025-07-16T11:20:43","date_gmt":"2025-07-16T14:20:43","guid":{"rendered":"https:\/\/www.sportchaco.com.ar\/?p=22192"},"modified":"2025-07-16T11:21:20","modified_gmt":"2025-07-16T14:21:20","slug":"seviene-la-nueva-edicion-de-la-pesca-del-dorado-con-devolucion","status":"publish","type":"post","link":"https:\/\/www.sportchaco.com.ar\/?p=22192","title":{"rendered":"Se viene la nueva edici\u00f3n de la Pesca del Dorado con Devoluci\u00f3n"},"content":{"rendered":"<div class=\"xdj266r x14z9mp xat24cr x1lziwak x1vvkbs x126k92a\">\n<h5 dir=\"auto\">El 21\u00b0 Torneo Internacional de Pesca del Dorado con Devoluci\u00f3n en la Isla del Cerrito del 5 al 7 de septiembre<\/h5>\n<\/div>\n<div dir=\"auto\"><\/div>\n<div dir=\"auto\">\n<div class=\"container-fluid\">\n<div class=\"row\">\n<div class=\"col-xs-12\">\n<h1 class=\"nota-title\"><\/h1>\n<div class=\"bajada\">\n<p>&nbsp;<\/p>\n<\/div>\n<\/div>\n<\/div>\n<\/div>\n<div id=\"main-nota\" class=\"container\">\n<div class=\"row\">\n<div class=\"col-xs-12\">\n<div class=\"nota-info\">\n<div class=\"nota-info-part\"><\/div>\n<\/div>\n<hr \/>\n<\/div>\n<\/div>\n<div class=\"row\">\n<div class=\"col-xs-12\">\n<div class=\"slider\">\n<div class=\"nota-view-image\"><\/div>\n<\/div>\n<\/div>\n<\/div>\n<div class=\"row\">\n<div class=\"col-xs-12\">\n<div class=\"nota-audio-info\">\n<div class=\"programa-card\">\n<div class=\"programa-nombre\">\n<p>&nbsp;<\/p>\n<\/div>\n<div class=\"programa-pic\"><\/div>\n<\/div>\n<\/div>\n<\/div>\n<\/div>\n<div class=\"row\">\n<div class=\"col-md-8 col-xs-12\">\n<div class=\"nota-body\">\n<p data-start=\"0\" data-end=\"106\">El encuentro, llevado a cabo en el Instituto de Turismo, cont\u00f3 con la participaci\u00f3n de autoridades provinciales, municipales y de fuerzas de seguridad, quienes comenzaron a diagramar la log\u00edstica para garantizar el \u00e9xito del evento.<\/p>\n<p data-start=\"538\" data-end=\"918\">La presidenta del Instituto de Turismo, Ver\u00f3nica Mazzaroli, anticip\u00f3 que en los pr\u00f3ximos d\u00edas se anunciar\u00e1 formalmente la apertura de inscripciones. Adem\u00e1s, destac\u00f3 el trabajo articulado entre las distintas \u00e1reas del Estado y sostuvo que \u201ccomo cada a\u00f1o, se espera una gran participaci\u00f3n de competidores y visitantes de toda la regi\u00f3n, del pa\u00eds y de pa\u00edses vecinos como Paraguay\u201d.<\/p>\n<p data-start=\"920\" data-end=\"1347\">El operativo de seguridad estar\u00e1 a cargo de Prefectura, Gendarmer\u00eda, Polic\u00eda del Chaco y Bomberos, mientras que el Ministerio de Salud instalar\u00e1 postas sanitarias. Tambi\u00e9n participar\u00e1 la Federaci\u00f3n Chaque\u00f1a de Pesca en la fiscalizaci\u00f3n. Adem\u00e1s de la competencia tradicional, habr\u00e1 pesca de costa, actividades para ni\u00f1os, espect\u00e1culos musicales y propuestas culturales coordinadas con Loter\u00eda Chaque\u00f1a y el Instituto de Cultura.<\/p>\n<p data-start=\"1349\" data-end=\"1748\" data-is-last-node=\"\" data-is-only-node=\"\">El intendente local, Jos\u00e9 Luis Garc\u00eda, se mostr\u00f3 entusiasmado por una nueva edici\u00f3n del evento y sostuvo que \u201cqueremos que esos d\u00edas sean una verdadera fiesta para la localidad\u201d. En tanto, desde Loter\u00eda Chaque\u00f1a, su presidente Lucas Apud Masin remarc\u00f3 que el objetivo es fortalecer la participaci\u00f3n de emprendedores, fomentar el turismo y generar un impacto econ\u00f3mico que beneficie a toda la regi\u00f3n. (Enzo Ozuna)<\/p>\n<p data-start=\"1349\" data-end=\"1748\" data-is-last-node=\"\" data-is-only-node=\"\"><img decoding=\"async\" src=\"https:\/\/www.libertaddigital.com.ar\/api\/imagenes\/5dd2a79d-1ade-4210-8e33-b31b015b015a\/854\/480\" alt=\"\" \/><\/p>\n<p data-start=\"1349\" data-end=\"1748\" data-is-last-node=\"\" data-is-only-node=\"\">Libertad digital<\/p>\n<\/div>\n<\/div>\n<\/div>\n<\/div>\n<\/div>\n<div class=\"x14z9mp xat24cr x1lziwak x1vvkbs xtlvy1s x126k92a\">\n<div dir=\"auto\">En la Oficina de Turismo del Parque de la Democracia, representantes del Ministerio de Salud, Secretar\u00eda de Ambiente, Loter\u00eda Chaque\u00f1a, Instituto de Cultura, fuerzas de seguridad, la Municipalidad de Isla del Cerrito, Federaci\u00f3n Chaque\u00f1a de Pesca, y \u00e1reas estrat\u00e9gicas del Gobierno del Chaco, trabajaron en una planificaci\u00f3n integral para garantizar el \u00e9xito de esta gran fiesta del deporte, el turismo y la identidad chaque\u00f1a.<\/div>\n<\/div>\n<div class=\"x14z9mp xat24cr x1lziwak x1vvkbs xtlvy1s x126k92a\">\n<div dir=\"auto\">Inscripciones del 1 de agosto al 5 de septiembre<\/div>\n<div dir=\"auto\">Valor anticipado: $350.000<\/div>\n<div dir=\"auto\">D\u00edas 6 y 7 de septiembre: $400.000<\/div>\n<div dir=\"auto\">Incluye: 3 participantes, almuerzo y sorteos<\/div>\n<\/div>\n<div class=\"x14z9mp xat24cr x1lziwak x1vvkbs xtlvy1s x126k92a\">\n<div dir=\"auto\">Licencia de pesca obligatoria: <span class=\"html-span xdj266r x14z9mp xat24cr x1lziwak xexx8yu xyri2b x18d9i69 x1c1uobl x1hl2dhg x16tdsg8 x1vvkbs\"><a class=\"x1i10hfl xjbqb8w x1ejq31n x18oe1m7 x1sy0etr xstzfhl x972fbf x10w94by x1qhh985 x14e42zd x9f619 x1ypdohk xt0psk2 xe8uvvx xdj266r x14z9mp xat24cr x1lziwak xexx8yu xyri2b x18d9i69 x1c1uobl x16tdsg8 x1hl2dhg xggy1nq x1a2a7pz xkrqix3 x1sur9pj x1fey0fg x1s688f\" tabindex=\"0\" role=\"link\" href=\"https:\/\/l.facebook.com\/l.php?u=https%3A%2F%2Fcarnets.ambiente.chaco.gob.ar%2F&amp;h=AT3n-Bos0w9x0Y6JYsUzn7rGeI5c792qg-Q_gyyt-zg89DCV_ujY_TD-sENSC4AKL-h0cdBepTyocWCKnvQAbsUT-y3siD5q-T1gb2rSb9_MUrW_gFwhBv6UdgYnQFa_egD2_aS0wCw7dA&amp;h=AT3n-Bos0w9x0Y6JYsUzn7rGeI5c792qg-Q_gyyt-zg89DCV_ujY_TD-sENSC4AKL-h0cdBepTyocWCKnvQAbsUT-y3siD5q-T1gb2rSb9_MUrW_gFwhBv6UdgYnQFa_egD2_aS0wCw7dA&amp;__tn__=-UK-R&amp;c[0]=AT3iP4gIZ-L4S1ediARj0Kekc-AjLkCXEO8K-x0G85K8Wi_b4Iw9sA-fOUsBZu4AXw2y0RDBErzqlvr2UtEOEFxAjtOLShGJJiFHW3AOHuy9Tuy_wS7yb2cSF3GK16lYnfwGbFnH7dB2LD93tyHmJM6izm6U275LHZrFzRHJXLlTZUWkWsyNr_u-Zq8GTo7OF-BMKrWvcl_PWJq_wwU3TTUhhdKA_0k\" target=\"_blank\" rel=\"nofollow noopener noreferrer\">https:\/\/carnets.ambiente.chaco.gob.ar<\/a><\/span><\/div>\n<\/div>\n<div dir=\"auto\"><\/div>\n","protected":false},"excerpt":{"rendered":"<p>El 21\u00b0 Torneo Internacional de Pesca del Dorado con Devoluci\u00f3n en la Isla del Cerrito del 5 al 7 de septiembre &nbsp; &nbsp; El encuentro, llevado a cabo en el Instituto de Turismo, cont\u00f3 con la participaci\u00f3n de autoridades provinciales, municipales y de fuerzas de seguridad, quienes comenzaron a diagramar la log\u00edstica para garantizar el &hellip;<\/p>\n","protected":false},"author":2,"featured_media":22193,"comment_status":"open","ping_status":"open","sticky":false,"template":"","format":"standard","meta":{"footnotes":""},"categories":[66],"tags":[],"class_list":["post-22192","post","type-post","status-publish","format-standard","has-post-thumbnail","hentry","category-pesca"],"_links":{"self":[{"href":"https:\/\/www.sportchaco.com.ar\/index.php?rest_route=\/wp\/v2\/posts\/22192","targetHints":{"allow":["GET"]}}],"collection":[{"href":"https:\/\/www.sportchaco.com.ar\/index.php?rest_route=\/wp\/v2\/posts"}],"about":[{"href":"https:\/\/www.sportchaco.com.ar\/index.php?rest_route=\/wp\/v2\/types\/post"}],"author":[{"embeddable":true,"href":"https:\/\/www.sportchaco.com.ar\/index.php?rest_route=\/wp\/v2\/users\/2"}],"replies":[{"embeddable":true,"href":"https:\/\/www.sportchaco.com.ar\/index.php?rest_route=%2Fwp%2Fv2%2Fcomments&post=22192"}],"version-history":[{"count":3,"href":"https:\/\/www.sportchaco.com.ar\/index.php?rest_route=\/wp\/v2\/posts\/22192\/revisions"}],"predecessor-version":[{"id":22196,"href":"https:\/\/www.sportchaco.com.ar\/index.php?rest_route=\/wp\/v2\/posts\/22192\/revisions\/22196"}],"wp:featuredmedia":[{"embeddable":true,"href":"https:\/\/www.sportchaco.com.ar\/index.php?rest_route=\/wp\/v2\/media\/22193"}],"wp:attachment":[{"href":"https:\/\/www.sportchaco.com.ar\/index.php?rest_route=%2Fwp%2Fv2%2Fmedia&parent=22192"}],"wp:term":[{"taxonomy":"category","embeddable":true,"href":"https:\/\/www.sportchaco.com.ar\/index.php?rest_route=%2Fwp%2Fv2%2Fcategories&post=22192"},{"taxonomy":"post_tag","embeddable":true,"href":"https:\/\/www.sportchaco.com.ar\/index.php?rest_route=%2Fwp%2Fv2%2Ftags&post=22192"}],"curies":[{"name":"wp","href":"https:\/\/api.w.org\/{rel}","templated":true}]}}