{"id":22197,"date":"2025-07-16T23:35:32","date_gmt":"2025-07-17T02:35:32","guid":{"rendered":"https:\/\/www.sportchaco.com.ar\/?p=22197"},"modified":"2025-07-16T23:39:08","modified_gmt":"2025-07-17T02:39:08","slug":"efemerides-del-17-de-julio-2","status":"publish","type":"post","link":"https:\/\/www.sportchaco.com.ar\/?p=22197","title":{"rendered":"Efem\u00e9rides del 17 de julio"},"content":{"rendered":"<div class=\"container fullwidth-entry-title-wrapper\">\n<div class=\"container-wrapper fullwidth-entry-title\">\n<header class=\"entry-header-outer\">\n<div class=\"entry-header\">\n<h1 class=\"post-title entry-title\"><\/h1>\n<div class=\"single-post-meta post-meta clearfix\"><\/div>\n<\/div>\n<\/header>\n<\/div>\n<\/div>\n<div id=\"content\" class=\"site-content container\">\n<div id=\"main-content-row\" class=\"tie-row main-content-row\">\n<div class=\"main-content tie-col-md-8 tie-col-xs-12\" role=\"main\">\n<article id=\"the-post\" class=\"container-wrapper post-content tie-standard\">\n<div class=\"featured-area\">\n<div class=\"featured-area-inner\"><\/div>\n<\/div>\n<div class=\"entry-content entry clearfix\">\n<h4><strong>Esta es la Efem\u00e9rides del Deporte en el Chaco de un 17 de julio periodista Luis Dar\u00edo Molodezky.<\/strong><\/h4>\n<p><img loading=\"lazy\" decoding=\"async\" class=\"alignnone size-full wp-image-22055 aligncenter\" src=\"https:\/\/www.sportchaco.com.ar\/wp-content\/uploads\/2025\/07\/Luis-2025-marzo-3-2-e1749824875302-300x217-4.jpg\" alt=\"\" width=\"300\" height=\"217\" \/><\/p>\n<p>&nbsp;<\/p>\n<p><strong>1927\u00a0<\/strong><strong>\/<\/strong>\u00a0Se funda la Asociaci\u00f3n Espa\u00f1ola de Charata, siendo su primer presidente don V\u00edctor Arrudi. El viejo Prado Espa\u00f1ol, tuvo su gran protagonismo por ese entonces en la sede ubicada en el barrio Libertad, all\u00ed se realizaron las m\u00e1s diversas reuniones deportivas, funciones de teatro, bailes y cantos espa\u00f1oles. Por aquellos tiempos era com\u00fan en el club la pr\u00e1ctica de las Bochas, pelota a paleta o front\u00f3n, b\u00e1squetbol y hasta hab\u00eda un vel\u00f3dromo para la pr\u00e1ctica del ciclismo y una cancha de f\u00fatbol.<\/p>\n<p>&nbsp;<\/p>\n<p><strong>1964\u00a0<\/strong>\/ Nace en Las Bre\u00f1as el ciclista Sergio Gassmann, ganador en el a\u00f1o 1982 de cinco medallas, tres de oro, una de plata y una de bronce en los Panamericanos de Colombia y Venezuela. Se inici\u00f3 en la actividad por su padre Jos\u00e9 y Roberto Enr\u00edquez, reconocidos pedalistas locales de las d\u00e9cadas de 1950 y 1960, haci\u00e9ndolo en el vel\u00f3dromo de tierra del Club Hurac\u00e1n. Fue campe\u00f3n chaque\u00f1o juvenil de ruta. Falleci\u00f3 el 10 de diciembre de 2008 por una afecci\u00f3n hep\u00e1tica.<\/p>\n<p><img loading=\"lazy\" decoding=\"async\" class=\"attachment-jannah-image-post size-jannah-image-post wp-post-image\" src=\"https:\/\/www.sportchaco.com.ar\/wp-content\/uploads\/2024\/07\/Sergio-Gassamann-1-555x470.jpg\" alt=\"\" width=\"555\" height=\"470\" data-main-img=\"1\" \/><\/p>\n<p><strong>1994\u00a0<\/strong>\/ Finaliza en Los \u00c1ngeles, el Campeonato Mundial de F\u00fatbol, con el t\u00edtulo para Brasil que le gan\u00f3 la final a Italia 3 a 2. Luis Dar\u00edo Molodezky y Ram\u00f3n Gonz\u00e1lez, fueron los \u00fanicos periodistas chaque\u00f1os que cubrieron todo el evento. El torneo se hab\u00eda iniciado en Chicago el 16 de junio. Argentina jug\u00f3 la clasificaci\u00f3n en Boston y fue eliminado en octavos por Rumania en Dallas, tras el doping positivo de Maradona.<\/p>\n<p>&nbsp;<\/p>\n<p><strong>2007\u00a0<\/strong>\/ Falleci\u00f3 V\u00edctor \u00c1ngel G\u00f3mez, presidente del Club Ferrocarril General Belgrano de S\u00e1enz Pe\u00f1a. Se desempe\u00f1aba en esa funci\u00f3n desde mediados de 2003, primero como agente normalizador designado por la Direcci\u00f3n de Personas Jur\u00eddicas. G\u00f3mez era un activo dirigente y permanente colaborador en todas las actividades que emprend\u00eda el populoso club del barrio Lamadrid.<\/p>\n<p>&nbsp;<\/p>\n<p><strong>2009\u00a0<\/strong>\/ Emiliano Grillo se consagra campe\u00f3n mundial juvenil en el Callaway Golf Junior Word Golf Championships que se jug\u00f3 desde el d\u00eda 13 en el Torrey Pines Golf Course. El torneo se disputa en San Diego, California, desde 1968, y est\u00e1 reservado para jugadores en categor\u00edas desde 6 a 17 a\u00f1os. En su larga historia ha tenido como campeones a de la talla de Ernie Els, Phil Mickelson y Tiger Woods.<\/p>\n<p><strong>Foto de Emiliano Grillo<\/strong><\/p>\n<\/div>\n<\/article>\n<\/div>\n<\/div>\n<\/div>\n","protected":false},"excerpt":{"rendered":"<p>Esta es la Efem\u00e9rides del Deporte en el Chaco de un 17 de julio periodista Luis Dar\u00edo Molodezky. &nbsp; 1927\u00a0\/\u00a0Se funda la Asociaci\u00f3n Espa\u00f1ola de Charata, siendo su primer presidente don V\u00edctor Arrudi. El viejo Prado Espa\u00f1ol, tuvo su gran protagonismo por ese entonces en la sede ubicada en el barrio Libertad, all\u00ed se realizaron &hellip;<\/p>\n","protected":false},"author":2,"featured_media":22236,"comment_status":"open","ping_status":"open","sticky":false,"template":"","format":"standard","meta":{"footnotes":""},"categories":[45,37],"tags":[],"class_list":["post-22197","post","type-post","status-publish","format-standard","has-post-thumbnail","hentry","category-efemerides-dia-por-dia","category-julio"],"_links":{"self":[{"href":"https:\/\/www.sportchaco.com.ar\/index.php?rest_route=\/wp\/v2\/posts\/22197","targetHints":{"allow":["GET"]}}],"collection":[{"href":"https:\/\/www.sportchaco.com.ar\/index.php?rest_route=\/wp\/v2\/posts"}],"about":[{"href":"https:\/\/www.sportchaco.com.ar\/index.php?rest_route=\/wp\/v2\/types\/post"}],"author":[{"embeddable":true,"href":"https:\/\/www.sportchaco.com.ar\/index.php?rest_route=\/wp\/v2\/users\/2"}],"replies":[{"embeddable":true,"href":"https:\/\/www.sportchaco.com.ar\/index.php?rest_route=%2Fwp%2Fv2%2Fcomments&post=22197"}],"version-history":[{"count":3,"href":"https:\/\/www.sportchaco.com.ar\/index.php?rest_route=\/wp\/v2\/posts\/22197\/revisions"}],"predecessor-version":[{"id":22202,"href":"https:\/\/www.sportchaco.com.ar\/index.php?rest_route=\/wp\/v2\/posts\/22197\/revisions\/22202"}],"wp:featuredmedia":[{"embeddable":true,"href":"https:\/\/www.sportchaco.com.ar\/index.php?rest_route=\/wp\/v2\/media\/22236"}],"wp:attachment":[{"href":"https:\/\/www.sportchaco.com.ar\/index.php?rest_route=%2Fwp%2Fv2%2Fmedia&parent=22197"}],"wp:term":[{"taxonomy":"category","embeddable":true,"href":"https:\/\/www.sportchaco.com.ar\/index.php?rest_route=%2Fwp%2Fv2%2Fcategories&post=22197"},{"taxonomy":"post_tag","embeddable":true,"href":"https:\/\/www.sportchaco.com.ar\/index.php?rest_route=%2Fwp%2Fv2%2Ftags&post=22197"}],"curies":[{"name":"wp","href":"https:\/\/api.w.org\/{rel}","templated":true}]}}