{"id":2221,"date":"2023-10-25T20:38:48","date_gmt":"2023-10-25T23:38:48","guid":{"rendered":"https:\/\/www.sportchaco.com.ar\/?p=2221"},"modified":"2023-10-25T20:38:48","modified_gmt":"2023-10-25T23:38:48","slug":"abraham-monteseirin-e-ibarra-tampoco-seguiran-en-for-ever","status":"publish","type":"post","link":"https:\/\/www.sportchaco.com.ar\/?p=2221","title":{"rendered":"Abraham, Monteseirin e Ibarra tampoco seguir\u00e1n en For Ever"},"content":{"rendered":"<p>Luego de lograr conservar su lugar en la Primera Nacional con un sprint final que lo llev\u00f3 a terminar en el puesto 13 con 40 unidades, For Ever trabaja en la planificaci\u00f3n del plantel de la pr\u00f3xima temporada del certamen de ascenso y en las \u00faltimas horas se conoci\u00f3 que el lateral Ignacio Abraham no ser\u00e1 tenido en cuenta por el entrenador Ricardo Pancaldo, por lo que deber\u00e1 buscar un nuevo club donde continuar con su carrera.<\/p>\n<p>Tampoco continuar\u00e1 el defensor Facundo Monteseirin, as\u00ed como el delantero Cristian Ibarra, qui\u00e9n seguir\u00eda su rumbo a pr\u00e9stamo lejos de Resistencia.<\/p>\n<p>En el caso del zaguero ex Tigre, los pr\u00f3ximos d\u00edas ser\u00e1n decisivos al evaluar si se alejar\u00e1 del club o si pondr\u00e1 punto final a su carrera como futbolista profesional. Recordemos que estas partidas se sumaron a las de Lucas Fern\u00e1ndez, Emanuel Diaz, Enzo Bruno, Nicol\u00e1s Ju\u00e1rez, Claudio Villagra y Emiliano Bogado.<\/p>\n<p>Cabe destacar que la comisi\u00f3n directiva del elenco chaque\u00f1o tiene la intenci\u00f3n de mantener la base del equipo y por ello se encuentran trabajando, negociando y dialogando con los jugadores que ser\u00e1n tenidos en cuenta por el entrenador para la pr\u00f3xima temporada de la Primera Nacional.<\/p>\n<p>Por otro lado, Ricardo Pancaldo decidi\u00f3 licenciar al plantel hasta el pr\u00f3ximo 6 de noviembre, y en lo que se refiere a la pr\u00f3xima temporada de la Primera Nacional por el momento no hay noticias del formato de competencia ni de la fecha de inicio del mismo.<\/p>\n<p><b>EL PLANTEL HOY<\/b><br \/>\n<b>ARQUEROS<\/b><br \/>\nGast\u00f3n Canuto<br \/>\nLuciano Silva (tiene contrato hasta 2024)<br \/>\nLeandro Ledesma<\/p>\n<p><b>DEFENSORES<\/b><br \/>\nJuan Galetto<br \/>\nDavid Valdez<br \/>\nGino Barbieri (a pr\u00e9stamo; es de Belgrano)<br \/>\nEmir Faccioli<br \/>\nRicardo Garay Lima<br \/>\nYair Mar\u00edn<br \/>\nMarcos Fissore<\/p>\n<p><b>VOLANTES<\/b><br \/>\nAlan Sombra (tiene contrato hasta 2024)<br \/>\nSantiago Valenzuela<br \/>\nDiego S\u00e1nchez Paredes<br \/>\nMateo Maccari<br \/>\nJavier Iritier (tiene contrato hasta 2024)<br \/>\nBrian Nievas (a pr\u00e9stamo; es de Patronato)<br \/>\nLeandro Allende<br \/>\nJavier Bayk<\/p>\n<p><b>DELANTEROS<\/b><br \/>\nNicol\u00e1s Silva<br \/>\nGonzalo R\u00edos (tiene contrato hasta 2024)<br \/>\nJonathan Dellarossa (a pr\u00e9stamo; es de Instituto)<br \/>\nMat\u00edas Romero<\/p>\n","protected":false},"excerpt":{"rendered":"<p>Luego de lograr conservar su lugar en la Primera Nacional con un sprint final que lo llev\u00f3 a terminar en el puesto 13 con 40 unidades, For Ever trabaja en la planificaci\u00f3n del plantel de la pr\u00f3xima temporada del certamen de ascenso y en las \u00faltimas horas se conoci\u00f3 que el lateral Ignacio Abraham no &hellip;<\/p>\n","protected":false},"author":3,"featured_media":2222,"comment_status":"open","ping_status":"open","sticky":false,"template":"","format":"standard","meta":{"footnotes":""},"categories":[5],"tags":[],"class_list":["post-2221","post","type-post","status-publish","format-standard","has-post-thumbnail","hentry","category-futbol"],"_links":{"self":[{"href":"https:\/\/www.sportchaco.com.ar\/index.php?rest_route=\/wp\/v2\/posts\/2221","targetHints":{"allow":["GET"]}}],"collection":[{"href":"https:\/\/www.sportchaco.com.ar\/index.php?rest_route=\/wp\/v2\/posts"}],"about":[{"href":"https:\/\/www.sportchaco.com.ar\/index.php?rest_route=\/wp\/v2\/types\/post"}],"author":[{"embeddable":true,"href":"https:\/\/www.sportchaco.com.ar\/index.php?rest_route=\/wp\/v2\/users\/3"}],"replies":[{"embeddable":true,"href":"https:\/\/www.sportchaco.com.ar\/index.php?rest_route=%2Fwp%2Fv2%2Fcomments&post=2221"}],"version-history":[{"count":1,"href":"https:\/\/www.sportchaco.com.ar\/index.php?rest_route=\/wp\/v2\/posts\/2221\/revisions"}],"predecessor-version":[{"id":2223,"href":"https:\/\/www.sportchaco.com.ar\/index.php?rest_route=\/wp\/v2\/posts\/2221\/revisions\/2223"}],"wp:featuredmedia":[{"embeddable":true,"href":"https:\/\/www.sportchaco.com.ar\/index.php?rest_route=\/wp\/v2\/media\/2222"}],"wp:attachment":[{"href":"https:\/\/www.sportchaco.com.ar\/index.php?rest_route=%2Fwp%2Fv2%2Fmedia&parent=2221"}],"wp:term":[{"taxonomy":"category","embeddable":true,"href":"https:\/\/www.sportchaco.com.ar\/index.php?rest_route=%2Fwp%2Fv2%2Fcategories&post=2221"},{"taxonomy":"post_tag","embeddable":true,"href":"https:\/\/www.sportchaco.com.ar\/index.php?rest_route=%2Fwp%2Fv2%2Ftags&post=2221"}],"curies":[{"name":"wp","href":"https:\/\/api.w.org\/{rel}","templated":true}]}}