{"id":22211,"date":"2025-07-16T18:50:06","date_gmt":"2025-07-16T21:50:06","guid":{"rendered":"https:\/\/www.sportchaco.com.ar\/?p=22211"},"modified":"2025-07-17T10:56:46","modified_gmt":"2025-07-17T13:56:46","slug":"22211","status":"publish","type":"post","link":"https:\/\/www.sportchaco.com.ar\/?p=22211","title":{"rendered":"El Puma Pirota, un campe\u00f3n de la vida en el Mundial de 80 a\u00f1os"},"content":{"rendered":"<p><strong>16-07-2025<\/strong><\/p>\n<p><img loading=\"lazy\" decoding=\"async\" class=\"aligncenter wp-image-20253 size-full\" src=\"https:\/\/www.sportchaco.com.ar\/wp-content\/uploads\/2025\/06\/Campo-720x90-13.gif\" alt=\"\" width=\"1500\" height=\"188\" \/><\/p>\n<p>Pirota enfatiza que los logros son un reconocimiento al Chaco y a su familia, mencionando su continua preparaci\u00f3n f\u00edsica y su compromiso con el deporte. Se mencionan futuros compromisos como el campeonato panamericano en El Salvador y el mundial en Fortaleza, Brasil.<\/p>\n<p>En el programa &#8216;Cara y Ceca del Deporte&#8217;, se abord\u00f3 el Campeonato Mundial de B\u00e1squet y se tuvo una conversaci\u00f3n especial con Alejandro &#8216;Puma&#8217; Pirota, un destacado jugador que ha sido homenajeado por su trayectoria.<\/p>\n<p><img decoding=\"async\" src=\"https:\/\/scontent.fcnq2-1.fna.fbcdn.net\/v\/t39.30808-6\/518311267_122141767718781732_1285233778613642031_n.jpg?_nc_cat=100&amp;ccb=1-7&amp;_nc_sid=127cfc&amp;_nc_ohc=URdCOo-nE60Q7kNvwEiFj1-&amp;_nc_oc=AdkBIRAjTywCjkkUAGp_0-40F63usfFY0JWXdAgjh_5hTTgRcZFVz9H4I046Gf3p81g&amp;_nc_zt=23&amp;_nc_ht=scontent.fcnq2-1.fna&amp;_nc_gid=ZZlL9w0F03dyHzX5IXVrPA&amp;oh=00_AfRblV54s1Tw1UrVvfzN6HBraTzGAn5lqc7NH9TrqEI5yw&amp;oe=687DE43B\" alt=\"Puede ser una imagen de 9 personas y texto que dice &quot;\u0e23\u0e32 \ubc18\uc774\ub3c4 Instituto del Deporie crie Chaque\u00f1o Gobierno CACO del&quot;\" \/><\/p>\n<p><strong>El Puma Pirota con la bandera de Chaco y de la Argentina en Suiza<\/strong><\/p>\n<p>Pirota comparti\u00f3 su experiencia en el campeonato mundial celebrado en Suiza, donde Argentina logr\u00f3 un cuarto lugar, destac\u00e1ndose como el mejor equipo sudamericano. Adem\u00e1s, se destacaron los reconocimientos que ha recibido a lo largo de su carrera y su nombramiento como embajador del baloncesto argentino. La importancia de la familia en su preparaci\u00f3n y motivaci\u00f3n fue un tema recurrente, con Pirota enfatizando que su \u00e9xito es tambi\u00e9n un reflejo del apoyo familiar y comunitario.<\/p>\n<p>El di\u00e1logo tambi\u00e9n abord\u00f3 su dedicaci\u00f3n continua al deporte a los 80 a\u00f1os y su compromiso con el equipo, as\u00ed como los pr\u00f3ximos retos en el Campeonato Panamericano y un futuro mundial. La charla culmin\u00f3 en un tono de agradecimiento y reflexi\u00f3n sobre el impacto del deporte en su vida y en la comunidad chaque\u00f1a.<\/p>\n<p><img decoding=\"async\" src=\"https:\/\/scontent.fcnq2-1.fna.fbcdn.net\/v\/t39.30808-6\/518273083_122141767724781732_8645939715653712168_n.jpg?_nc_cat=100&amp;ccb=1-7&amp;_nc_sid=127cfc&amp;_nc_ohc=D9dKILYL0BkQ7kNvwE2M9GS&amp;_nc_oc=Adlq5TVKYD8omeTYMLQPbnwF5PCOJJV0iP5NPcyQLjG5yKXdwxJoNSrEbuvq3_nqydI&amp;_nc_zt=23&amp;_nc_ht=scontent.fcnq2-1.fna&amp;_nc_gid=nfUwECHChl-ty7KaQ2mckw&amp;oh=00_AfRtGwG6bJT7USkT3m01DmtToMCbjUK-28yPdrgJG_L_oA&amp;oe=687E0445\" alt=\"Puede ser una imagen de 12 personas, personas jugando al baloncesto y personas jugando al v\u00f3leibol\" \/><\/p>\n<p><strong>El equipo argntino en el Mundial de 80 a\u00f1os de b\u00e1squetbol<\/strong><\/p>\n<p><strong>Aspectos destacados<br \/>\n<\/strong>La apertura de la conversaci\u00f3n se realiz\u00f3 con un saludo informal por parte de Luis Dar\u00edo Molodezky, quien introdujo el tema del campeonato mundial de b\u00e1squet. El tono fue amigable y se estableci\u00f3 un ambiente de camarader\u00eda. Se destac\u00f3 la importancia de la conexi\u00f3n personal con el invitado, el Puma Pirota, quien es un \u00edcono del deporte en la regi\u00f3n.<\/p>\n<p>La introducci\u00f3n sirvi\u00f3 como un puente para presentar el tema principal de la conversaci\u00f3n, que es el Campeonato Mundial de B\u00e1squet. A trav\u00e9s de este segmento, se pueden identificar patrones de argumentaci\u00f3n donde el presentador establece el contexto y presenta la relevancia del evento deportivo, adem\u00e1s de los logros del Puma en su carrera. Las interacciones son fluidas, mostrando un enfoque en la figura del Puma como un referente y una voz respetada en el \u00e1mbito deportivo.<\/p>\n<p>A medida que se desarrolla la conversaci\u00f3n, el Puma Pirota entra en detalles sobre el campeonato mundial celebrado en Suiza. Se charla sobre los resultados y los desaf\u00edos enfrentados por el equipo argentino, que logr\u00f3 un cuarto lugar. A trav\u00e9s de este segmento, se observa un movimiento argumentativo donde Pirota presenta primero su satisfacci\u00f3n y luego reflexiona sobre los errores cometidos en un partido clave, lo que resalta su autocr\u00edtica y compromiso con la mejora continua. Este segmento tambi\u00e9n revela una tendencia de di\u00e1logo interactivo, donde las preguntas permiten a Pirota profundizar en experiencias personales y profesionales, creando un ambiente de reflexi\u00f3n y an\u00e1lisis sobre la realidad del baloncesto en Sudam\u00e9rica.<\/p>\n<p style=\"text-align: center;\"><img loading=\"lazy\" decoding=\"async\" class=\"aligncenter wp-image-22213 size-large\" src=\"https:\/\/www.sportchaco.com.ar\/wp-content\/uploads\/2025\/07\/Pirota-LDM-UTN-1024x768.jpeg\" alt=\"\" width=\"1024\" height=\"768\" srcset=\"https:\/\/www.sportchaco.com.ar\/wp-content\/uploads\/2025\/07\/Pirota-LDM-UTN-1024x768.jpeg 1024w, https:\/\/www.sportchaco.com.ar\/wp-content\/uploads\/2025\/07\/Pirota-LDM-UTN-300x225.jpeg 300w, https:\/\/www.sportchaco.com.ar\/wp-content\/uploads\/2025\/07\/Pirota-LDM-UTN-768x576.jpeg 768w, https:\/\/www.sportchaco.com.ar\/wp-content\/uploads\/2025\/07\/Pirota-LDM-UTN.jpeg 1280w\" sizes=\"auto, (max-width: 1024px) 100vw, 1024px\" \/><strong>Puma Pirota con el periodista Luis Dar\u00edo Molodezky<\/strong><\/p>\n<p>En este segmento, Pirota comparte su experiencia personal sobre convertirse en el \u00fanico jugador de la historia en cumplir 40 a\u00f1os en el \u00e1mbito internacional. Esto refleja su trayectoria impresionante y su dedicaci\u00f3n al deporte. Se puede observar una estructura discursiva clara, donde Pirota narra su historia, comenzando desde su inicio en el baloncesto hasta su actual participaci\u00f3n. Este relato no solo resalta logros deportivos, sino tambi\u00e9n la importancia de la perseverancia y la pasi\u00f3n por el deporte. Adem\u00e1s, se percibe una fuerte conexi\u00f3n emocional con su trayectoria, lo que a\u00f1ade una dimensi\u00f3n personal a la discusi\u00f3n. El uso de an\u00e9cdotas y momentos significativos en su vida deportiva ayuda a mantener el inter\u00e9s del oyente y a resaltar el impacto del deporte en su identidad.<\/p>\n<p><img loading=\"lazy\" decoding=\"async\" class=\"aligncenter wp-image-22214 size-full\" src=\"https:\/\/www.sportchaco.com.ar\/wp-content\/uploads\/2025\/07\/PIROTA-1.jpg\" alt=\"\" width=\"2012\" height=\"1629\" srcset=\"https:\/\/www.sportchaco.com.ar\/wp-content\/uploads\/2025\/07\/PIROTA-1.jpg 2012w, https:\/\/www.sportchaco.com.ar\/wp-content\/uploads\/2025\/07\/PIROTA-1-300x243.jpg 300w, https:\/\/www.sportchaco.com.ar\/wp-content\/uploads\/2025\/07\/PIROTA-1-1024x829.jpg 1024w, https:\/\/www.sportchaco.com.ar\/wp-content\/uploads\/2025\/07\/PIROTA-1-768x622.jpg 768w, https:\/\/www.sportchaco.com.ar\/wp-content\/uploads\/2025\/07\/PIROTA-1-1536x1244.jpg 1536w\" sizes=\"auto, (max-width: 2012px) 100vw, 2012px\" \/><strong>La euforia de un campe\u00f3n de la vida, el Puma Pirota<\/strong><\/p>\n<p>Pirota menciona los homenajes que ha recibido, lo que abre un di\u00e1logo sobre el reconocimiento en el deporte. Este segmento destaca la influencia de su familia y comunidad en su \u00e9xito, enfatizando que los premios no son solo personales, sino un reflejo del apoyo que ha recibido. La interacci\u00f3n muestra la combinaci\u00f3n de elementos emocionales y racionales, dando peso a su discurso sobre la importancia de la comunidad en el deporte.<\/p>\n<p><strong>Pirota recordando su paso y campeonto con Hind\u00fa y tambi\u00e9n con Don Orione<br \/>\n<\/strong>El Puma tambi\u00e9n menciona su papel como capit\u00e1n, lo que a\u00f1ade una capa de responsabilidad y liderazgo a su narrativa. Este di\u00e1logo se caracteriza por un enfoque en el legado y el impacto que ha tenido en la vida de otros, encapsulando la esencia de los homenajes recibidos.<\/p>\n<p>En este segmento, se aborda el tema del compromiso de Pirota con el deporte, mencionando su rutina de entrenamiento y su dedicaci\u00f3n.<\/p>\n<p>Pirota destaca la importancia de mantenerse activo y comprometido, incluso a los 80 a\u00f1os, lo que resuena con el p\u00fablico como un mensaje de motivaci\u00f3n. Su relato sobre la pr\u00e1ctica constante y el apoyo de sus compa\u00f1eros refuerza la idea de que el deporte es un esfuerzo colectivo. Este segmento est\u00e1 marcado por una interacci\u00f3n din\u00e1mica, donde se combina la narraci\u00f3n personal con reflexiones sobre la disciplina deportiva.<\/p>\n<p><img loading=\"lazy\" decoding=\"async\" class=\"aligncenter wp-image-22216 size-full\" src=\"https:\/\/www.sportchaco.com.ar\/wp-content\/uploads\/2025\/07\/Pirota-y-Potolo.jpg\" alt=\"\" width=\"1194\" height=\"1064\" srcset=\"https:\/\/www.sportchaco.com.ar\/wp-content\/uploads\/2025\/07\/Pirota-y-Potolo.jpg 1194w, https:\/\/www.sportchaco.com.ar\/wp-content\/uploads\/2025\/07\/Pirota-y-Potolo-300x267.jpg 300w, https:\/\/www.sportchaco.com.ar\/wp-content\/uploads\/2025\/07\/Pirota-y-Potolo-1024x913.jpg 1024w, https:\/\/www.sportchaco.com.ar\/wp-content\/uploads\/2025\/07\/Pirota-y-Potolo-768x684.jpg 768w\" sizes=\"auto, (max-width: 1194px) 100vw, 1194px\" \/><\/p>\n<p>Finalmente, el segmento concluye con palabras de agradecimiento del Puma hacia el programa y su audiencia. Este cierre refuerza el sentido de comunidad y conexi\u00f3n que se ha cultivado a lo largo de la conversaci\u00f3n. La interacci\u00f3n se mantiene positiva y de camarader\u00eda, resaltando la importancia de compartir historias y experiencias.<\/p>\n<p>Pirota se despide enfatizando que sus logros son para todos los que lo han apoyado, lo que cierra el c\u00edrculo de su mensaje sobre la unidad y el trabajo en equipo. Este segmento refleja una transici\u00f3n hacia el cierre de la entrevista, donde el tono se vuelve m\u00e1s reflexivo, dejando una impresi\u00f3n duradera sobre la importancia del apoyo familiar y comunitario en el deporte.<\/p>\n<p><strong>Origen de la nota:<\/strong> Cara y Ceca del Deporte con Marcos Daniel Acosta, Facundo Maciel, Edgar Quintero y Luis Dar\u00edo Molodezky (Radio Provincia del Chaco &#8211; 101.5)<\/p>\n<p><em><strong>Foto portada: El Puma Pirota embajador del b\u00e1squetbol argentino<\/strong><\/em><\/p>\n<p>&nbsp;<\/p>\n<header class=\"article-header\">\n<h2 class=\"post-title\">Orgullo argentino: tienen m\u00e1s de 80 a\u00f1os y quedaron cuartos en el Mundial de B\u00e1squet<\/h2>\n<\/header>\n<section class=\"entry-content clearfix\">La 17\u00b0 edici\u00f3n del\u00a0<strong>Mundial de Maxibaloncesto<\/strong>, celebrada en\u00a0<strong>Suiza<\/strong>\u00a0hasta el domingo 6 de julio, reuni\u00f3 a 400 equipos de todo el mundo y tuvo una destacada participaci\u00f3n argentina. El equipo nacional de la categor\u00eda +80, integrado mayoritariamente por m\u00e9dicos y profesionales de la salud, logr\u00f3 una hist\u00f3rica cuarta posici\u00f3n tras disputar un re\u00f1ido partido por el podio frente a Alemania.<span class=\"mejs-offscreen\">Reproductor de audio<\/span><\/p>\n<div id=\"mep_0\" class=\"mejs-container mejs-container-keyboard-inactive wp-audio-shortcode mejs-audio\" tabindex=\"0\" role=\"application\" aria-label=\"Reproductor de audio\">\n<div class=\"mejs-inner\">\n<div class=\"mejs-mediaelement\"><\/div>\n<div class=\"mejs-layers\"><\/div>\n<div class=\"mejs-controls\">\n<div class=\"mejs-horizontal-volume-total\">\n<div class=\"mejs-horizontal-volume-current\"><\/div>\n<\/div>\n<\/div>\n<\/div>\n<\/div>\n<p>&nbsp;<\/p>\n<p><strong>Eduardo Attis<\/strong>, odont\u00f3logo y miembro del plantel argentino\u00a0<strong>\u201cMelenas Blancas\u201d<\/strong>\u00a0-como les dicen-, dialog\u00f3 con el equipo de\u00a0<strong>Creer o reventar<\/strong>\u00a0y remarc\u00f3 el enorme valor simb\u00f3lico de la experiencia. Destac\u00f3 que este logro trasciende lo deportivo, porque refleja la posibilidad de seguir activos, disfrutando del deporte y representando al pa\u00eds incluso superadas las ocho d\u00e9cadas de vida.<\/p>\n<blockquote><p>\u00abSomos diez jugadores mayores de 80 a\u00f1os. La mayor\u00eda de los compa\u00f1eros que fuimos hicimos actividad f\u00edsica y siempre estuvimos activos, ya sea corriendo o haciendo gimnasia. El puesto es totalmente secundario y circunstancial en relaci\u00f3n a lo que hemos vivido, es de una dimensi\u00f3n tremenda\u00bb, expres\u00f3.<\/p><\/blockquote>\n<div><img loading=\"lazy\" decoding=\"async\" class=\"attachment-post-thumbnail size-post-thumbnail wp-post-image\" src=\"https:\/\/d5ofdvz67shaj.cloudfront.net\/original\/?url=https:\/\/cdn.radionacional.com.ar\/wp-content\/uploads\/2025\/07\/basquet.jpg\" sizes=\"auto, (max-width: 1280px) 100vw, 1280px\" srcset=\"https:\/\/d5ofdvz67shaj.cloudfront.net\/original\/?url=https:\/\/cdn.radionacional.com.ar\/wp-content\/uploads\/2025\/07\/basquet.jpg 1280w, https:\/\/d5ofdvz67shaj.cloudfront.net\/original\/?url=https:\/\/cdn.radionacional.com.ar\/wp-content\/uploads\/2025\/07\/basquet-700x394.jpg 700w, https:\/\/d5ofdvz67shaj.cloudfront.net\/original\/?url=https:\/\/cdn.radionacional.com.ar\/wp-content\/uploads\/2025\/07\/basquet-1024x576.jpg 1024w, https:\/\/d5ofdvz67shaj.cloudfront.net\/original\/?url=https:\/\/cdn.radionacional.com.ar\/wp-content\/uploads\/2025\/07\/basquet-510x287.jpg 510w, https:\/\/d5ofdvz67shaj.cloudfront.net\/original\/?url=https:\/\/cdn.radionacional.com.ar\/wp-content\/uploads\/2025\/07\/basquet-768x432.jpg 768w\" alt=\"\" width=\"1280\" height=\"720\" \/><\/div>\n<div><\/div>\n<\/section>\n<p><img loading=\"lazy\" decoding=\"async\" class=\"aligncenter wp-image-20217 size-full\" src=\"https:\/\/www.sportchaco.com.ar\/wp-content\/uploads\/2025\/06\/300x250-1.gif\" alt=\"\" width=\"626\" height=\"522\" \/><\/p>\n","protected":false},"excerpt":{"rendered":"<p>16-07-2025 Pirota enfatiza que los logros son un reconocimiento al Chaco y a su familia, mencionando su continua preparaci\u00f3n f\u00edsica y su compromiso con el deporte. Se mencionan futuros compromisos como el campeonato panamericano en El Salvador y el mundial en Fortaleza, Brasil. En el programa &#8216;Cara y Ceca del Deporte&#8217;, se abord\u00f3 el Campeonato &hellip;<\/p>\n","protected":false},"author":2,"featured_media":22212,"comment_status":"open","ping_status":"open","sticky":false,"template":"","format":"standard","meta":{"footnotes":""},"categories":[3],"tags":[],"class_list":["post-22211","post","type-post","status-publish","format-standard","has-post-thumbnail","hentry","category-basquetbol"],"_links":{"self":[{"href":"https:\/\/www.sportchaco.com.ar\/index.php?rest_route=\/wp\/v2\/posts\/22211","targetHints":{"allow":["GET"]}}],"collection":[{"href":"https:\/\/www.sportchaco.com.ar\/index.php?rest_route=\/wp\/v2\/posts"}],"about":[{"href":"https:\/\/www.sportchaco.com.ar\/index.php?rest_route=\/wp\/v2\/types\/post"}],"author":[{"embeddable":true,"href":"https:\/\/www.sportchaco.com.ar\/index.php?rest_route=\/wp\/v2\/users\/2"}],"replies":[{"embeddable":true,"href":"https:\/\/www.sportchaco.com.ar\/index.php?rest_route=%2Fwp%2Fv2%2Fcomments&post=22211"}],"version-history":[{"count":6,"href":"https:\/\/www.sportchaco.com.ar\/index.php?rest_route=\/wp\/v2\/posts\/22211\/revisions"}],"predecessor-version":[{"id":22239,"href":"https:\/\/www.sportchaco.com.ar\/index.php?rest_route=\/wp\/v2\/posts\/22211\/revisions\/22239"}],"wp:featuredmedia":[{"embeddable":true,"href":"https:\/\/www.sportchaco.com.ar\/index.php?rest_route=\/wp\/v2\/media\/22212"}],"wp:attachment":[{"href":"https:\/\/www.sportchaco.com.ar\/index.php?rest_route=%2Fwp%2Fv2%2Fmedia&parent=22211"}],"wp:term":[{"taxonomy":"category","embeddable":true,"href":"https:\/\/www.sportchaco.com.ar\/index.php?rest_route=%2Fwp%2Fv2%2Fcategories&post=22211"},{"taxonomy":"post_tag","embeddable":true,"href":"https:\/\/www.sportchaco.com.ar\/index.php?rest_route=%2Fwp%2Fv2%2Ftags&post=22211"}],"curies":[{"name":"wp","href":"https:\/\/api.w.org\/{rel}","templated":true}]}}