{"id":22232,"date":"2025-07-16T21:10:21","date_gmt":"2025-07-17T00:10:21","guid":{"rendered":"https:\/\/www.sportchaco.com.ar\/?p=22232"},"modified":"2025-07-16T21:10:21","modified_gmt":"2025-07-17T00:10:21","slug":"muchas-bajas-en-for-ever-en-la-previa-del-partido-en-mataderos","status":"publish","type":"post","link":"https:\/\/www.sportchaco.com.ar\/?p=22232","title":{"rendered":"Muchas bajas en For Ever en la previa del partido en Mataderos"},"content":{"rendered":"<p><strong>16-07-2025<\/strong><\/p>\n<p><img loading=\"lazy\" decoding=\"async\" class=\"aligncenter wp-image-18623 size-full\" src=\"https:\/\/www.sportchaco.com.ar\/wp-content\/uploads\/2025\/04\/720x90-2-scaled.gif\" alt=\"\" width=\"2560\" height=\"321\" \/><\/p>\n<p>For Ever retorn\u00f3 a los entrenamientos y el DT Ricardo Pancaldo ya empez\u00f3 a planificar el juego del domingo, a las 18, cuando visite a Nueva Chicago en Mataderos por la 23\u00aa fecha de la zona B de la Primera Nacional de f\u00fatbol.<\/p>\n<p>A las bajas de los sancionados Ramiro Fern\u00e1ndez y Juan Manuel Carrizo (ambos con cinco amarillas), se suman cinco jugadores lesionados: Mauricio Rosales (desgarro), Santiago Valenzuela (desgarro), Brian Nievas (desgarro), Franco Perinciolo (molestia en el pubis) y Brandon Obreg\u00f3n (molestia muscular). El que evoluciona bien y podr\u00eda llegar es el volante central Santiago \u00dabeda (sobrecarga).<\/p>\n<p>Pancaldo \u00abparar\u00e1\u00bb el equipo en las pr\u00e1cticas de ma\u00f1ana y el viernes. Y el mismo viernes por la noche el plantel partir\u00e1 a Buenos Aires.<\/p>\n<p>For Ever marcha en el sexto lugar en el grupo B (est\u00e1 hoy en zona de Reducido), pero necesita seguir sumando en estas 12 fechas que quedan para llegar a los play-off y luchar por el segundo ascenso.<\/p>\n<p><em><strong>Fuente: Diario NORTE<\/strong><\/em><\/p>\n<p><img loading=\"lazy\" decoding=\"async\" class=\"aligncenter wp-image-21077 size-full\" src=\"https:\/\/www.sportchaco.com.ar\/wp-content\/uploads\/2025\/06\/PARQUE-SOLAR_200x200-01-1.gif\" alt=\"\" width=\"417\" height=\"417\" \/><\/p>\n","protected":false},"excerpt":{"rendered":"<p>16-07-2025 For Ever retorn\u00f3 a los entrenamientos y el DT Ricardo Pancaldo ya empez\u00f3 a planificar el juego del domingo, a las 18, cuando visite a Nueva Chicago en Mataderos por la 23\u00aa fecha de la zona B de la Primera Nacional de f\u00fatbol. A las bajas de los sancionados Ramiro Fern\u00e1ndez y Juan Manuel &hellip;<\/p>\n","protected":false},"author":3,"featured_media":16415,"comment_status":"open","ping_status":"open","sticky":false,"template":"","format":"standard","meta":{"footnotes":""},"categories":[5],"tags":[],"class_list":["post-22232","post","type-post","status-publish","format-standard","has-post-thumbnail","hentry","category-futbol"],"_links":{"self":[{"href":"https:\/\/www.sportchaco.com.ar\/index.php?rest_route=\/wp\/v2\/posts\/22232","targetHints":{"allow":["GET"]}}],"collection":[{"href":"https:\/\/www.sportchaco.com.ar\/index.php?rest_route=\/wp\/v2\/posts"}],"about":[{"href":"https:\/\/www.sportchaco.com.ar\/index.php?rest_route=\/wp\/v2\/types\/post"}],"author":[{"embeddable":true,"href":"https:\/\/www.sportchaco.com.ar\/index.php?rest_route=\/wp\/v2\/users\/3"}],"replies":[{"embeddable":true,"href":"https:\/\/www.sportchaco.com.ar\/index.php?rest_route=%2Fwp%2Fv2%2Fcomments&post=22232"}],"version-history":[{"count":1,"href":"https:\/\/www.sportchaco.com.ar\/index.php?rest_route=\/wp\/v2\/posts\/22232\/revisions"}],"predecessor-version":[{"id":22233,"href":"https:\/\/www.sportchaco.com.ar\/index.php?rest_route=\/wp\/v2\/posts\/22232\/revisions\/22233"}],"wp:featuredmedia":[{"embeddable":true,"href":"https:\/\/www.sportchaco.com.ar\/index.php?rest_route=\/wp\/v2\/media\/16415"}],"wp:attachment":[{"href":"https:\/\/www.sportchaco.com.ar\/index.php?rest_route=%2Fwp%2Fv2%2Fmedia&parent=22232"}],"wp:term":[{"taxonomy":"category","embeddable":true,"href":"https:\/\/www.sportchaco.com.ar\/index.php?rest_route=%2Fwp%2Fv2%2Fcategories&post=22232"},{"taxonomy":"post_tag","embeddable":true,"href":"https:\/\/www.sportchaco.com.ar\/index.php?rest_route=%2Fwp%2Fv2%2Ftags&post=22232"}],"curies":[{"name":"wp","href":"https:\/\/api.w.org\/{rel}","templated":true}]}}