{"id":22240,"date":"2025-07-17T12:47:21","date_gmt":"2025-07-17T15:47:21","guid":{"rendered":"https:\/\/www.sportchaco.com.ar\/?p=22240"},"modified":"2025-07-17T12:47:21","modified_gmt":"2025-07-17T15:47:21","slug":"revision-medica-para-juanfer-quintero","status":"publish","type":"post","link":"https:\/\/www.sportchaco.com.ar\/?p=22240","title":{"rendered":"Revisi\u00f3n m\u00e9dica para Juanfer Quintero"},"content":{"rendered":"<div class=\"nota__heading\">\n<h1 class=\"nota__heading__title\"><span style=\"font-size: 16px; font-weight: 400;\">\u00a017 de julio de 2025<\/span><\/h1>\n<h1 class=\"nota__heading__title\">Revisi\u00f3n m\u00e9dica para Juanfer Quintero<\/h1>\n<p class=\"nota__heading__subtitle\"><strong>El crack colombiano Juan Fernando Quinteros lleg\u00f3 hoy\u00a0 \u00a0 \u00a0 \u00a0 \u00a0 \u00a0 \u00a0 \u00a0 \u00a0 \u00a0 \u00a0 \u00a0 \u00a0 \u00a0 \u00a0 \u00a0 \u00a0 \u00a0 \u00a0 \u00a0 \u00a0 \u00a0 \u00a0 \u00a0 \u00a0 \u00a0 \u00a0 \u00a0 \u00a0 \u00a0a Buenos Aires para sellar un nuevo v\u00ednculo con el club de N\u00fa\u00f1ez tras su ef\u00edmero paso por Am\u00e9rica de Cali.<\/strong><\/p>\n<div class=\"nota__heading__author\">\n<div class=\"_icon\"><\/div>\n<\/div>\n<\/div>\n<div class=\"nota__main-media\">\n<div class=\"nota__image\"><\/div>\n<div class=\"nota__main-media__legend\"><\/div>\n<\/div>\n<div class=\"nota__body\">\n<div class=\"container\">\n<div class=\"row\">\n<div class=\"eg-grid eg-grid--content\">\n<div class=\"eg-cell__1-1\">\n<div class=\"col-xs-24 col-sm-4 eg-social eg-social--vert\">\n<div class=\"addthis_sharing_toolbox nota_body_social\"><\/div>\n<\/div>\n<\/div>\n<div class=\"eg-cell__2-1\">\n<p><span style=\"color: #000000;\"><strong><a style=\"color: #000000;\" href=\"https:\/\/www.elgrafico.com.ar\/busqueda?termino=JUANFER+QUINTERO\" target=\"_blank\" rel=\"noopener\">JUANFER QUINTERO<\/a>\u00a0<\/strong><\/span>est\u00e1 en el pa\u00eds en busca de\u00a0un nuevo sue\u00f1o en su carrera deportiva al retornar a su casa: Alcorta y Udaondo.<\/p>\n<p>El crack colombiano est\u00e1 a una firma de comenzar su tercer ciclo en River, tras el pago del club de N\u00fa\u00f1ez de 2,5 millones de d\u00f3lares por su pase a Am\u00e9rica de Cali.<\/p>\n<p><img decoding=\"async\" src=\"https:\/\/www.elgrafico.com.ar\/media\/cache\/pub_news_details_large\/media\/i\/c9\/93\/c99379b5d87843722b8631bcdafc911fa2630941.jpg\" \/><\/p>\n<div class=\"nota__main-media\">\n<div class=\"nota__main-media__container\">\n<div id=\"video_0\" class=\"jwplayer jw-reset jw-state-idle jw-stretch-uniform jw-flag-aspect-mode jw-skin-bekle jw-floating-dismissible jw-keep-thumbnail jw-breakpoint-3 jw-flag-user-inactive\" tabindex=\"0\" role=\"application\" aria-label=\"Video Player\" aria-describedby=\"jw-video_0-shortcuts-tooltip-explanation\">\n<div class=\"jw-wrapper jw-reset\">\n<div class=\"jw-controls jw-reset\">\n<div class=\"jw-nextup-container jw-reset\">\n<div class=\"jw-nextup jw-background-color jw-reset\"><\/div>\n<\/div>\n<\/div>\n<\/div>\n<div class=\"afs_ads ad-placement\"><\/div>\n<\/div>\n<\/div>\n<div class=\"nota__main-media__legend\"><strong>Juanfer se despidi\u00f3 de Colombia y River lo espera. ESPN.<\/strong><\/div>\n<\/div>\n<p><strong>A la espera del anuncio oficial, se rumorea que el volante ofensivo paisa\u00a0usar\u00e1 la camiseta n\u00famero 10 dejada por Manuel Lanzini, quien no ser\u00e1 tenido en cuenta por Gallardo.<\/strong>&nbsp;<\/p>\n<p>&nbsp;<\/p>\n<p>El zurdo de 32 a\u00f1os ya utiliz\u00f3 la 10 de River en procesos anteriores, por lo que no ser\u00e1 nada nuevo pero implicar\u00e1 un fuerte impacto desde el punto de vista marketinero.<\/p>\n<p>Juanfer viene a ganarse un puesto. Sus \u00faltimos pasos por Racing y Am\u00e9rica de Cali fueron buenos. Adem\u00e1s, River no tiene un jugador con las caracter\u00edsticas del mediocampista cafetero.<\/p><\/div>\n<div><\/div>\n<div class=\"eg-cell__2-1\">\n<p>Sin embargo, en el actual esquema que utiliza Gallardo (4-3-3)<strong>\u00a0el puesto ideal para Juanfer ser\u00eda el dejado por Franco Mastantuono<\/strong>: una suerte de extremo derecho con libertades.<\/p>\n<p>Estacionado sobre\u00a0la derecha y arrancando hacia adentro para conectar las l\u00edneas entre los volantes y los delanteros.\u00a0<strong>Dif\u00edcilmente Gallardo lo ubique en un\u00a0mediocampo con tres nombres (deber\u00eda salir Casta\u00f1o, Enzo P\u00e9rez o\u00a0Lencina)<\/strong>.<\/p>\n<div class=\"nota__main-media\">\n<div class=\"nota__main-media__legend\"><strong>El gol de Juanfer Quintero a Boca en la final de Madrid de 2018.<\/strong><\/div>\n<\/div>\n<p><strong>Ian Subiabre ocup\u00f3 ese lugar (wing derecho) ante Platense y repetir\u00eda frente a Instituto por la segunda fecha. Pero ahora a Gallardo se le vienen dos problemas lindos: la llegada de Quintero y el inminente regreso de Sebasti\u00e1n Driussi.<\/strong><strong>Quintero se est\u00e1 realizando la revisi\u00f3n m\u00e9dica en la Cl\u00ednica Rossi y luego\u00a0firmar\u00e1 su nuevo contrato<\/strong>\u00a0con el Millonario. Resta saber si viajar\u00e1 a C\u00f3rdoba para el duelo del s\u00e1bado contra Instituto, al menos para acompa\u00f1ar a sus nuevos compa\u00f1eros. La 10 de River lo espera\u00a0para empezar un nuevo cap\u00edtulo en el club donde brill\u00f3 y espera seguir brillando.<\/p>\n<p>arec\u00eda que iba a darse todo r\u00e1pidamente, pero\u00a0<b>los Diablos Rojos obligaron al Millonario a afinar el lapiz<\/b>\u00a0y a subir la oferta para volver a contar con el zurdo de 32 a\u00f1os. Finalmente, se limaron las diferencias y\u00a0<b>el Mu\u00f1eco ya lo espera con los brazos abiertos<\/b>.\u00a0<i>\u201cEsperamos resolver la situaci\u00f3n de Juanfer, depender\u00e1 de su disponibilidad. No hay un acuerdo cerrado, pero est\u00e1 bastante avanzado\u00bb<\/i>, hab\u00eda dicho el DT tras el triunfo ante Platense del debut.<\/p>\n<p>A diferencia de lo que iba a suceder si llegaba con el pase en su poder, que iba a tener un v\u00ednculo de 18 meses,\u00a0<b>Juanfer firmar\u00e1 un contrato con River de nada menos que cuatro a\u00f1os<\/b>. La r\u00fabrica se dar\u00eda este jueves por la tarde, luego de que el crack colombiano se someta a la revisi\u00f3n m\u00e9dica y se acerque a las oficinas del Monumental para sellar su tercer ciclo en el club.<\/p>\n<p>Cuando todo est\u00e9 sellado,\u00a0<b>Quintero se convertir\u00e1 en el segundo refuerzo del Millonario en este mercado de pases<\/b>, tras\u00a0<a href=\"https:\/\/www.tycsports.com\/river-plate\/river-triunfo-platense-maximiliano-salas-gallardo-torneo-clausura-id673686.html\" target=\"_blank\" rel=\"noopener\">la llegada de Maximiliano Salas<\/a>, que ya debut\u00f3 con gol en el Torneo Clausura. Siguen activas las\u00a0<b>negociaciones por Talleres por Juan Carlos Portillo y por Mat\u00edas Galarza Fonda<\/b>, que podr\u00edan cerrarse a cambio de entre 10 y 11 millones de d\u00f3lares por el 80% del pase de ambos.<\/p>\n<\/div>\n<\/div>\n<\/div>\n<\/div>\n<\/div>\n","protected":false},"excerpt":{"rendered":"<p>\u00a017 de julio de 2025 Revisi\u00f3n m\u00e9dica para Juanfer Quintero El crack colombiano Juan Fernando Quinteros lleg\u00f3 hoy\u00a0 \u00a0 \u00a0 \u00a0 \u00a0 \u00a0 \u00a0 \u00a0 \u00a0 \u00a0 \u00a0 \u00a0 \u00a0 \u00a0 \u00a0 \u00a0 \u00a0 \u00a0 \u00a0 \u00a0 \u00a0 \u00a0 \u00a0 \u00a0 \u00a0 \u00a0 \u00a0 \u00a0 \u00a0 \u00a0a Buenos Aires para sellar un nuevo v\u00ednculo con &hellip;<\/p>\n","protected":false},"author":2,"featured_media":22241,"comment_status":"open","ping_status":"open","sticky":false,"template":"","format":"standard","meta":{"footnotes":""},"categories":[47],"tags":[],"class_list":["post-22240","post","type-post","status-publish","format-standard","has-post-thumbnail","hentry","category-nacionales"],"_links":{"self":[{"href":"https:\/\/www.sportchaco.com.ar\/index.php?rest_route=\/wp\/v2\/posts\/22240","targetHints":{"allow":["GET"]}}],"collection":[{"href":"https:\/\/www.sportchaco.com.ar\/index.php?rest_route=\/wp\/v2\/posts"}],"about":[{"href":"https:\/\/www.sportchaco.com.ar\/index.php?rest_route=\/wp\/v2\/types\/post"}],"author":[{"embeddable":true,"href":"https:\/\/www.sportchaco.com.ar\/index.php?rest_route=\/wp\/v2\/users\/2"}],"replies":[{"embeddable":true,"href":"https:\/\/www.sportchaco.com.ar\/index.php?rest_route=%2Fwp%2Fv2%2Fcomments&post=22240"}],"version-history":[{"count":1,"href":"https:\/\/www.sportchaco.com.ar\/index.php?rest_route=\/wp\/v2\/posts\/22240\/revisions"}],"predecessor-version":[{"id":22242,"href":"https:\/\/www.sportchaco.com.ar\/index.php?rest_route=\/wp\/v2\/posts\/22240\/revisions\/22242"}],"wp:featuredmedia":[{"embeddable":true,"href":"https:\/\/www.sportchaco.com.ar\/index.php?rest_route=\/wp\/v2\/media\/22241"}],"wp:attachment":[{"href":"https:\/\/www.sportchaco.com.ar\/index.php?rest_route=%2Fwp%2Fv2%2Fmedia&parent=22240"}],"wp:term":[{"taxonomy":"category","embeddable":true,"href":"https:\/\/www.sportchaco.com.ar\/index.php?rest_route=%2Fwp%2Fv2%2Fcategories&post=22240"},{"taxonomy":"post_tag","embeddable":true,"href":"https:\/\/www.sportchaco.com.ar\/index.php?rest_route=%2Fwp%2Fv2%2Ftags&post=22240"}],"curies":[{"name":"wp","href":"https:\/\/api.w.org\/{rel}","templated":true}]}}