{"id":22253,"date":"2025-07-17T20:22:16","date_gmt":"2025-07-17T23:22:16","guid":{"rendered":"https:\/\/www.sportchaco.com.ar\/?p=22253"},"modified":"2025-07-17T20:23:48","modified_gmt":"2025-07-17T23:23:48","slug":"el-recuerdo-de-luis-viera-de-paso-por-for-ever-san-lorenzo-y-san-pablo","status":"publish","type":"post","link":"https:\/\/www.sportchaco.com.ar\/?p=22253","title":{"rendered":"El recuerdo de Luis Viera, de paso por For Ever, San Lorenzo y San Pablo"},"content":{"rendered":"<p>&nbsp;<\/p>\n<h3><strong>Luis Viera fue uno de los mejores jugadores chaque\u00f1os que tuvieron incursi\u00f3n nacional e internacional. Llegado de Comercio de Presidencia de La Plaza a Chaco For Ever, tuvo dos a\u00f1os inolvidables con el negro, haciendo una dupla inolvidable con Teodoro Maidana. <\/strong><\/h3>\n<p>&nbsp;<\/p>\n<p><strong>Para confirmar nuestra referencia, en 1980 el extraordinario jugador dec\u00eda:<\/strong> \u00a0\u00abjugaba para Comercio de Plaza y cuan do aun no contaba con 17 a\u00f1os ful transferido en el a\u00f1o 1947-a For Ever, en la suma de 1.500 pesos\u201d.<\/p>\n<p>&nbsp;<\/p>\n<p>Para aquella \u00e9poca era mucha plata. Incluse siempre se dijo que fue el pase que m\u00e1s cost\u00f3 en el f\u00fatbol chaque\u00f1o. Tuve la suerte de jugar dos a\u00f1os para For Ever y la satisfacci\u00f3n de salir campe\u00f3n con For Ever y tambi\u00e9n goleador.<\/p>\n<p><strong>Era integrante de una delantera que funcionaba a la perfecci\u00f3n. Viera, Maidana, Canto, Honorio Romero y Oliveira. \u00ab\u00bfPor qu\u00e9 dos a\u00f1os?<\/strong> Porque me transfirieron al f\u00fatbol de Buenos Aires, al glorioso San Lorenzo de Almagro. All\u00ed recal\u00e9 durante cuatro a\u00f1os, desde 1950 hasta 1954. All\u00ed tuve la suerte de jugar y estrechar amistad con grandes como Blazina, Farro, Zubieta. Rasquin, Seoane, U\u00f1ate (tambi\u00e9n chaque\u00f1o), Papa y otras glorias del f\u00fatbol argentino.<\/p>\n<p>Posteriormente me vendieron al exterior, jugu\u00e9 en el San Paulo del Brasil durante el a\u00f1o 1955 y 1956. Un a\u00f1o m\u00e1s tarde regres\u00e9 a la Argentina para defender al equipo de Luj\u00e1n de Cuyo de Mendoza y el 1960 jugu\u00e9 para Uni\u00f3n de Santa Fe. Por fin en 1963 dej\u00e9 la pr\u00e1ctica activa del f\u00fatbol.<\/p>\n<p>Pero el f\u00fatbol es una pasi\u00f3n, es un vicio que dif\u00edcilmente se puede extirpar, ahora estoy presente desde los tablones, alentando y sufriendo en favor de un futbol inteligente, Incisivo y alegre, porque el f\u00fatbol es alegr\u00eda y felicidad, aun cuando muchos se empe\u00f1an en destruirlo y jugarlo mal. A propuesta de unos buenos amigos fui director T\u00e9cnico del Club Alumni de Paran\u00e1 -Entre R\u00edos- durante el a\u00f1o 1970 y con gran suerte campeonamos y el Club ascendi\u00f3 de categor\u00eda.<\/p>\n<p><strong>LA OPINION DE SOUILH\u00c9<\/strong><\/p>\n<p><strong>Quien fuera un brillante dirigente forevista, Enrique Souilh\u00e9, en una nota de hace algunos a\u00f1os hac\u00eda referencia a Luis Viera:<\/strong> \u201cCreo que aquel equipo de 1949 fue extraordinario por su nivel ofensivo. Luis Viera, Teodoro Maidana, Hugo Canto Calo, Honorio Romero y Gerardo \u201cFantasma\u201d Olivera eran delanteros cracks. Luis Viera y Teodoro Maidana despu\u00e9s fueron transferidos a San Lorenzo de Almagro integrando \u201cla famosa delantera de \u201clos gauchos de Boedo\u201d. Con ellos fuera del equipo, el ataque de For Ever perdi\u00f3 brillo. For Ever hab\u00eda estado mucho tiempo sin campeonar (desde 1932 al 1947), reci\u00e9n con Ernesto Schoyez en la presidencia se pudo armar un gran plantel\u201d<\/p>\n<p><img loading=\"lazy\" decoding=\"async\" class=\"alignnone size-medium wp-image-22256 aligncenter\" src=\"https:\/\/www.sportchaco.com.ar\/wp-content\/uploads\/2025\/07\/Luis-viera-nota-diario-300x225.jpg\" alt=\"\" width=\"300\" height=\"225\" srcset=\"https:\/\/www.sportchaco.com.ar\/wp-content\/uploads\/2025\/07\/Luis-viera-nota-diario-300x225.jpg 300w, https:\/\/www.sportchaco.com.ar\/wp-content\/uploads\/2025\/07\/Luis-viera-nota-diario-1024x768.jpg 1024w, https:\/\/www.sportchaco.com.ar\/wp-content\/uploads\/2025\/07\/Luis-viera-nota-diario-768x576.jpg 768w, https:\/\/www.sportchaco.com.ar\/wp-content\/uploads\/2025\/07\/Luis-viera-nota-diario-1536x1152.jpg 1536w, https:\/\/www.sportchaco.com.ar\/wp-content\/uploads\/2025\/07\/Luis-viera-nota-diario.jpg 1600w\" sizes=\"auto, (max-width: 300px) 100vw, 300px\" \/><\/p>\n<p><strong>VIERA Y LAS BOCHAS<\/strong><\/p>\n<p>&nbsp;<\/p>\n<p><strong>En aquel momento le pregunt\u00e1bamos porque eligi\u00f3 las Bochas y el Club Paykin<\/strong>.<\/p>\n<p>\u00abBueno, ocurre que hace pocos meses regres\u00f3 al Chaco y estoy trabajando en Resistencia y como vivo pr\u00f3ximo al Barrio Paykin de inmediato me integre al Club, que est\u00e1 integrado por una maravilla de gente. Muchachos humildes, pero de una generosidad y caridad sin l\u00edmites. Donde el orden y el respeto son dos normas que to dos acatan. Es una felicidad haber recalado en un club de gente pujante y entusiasta.<\/p>\n<p><strong>\u00a0Pero reci\u00e9n comienza a jugar a las bochas?.<\/strong><\/p>\n<p>Mire, ocurre que durante mi estancia en Santa Fe, en mis tiempos libres practicaba esta disciplina deportiva, y ahora nos estamos defendiendo y trataremos de colaborar y hacer las cosas de la mejor manera posible para beneficio del club Paykin.<\/p>\n<p><strong>Las bochas no requieren la disciplina del f\u00fatbol?<\/strong><\/p>\n<p>\u00abMire, cualquier cosa que una persona se proponga realizar en la vida debe tratar de hacer lo mejor posible: ya sea el trabajo, el estudio, el deporte, las artes, lo que sea. Ya mi me gust\u00f3 el f\u00fatbol y siempre trat\u00e9 de superarme y ser consciente de mi trabajo y responsabilidad. Ahora tambi\u00e9n he contra\u00eddo un compromiso con el Club Paykin y tambi\u00e9n pondr\u00e9 a disposici\u00f3n de la instituci\u00f3n todos mis esfuerzos, sacrificios experiencia, amor y fe.<\/p>\n<p>El deporte blanco, aunque muchos no lo crean requiere inteligencia habilidad y una elevada cuota de sacrificios No se olvide que es un deporte amateur que cada jugador debe costearse su indumentaria y las bochas.<\/p>\n<p><strong>\u00bfA prop\u00f3sito, uste cree que el deporte cumple una funci\u00f3n soclal?<\/strong><\/p>\n<p>\u00abPor supuesto, el Club Paykin es a ejemplo. La cultura deportiva debe inserta se en la formaci\u00f3n integral de la persona dad, porque es un medio elicar para et cul vo de las virtudes morales. Realmente, sido feliz encontrarnos con esta vie gron del deporte chaque\u00f1o y hoy humilar dar de bochas del Club Parkin<\/p>\n<p>&nbsp;<\/p>\n<p>&nbsp;<\/p>\n<p>&nbsp;<\/p>\n<p><img loading=\"lazy\" decoding=\"async\" class=\"alignnone size-medium wp-image-22255\" src=\"https:\/\/www.sportchaco.com.ar\/wp-content\/uploads\/2025\/07\/Luis-viera-jugador-230x300.jpg\" alt=\"\" width=\"230\" height=\"300\" srcset=\"https:\/\/www.sportchaco.com.ar\/wp-content\/uploads\/2025\/07\/Luis-viera-jugador-230x300.jpg 230w, https:\/\/www.sportchaco.com.ar\/wp-content\/uploads\/2025\/07\/Luis-viera-jugador.jpg 306w\" sizes=\"auto, (max-width: 230px) 100vw, 230px\" \/><\/p>\n<p><strong><br \/>\n<\/strong><strong>LU\u00cdS VIERA<\/strong><\/p>\n<p>Posici\u00f3n:\u00a0Extremo derecho<strong><br \/>\nP<\/strong><strong>rocedencia:<\/strong>\u00a0Chaco<br \/>\n<strong>Periodo actuaci\u00f3n:<\/strong>\u00a01949 a 1950<br \/>\n<strong>Partidos jugados:<\/strong>\u00a09<br \/>\n<strong>Goles convertidos:<\/strong>\u00a01<br \/>\n<strong>Debut:<\/strong>\u00a027\/1149 con\u00a0Newell&#8217;s<\/p>\n<p><img loading=\"lazy\" decoding=\"async\" class=\"alignnone size-medium wp-image-22258 aligncenter\" src=\"https:\/\/www.sportchaco.com.ar\/wp-content\/uploads\/2025\/07\/Luis-Viera-300x204.jpg\" alt=\"\" width=\"300\" height=\"204\" \/><\/p>\n<p><strong>Luis Viera con los dirigentes hist\u00f3ricos de Paykin Julio Sisti y Amarilla. (Foto 1980)<\/strong><\/p>\n","protected":false},"excerpt":{"rendered":"<p>&nbsp; Luis Viera fue uno de los mejores jugadores chaque\u00f1os que tuvieron incursi\u00f3n nacional e internacional. Llegado de Comercio de Presidencia de La Plaza a Chaco For Ever, tuvo dos a\u00f1os inolvidables con el negro, haciendo una dupla inolvidable con Teodoro Maidana. &nbsp; Para confirmar nuestra referencia, en 1980 el extraordinario jugador dec\u00eda: \u00a0\u00abjugaba para &hellip;<\/p>\n","protected":false},"author":2,"featured_media":22258,"comment_status":"open","ping_status":"open","sticky":false,"template":"","format":"standard","meta":{"footnotes":""},"categories":[1],"tags":[],"class_list":["post-22253","post","type-post","status-publish","format-standard","has-post-thumbnail","hentry","category-fotos-del-recuerdo"],"_links":{"self":[{"href":"https:\/\/www.sportchaco.com.ar\/index.php?rest_route=\/wp\/v2\/posts\/22253","targetHints":{"allow":["GET"]}}],"collection":[{"href":"https:\/\/www.sportchaco.com.ar\/index.php?rest_route=\/wp\/v2\/posts"}],"about":[{"href":"https:\/\/www.sportchaco.com.ar\/index.php?rest_route=\/wp\/v2\/types\/post"}],"author":[{"embeddable":true,"href":"https:\/\/www.sportchaco.com.ar\/index.php?rest_route=\/wp\/v2\/users\/2"}],"replies":[{"embeddable":true,"href":"https:\/\/www.sportchaco.com.ar\/index.php?rest_route=%2Fwp%2Fv2%2Fcomments&post=22253"}],"version-history":[{"count":5,"href":"https:\/\/www.sportchaco.com.ar\/index.php?rest_route=\/wp\/v2\/posts\/22253\/revisions"}],"predecessor-version":[{"id":22261,"href":"https:\/\/www.sportchaco.com.ar\/index.php?rest_route=\/wp\/v2\/posts\/22253\/revisions\/22261"}],"wp:featuredmedia":[{"embeddable":true,"href":"https:\/\/www.sportchaco.com.ar\/index.php?rest_route=\/wp\/v2\/media\/22258"}],"wp:attachment":[{"href":"https:\/\/www.sportchaco.com.ar\/index.php?rest_route=%2Fwp%2Fv2%2Fmedia&parent=22253"}],"wp:term":[{"taxonomy":"category","embeddable":true,"href":"https:\/\/www.sportchaco.com.ar\/index.php?rest_route=%2Fwp%2Fv2%2Fcategories&post=22253"},{"taxonomy":"post_tag","embeddable":true,"href":"https:\/\/www.sportchaco.com.ar\/index.php?rest_route=%2Fwp%2Fv2%2Ftags&post=22253"}],"curies":[{"name":"wp","href":"https:\/\/api.w.org\/{rel}","templated":true}]}}