{"id":22265,"date":"2025-07-17T20:36:21","date_gmt":"2025-07-17T23:36:21","guid":{"rendered":"https:\/\/www.sportchaco.com.ar\/?p=22265"},"modified":"2025-07-17T20:37:27","modified_gmt":"2025-07-17T23:37:27","slug":"leandro-paredes-en-la-lista-de-convocados","status":"publish","type":"post","link":"https:\/\/www.sportchaco.com.ar\/?p=22265","title":{"rendered":"Leandro Paredes en la lista de convocados"},"content":{"rendered":"<header class=\"article-header-wrapper\">\n<div class=\"article-header\">\n<h4 id=\"con-leandro-paredes-como-novedad-miguel-russo-publico-la-lista-de-convocados-de-boca-juniors\" class=\"display-block article-headline text_align_left\">17-7-2025<\/h4>\n<h4><\/h4>\n<h4 class=\"display-block article-headline text_align_left\">Con Leandro Paredes como novedad, Miguel Russo public\u00f3 la lista de convocados de Boca Juniors, El campe\u00f3n del mundo tendr\u00e1 su reestreno ma\u00f1ana ante Uni\u00f3n en la Bombonera<\/h4>\n<\/div>\n<\/header>\n<article class=\"article\">\n<div class=\"sharebar-container display_flex\">\n<div class=\"sharebar-buttons-container display_flex\"><\/div>\n<\/div>\n<div class=\"body-article \">\n<div class=\"visual__image image-initial-width\"><picture><source srcset=\"https:\/\/www.infobae.com\/resizer\/v2\/UVVDCX5O25FZ7GDDI5VNIU4PJQ.jpg?auth=ccbbdef92422b695486088ac9efbf1cddfa89f04d812b8ab92ae6fefd64fabae&amp;smart=true&amp;width=992&amp;height=661&amp;quality=85\" media=\"(min-width: 1000px)\" \/><source srcset=\"https:\/\/www.infobae.com\/resizer\/v2\/UVVDCX5O25FZ7GDDI5VNIU4PJQ.jpg?auth=ccbbdef92422b695486088ac9efbf1cddfa89f04d812b8ab92ae6fefd64fabae&amp;smart=true&amp;width=768&amp;height=512&amp;quality=85\" media=\"(min-width: 768px)\" \/><source srcset=\"https:\/\/www.infobae.com\/resizer\/v2\/UVVDCX5O25FZ7GDDI5VNIU4PJQ.jpg?auth=ccbbdef92422b695486088ac9efbf1cddfa89f04d812b8ab92ae6fefd64fabae&amp;smart=true&amp;width=577&amp;height=385&amp;quality=85\" media=\"(min-width: 580px)\" \/><source srcset=\"https:\/\/www.infobae.com\/resizer\/v2\/UVVDCX5O25FZ7GDDI5VNIU4PJQ.jpg?auth=ccbbdef92422b695486088ac9efbf1cddfa89f04d812b8ab92ae6fefd64fabae&amp;smart=true&amp;width=420&amp;height=280&amp;quality=85\" media=\"(min-width: 350px)\" \/><source srcset=\"https:\/\/www.infobae.com\/resizer\/v2\/UVVDCX5O25FZ7GDDI5VNIU4PJQ.jpg?auth=ccbbdef92422b695486088ac9efbf1cddfa89f04d812b8ab92ae6fefd64fabae&amp;smart=true&amp;width=350&amp;height=233&amp;quality=85\" media=\"(min-width: 80px)\" \/><img loading=\"lazy\" decoding=\"async\" class=\"global-image\" src=\"https:\/\/www.infobae.com\/resizer\/v2\/UVVDCX5O25FZ7GDDI5VNIU4PJQ.jpg?auth=ccbbdef92422b695486088ac9efbf1cddfa89f04d812b8ab92ae6fefd64fabae&amp;smart=true&amp;width=350&amp;height=233&amp;quality=85\" alt=\"Leandro Paredes debutar\u00e1 ma\u00f1ana en\" width=\"4000\" height=\"2666\" \/><\/picture>Leandro Paredes debutar\u00e1 ma\u00f1ana en la Bombonera (AP Foto\/Gustavo Garello)<\/div>\n<p class=\"paragraph\"><b>Miguel \u00c1ngel Russo<\/b>\u00a0public\u00f3 la lista de convocados de\u00a0<b>Boca Juniors<\/b>\u00a0para afrontar el duelo por la segunda jornada de la Zona A del Torneo Clausura ante\u00a0<b>Uni\u00f3n de Santa Fe<\/b>, ma\u00f1ana a partir de las 19:30 en la Bombonera. La principal novedad es que<b>\u00a0Leandro Paredes\u00a0<\/b>formar\u00e1 parte de la n\u00f3mina y seguramente tenga minutos en el duelo ante el Tatengue, que ser\u00e1 dirigido por Nazareno Arasa.<\/p>\n<p class=\"paragraph\">El\u00a0<i>Xeneize<\/i>, que viene de empatar ante Argentinos Juniors en La Paternal, intentar\u00e1 ganar luego de una extensa sequ\u00eda de ocho partidos.\u00a0<b>Todav\u00eda no est\u00e1 claro si el cuerpo t\u00e9cnico le dar\u00e1 la titularidad a Paredes<\/b>, ya que en un principio el plan de Russo era llevarlo de a poco para aclimatarlo al grupo, pero en el \u00faltimo entrenamiento el DT lo prob\u00f3 con la formaci\u00f3n inicial.<\/p>\n<p class=\"paragraph\">Por otra parte, hay que mencionar que quien volvi\u00f3 a estar entre los citados es\u00a0<b>Edinson Cavani<\/b>, quien probablemente ocupe un lugar en el banco de suplentes. El uruguayo hab\u00eda estado convocado para el duelo anterior, pero finalmente fue preservado por un golpe en el coxis que lo tuvo a maltraer la semana pasada. Existen grandes chances de que sume minutos en el complemento.<\/p>\n<p class=\"paragraph\">Los once boquenses para arrancar ante Uni\u00f3n ser\u00edan:\u00a0<b>Agust\u00edn Marches\u00edn; Luis Adv\u00edncula, Lautaro Di Lollo, Marco Pellegrino, Lautaro Blanco; Rodrigo Battaglia, Williams Alarc\u00f3n; Malcom Braida, Carlos Palacios, Alan Velasco; y Miguel Merentiel<\/b>. En caso de que Paredes sea inicial, los apuntados para salir son Di Lollo (si eso ocurre, Battaglia pasar\u00e1 a la zaga central) y Alarc\u00f3n.<\/p>\n<p class=\"paragraph\">El categor\u00eda 94, oriundo de San Justo, debut\u00f3 oficialmente en Boca de la mano de Claudio Borghi el 6 de noviembre de 2010 en una derrota (2-0) contra Argentinos Juniors en la Bombonera. Reemplaz\u00f3 a Lucas Viatri a falta de pocos minutos del final.\u00a0<b>Con la camiseta xeneize disput\u00f3 38 partidos oficiales y convirti\u00f3 5 goles antes de ser transferido a la Roma a finales de 2013.\u00a0<\/b>Tambi\u00e9n jug\u00f3 en Chievo Verona, Empoli, Zenit de Rusia, Par\u00eds Saint Germain y la Juventus antes de retornar al club romano.<\/p>\n<div class=\"visual__image\">Paredes tendr\u00e1 su reestreno en la Bombonera este viernes por la tarde noche (@BocaJrsOficial)<\/div>\n<p class=\"paragraph\">En su carrera profesional lleva ganados\u00a0<b>16 t\u00edtulos<\/b>, incluidos los tres con la selecci\u00f3n argentina (Copa Am\u00e9rica 2021 y 2024, m\u00e1s el Mundial 2022, ya que estuvo lesionado en la Finalissima ante Italia) y dos con el Xeneize (Apertura 2011 y Copa Argentina 2011\/2012). Su \u00faltimo cotejo oficial con la camiseta boquense fue en la ca\u00edda (2-0) contra All Boys el 24 de noviembre de 2013, en la Bombonera, por el Torneo Inicial de ese a\u00f1o.<\/p>\n<p class=\"paragraph\">Entre los 24 citados para el duelo contra los santafesinos, que vienen de derrotar a Estudiantes de La Plata, tambi\u00e9n est\u00e1\u00a0<b>Frank Fabra<\/b>, quien parece ganarle la pulseada a\u00a0<b>Marcelo Saracchi<\/b>\u00a0como alternativa a Lautaro Blanco en el lateral izquierdo. Hay que remarcar que el lateral uruguayo es pretendido por\u00a0<b>Independiente, quien ya realiz\u00f3 una oferta<\/b>\u00a0para quedarse con sus servicios.<\/p>\n<p class=\"paragraph\">Tambi\u00e9n hay varias bajas. Los que se lo perder\u00e1n por estar transitando recuperaci\u00f3n de lesiones o molestias son\u00a0<b>Nicol\u00e1s Figal<\/b>\u00a0(sali\u00f3 lesionado ante Argentinos Juniors),\u00a0<b>Ander Herrera<\/b>\u00a0(desgarro en el Mundial de Clubes)\u00a0<b>y Milton Gim\u00e9nez\u00a0<\/b>(problemas cr\u00f3nicos en el tobillo derecho).<\/p>\n<p class=\"paragraph\">Por cuestiones \u201ct\u00e1cticas\u201d, los que tambi\u00e9n se lo perder\u00e1n son\u00a0<b>Agust\u00edn Martegani y Exequiel Zeballos<\/b>. El\u00a0<i>Changuito<\/i>, quien fue sondeado con Newell\u2019s, parece no estar entre las prioridades de Miguel Russo, quien le baj\u00f3 el pulgar despu\u00e9s de que pidiera el cambio ante Auckland City en el Mundial de Clubes. Llama la atenci\u00f3n que, quien fuera una de las joyas de las inferiores en el \u00faltimo tiempo, no sea convocado por segunda vez consecutiva a un compromiso sin estar lesionado.<\/p>\n<p class=\"paragraph\">Los que evidentemente ya est\u00e1n fuera de la \u00f3rbita del cuerpo t\u00e9cnico son\u00a0<b>Sergio Romero<\/b>\u00a0(<a title=\"https:\/\/www.infobae.com\/deportes\/2025\/07\/16\/chiquito-romero-era-el-plan-b-la-trama-desconocida-del-conflicto-de-keylor-navas-con-newells\/\" href=\"https:\/\/www.infobae.com\/deportes\/2025\/07\/16\/chiquito-romero-era-el-plan-b-la-trama-desconocida-del-conflicto-de-keylor-navas-con-newells\/\" target=\"_blank\" rel=\"noopener noreferrer\"><b>pretendido en las \u00faltimas horas por Newell\u2019s ante la posible baja de Keylor Navas<\/b><\/a>),\u00a0<b>Cristian Lema<\/b>\u00a0(Russo ya le avis\u00f3 que se busque club)\u00a0<b>y Marcos Rojo<\/b>, con grandes chances de ser transferido a Estudiantes. Fuente Infobae<\/p>\n<p class=\"paragraph\"><b>LA LISTA DE CONVOCADOS DE BOCA JUNIORS<\/b><\/p>\n<div class=\"visual__image\"><picture><source srcset=\"https:\/\/www.infobae.com\/resizer\/v2\/44ELGPTZFREKLDDKBMFED6VVCA.jpg?auth=21fb5addab8a44e73425c035dc596df247c2e99032a5daa7553b58a5b2614db7&amp;smart=true&amp;width=992&amp;height=1240&amp;quality=85\" media=\"(min-width: 1000px)\" \/><source srcset=\"https:\/\/www.infobae.com\/resizer\/v2\/44ELGPTZFREKLDDKBMFED6VVCA.jpg?auth=21fb5addab8a44e73425c035dc596df247c2e99032a5daa7553b58a5b2614db7&amp;smart=true&amp;width=768&amp;height=960&amp;quality=85\" media=\"(min-width: 768px)\" \/><source srcset=\"https:\/\/www.infobae.com\/resizer\/v2\/44ELGPTZFREKLDDKBMFED6VVCA.jpg?auth=21fb5addab8a44e73425c035dc596df247c2e99032a5daa7553b58a5b2614db7&amp;smart=true&amp;width=577&amp;height=721&amp;quality=85\" media=\"(min-width: 580px)\" \/><source srcset=\"https:\/\/www.infobae.com\/resizer\/v2\/44ELGPTZFREKLDDKBMFED6VVCA.jpg?auth=21fb5addab8a44e73425c035dc596df247c2e99032a5daa7553b58a5b2614db7&amp;smart=true&amp;width=420&amp;height=525&amp;quality=85\" media=\"(min-width: 350px)\" \/><source srcset=\"https:\/\/www.infobae.com\/resizer\/v2\/44ELGPTZFREKLDDKBMFED6VVCA.jpg?auth=21fb5addab8a44e73425c035dc596df247c2e99032a5daa7553b58a5b2614db7&amp;smart=true&amp;width=350&amp;height=438&amp;quality=85\" media=\"(min-width: 80px)\" \/><img loading=\"lazy\" decoding=\"async\" class=\"global-image\" src=\"https:\/\/www.infobae.com\/resizer\/v2\/44ELGPTZFREKLDDKBMFED6VVCA.jpg?auth=21fb5addab8a44e73425c035dc596df247c2e99032a5daa7553b58a5b2614db7&amp;smart=true&amp;width=350&amp;height=438&amp;quality=85\" alt=\"\" width=\"1638\" height=\"2048\" \/><\/picture><\/div>\n<div class=\"second-saved-buttons\">\n<div class=\"body-share-note\">\n<div class=\"share-note-txt\">Compartir nota:<\/div>\n<div class=\"sharebar-container display_flex\">\n<div class=\"share-bar-article-date-container \"><\/div>\n<div class=\"sharebar-buttons-container display_flex\"><\/div>\n<\/div>\n<\/div>\n<\/div>\n<div class=\"article-tags-container\">\n<div class=\"display_flex align_items_center article-tags-headline\">\n<div class=\"display-inline-block related-themes-icon\"><\/div>\n<\/div>\n<\/div>\n<\/div>\n<\/article>\n","protected":false},"excerpt":{"rendered":"<p>17-7-2025 Con Leandro Paredes como novedad, Miguel Russo public\u00f3 la lista de convocados de Boca Juniors, El campe\u00f3n del mundo tendr\u00e1 su reestreno ma\u00f1ana ante Uni\u00f3n en la Bombonera Leandro Paredes debutar\u00e1 ma\u00f1ana en la Bombonera (AP Foto\/Gustavo Garello) Miguel \u00c1ngel Russo\u00a0public\u00f3 la lista de convocados de\u00a0Boca Juniors\u00a0para afrontar el duelo por la segunda jornada &hellip;<\/p>\n","protected":false},"author":2,"featured_media":22267,"comment_status":"open","ping_status":"open","sticky":false,"template":"","format":"standard","meta":{"footnotes":""},"categories":[47],"tags":[],"class_list":["post-22265","post","type-post","status-publish","format-standard","has-post-thumbnail","hentry","category-nacionales"],"_links":{"self":[{"href":"https:\/\/www.sportchaco.com.ar\/index.php?rest_route=\/wp\/v2\/posts\/22265","targetHints":{"allow":["GET"]}}],"collection":[{"href":"https:\/\/www.sportchaco.com.ar\/index.php?rest_route=\/wp\/v2\/posts"}],"about":[{"href":"https:\/\/www.sportchaco.com.ar\/index.php?rest_route=\/wp\/v2\/types\/post"}],"author":[{"embeddable":true,"href":"https:\/\/www.sportchaco.com.ar\/index.php?rest_route=\/wp\/v2\/users\/2"}],"replies":[{"embeddable":true,"href":"https:\/\/www.sportchaco.com.ar\/index.php?rest_route=%2Fwp%2Fv2%2Fcomments&post=22265"}],"version-history":[{"count":2,"href":"https:\/\/www.sportchaco.com.ar\/index.php?rest_route=\/wp\/v2\/posts\/22265\/revisions"}],"predecessor-version":[{"id":22269,"href":"https:\/\/www.sportchaco.com.ar\/index.php?rest_route=\/wp\/v2\/posts\/22265\/revisions\/22269"}],"wp:featuredmedia":[{"embeddable":true,"href":"https:\/\/www.sportchaco.com.ar\/index.php?rest_route=\/wp\/v2\/media\/22267"}],"wp:attachment":[{"href":"https:\/\/www.sportchaco.com.ar\/index.php?rest_route=%2Fwp%2Fv2%2Fmedia&parent=22265"}],"wp:term":[{"taxonomy":"category","embeddable":true,"href":"https:\/\/www.sportchaco.com.ar\/index.php?rest_route=%2Fwp%2Fv2%2Fcategories&post=22265"},{"taxonomy":"post_tag","embeddable":true,"href":"https:\/\/www.sportchaco.com.ar\/index.php?rest_route=%2Fwp%2Fv2%2Ftags&post=22265"}],"curies":[{"name":"wp","href":"https:\/\/api.w.org\/{rel}","templated":true}]}}