{"id":22270,"date":"2025-07-17T20:42:07","date_gmt":"2025-07-17T23:42:07","guid":{"rendered":"https:\/\/www.sportchaco.com.ar\/?p=22270"},"modified":"2025-07-17T20:42:07","modified_gmt":"2025-07-17T23:42:07","slug":"estudian-eliminacion-de-rebotes-en-penales-fallados","status":"publish","type":"post","link":"https:\/\/www.sportchaco.com.ar\/?p=22270","title":{"rendered":"Estudian eliminaci\u00f3n de rebotes en penales fallados"},"content":{"rendered":"<header class=\"article-header-wrapper\">\n<div class=\"article-header\">\n<h5 id=\"el-drastico-cambio-en-los-penales-que-evalua-la-ifab-para-el-mundial-2026-que-impacta-al-futbol-y-abrio-un-debate\" class=\"display-block article-headline text_align_left\">17-07-2025<\/h5>\n<h5 class=\"display-block article-headline text_align_left\">El dr\u00e1stico cambio en los penales que eval\u00faa la IFAB para el Mundial 2026 que impacta al f\u00fatbol y abri\u00f3 un debate. La reforma, que ya fue planteada y rechazada en a\u00f1os anteriores, podr\u00eda modificarse tras m\u00e1s de un siglo de historia<\/h5>\n<\/div>\n<\/header>\n<article class=\"article\">\n<div class=\"sharebar-container display_flex\">\n<div class=\"sharebar-buttons-container display_flex\">\n<div class=\"sharebar-buttons button-save\" tabindex=\"0\" role=\"button\" aria-label=\"Guardar\"><\/div>\n<div class=\"sharebar-buttons-separator\"><\/div>\n<p><button class=\"sharemenu-buttons display_flex\" aria-label=\"Compartir en Telegram\"><\/button><button class=\"sharemenu-buttons display_flex\" aria-label=\"Compartir en Linkedin\"><\/button><button class=\"sharemenu-buttons display_flex\" aria-label=\"Compartir en Twitter\"><\/button><button class=\"sharemenu-buttons display_flex\" aria-label=\"Compartir en Whatsapp\"><\/button><button class=\"sharemenu-buttons display_flex\" aria-label=\"Compartir en Facebook\"><\/button><\/div>\n<\/div>\n<div class=\"body-article \">\n<div class=\"visual__image image-initial-width\"><picture><source srcset=\"https:\/\/www.infobae.com\/resizer\/v2\/WS2HAACX6KK7TETOEZ6R2MYVSU.jpg?auth=c3cf24842f4ed2cb68bd2a98052b818ecadb0465191f2bc8e6a5e5d467a75bb4&amp;smart=true&amp;width=992&amp;height=596&amp;quality=85\" media=\"(min-width: 1000px)\" \/><source srcset=\"https:\/\/www.infobae.com\/resizer\/v2\/WS2HAACX6KK7TETOEZ6R2MYVSU.jpg?auth=c3cf24842f4ed2cb68bd2a98052b818ecadb0465191f2bc8e6a5e5d467a75bb4&amp;smart=true&amp;width=768&amp;height=462&amp;quality=85\" media=\"(min-width: 768px)\" \/><source srcset=\"https:\/\/www.infobae.com\/resizer\/v2\/WS2HAACX6KK7TETOEZ6R2MYVSU.jpg?auth=c3cf24842f4ed2cb68bd2a98052b818ecadb0465191f2bc8e6a5e5d467a75bb4&amp;smart=true&amp;width=577&amp;height=347&amp;quality=85\" media=\"(min-width: 580px)\" \/><source srcset=\"https:\/\/www.infobae.com\/resizer\/v2\/WS2HAACX6KK7TETOEZ6R2MYVSU.jpg?auth=c3cf24842f4ed2cb68bd2a98052b818ecadb0465191f2bc8e6a5e5d467a75bb4&amp;smart=true&amp;width=420&amp;height=253&amp;quality=85\" media=\"(min-width: 350px)\" \/><source srcset=\"https:\/\/www.infobae.com\/resizer\/v2\/WS2HAACX6KK7TETOEZ6R2MYVSU.jpg?auth=c3cf24842f4ed2cb68bd2a98052b818ecadb0465191f2bc8e6a5e5d467a75bb4&amp;smart=true&amp;width=350&amp;height=210&amp;quality=85\" media=\"(min-width: 80px)\" \/><img loading=\"lazy\" decoding=\"async\" class=\"global-image\" src=\"https:\/\/www.infobae.com\/resizer\/v2\/WS2HAACX6KK7TETOEZ6R2MYVSU.jpg?auth=c3cf24842f4ed2cb68bd2a98052b818ecadb0465191f2bc8e6a5e5d467a75bb4&amp;smart=true&amp;width=350&amp;height=210&amp;quality=85\" alt=\"Los penales podr\u00edan cambiar a\" width=\"800\" height=\"481\" \/><\/picture>Los penales podr\u00edan cambiar a partir del 2026 (Reuters)<\/div>\n<p class=\"paragraph\">La<b>\u00a0International Football Association Board<\/b>\u00a0(IFAB), el organismo encargado de regular las reglas del f\u00fatbol a escala global, estar\u00eda debatiendo\u00a0<b>cambios que podr\u00edan modificar la esencia de jugadas hist\u00f3ricas<\/b>. Seg\u00fan inform\u00f3 el peri\u00f3dico brit\u00e1nico\u00a0<i>The Sun,\u00a0<\/i>entre las propuestas m\u00e1s visibles destaca la posible\u00a0<b>eliminaci\u00f3n de los rebotes tras penales fallados<\/b>, una medida que se estudia para\u00a0<b>su aplicaci\u00f3n a partir de la Copa Mundial de 2026.<\/b><\/p>\n<p class=\"paragraph\">Las modificaciones planteadas impactar\u00edan en una de las situaciones m\u00e1s determinantes del f\u00fatbol y alterar\u00edan m\u00e1s de 134 a\u00f1os de historia. Si la iniciativa se aprueba,<b>\u00a0cualquier penalti que no termine en gol supondr\u00eda autom\u00e1ticamente un saque de arco\u00a0<\/b>a favor del equipo defensor, descartando por completo la posibilidad de que el ejecutante o un compa\u00f1ero aprovechen el rebote.<\/p>\n<p class=\"paragraph\">Tal como detall\u00f3 el medio en cuesti\u00f3n, el argumento central de la propuesta reside en que<b>\u00a0la sanci\u00f3n de penal ya implica una ventaja considerable\u00a0<\/b>para el equipo atacante, mucho mayor que el da\u00f1o ocasionado por la infracci\u00f3n original. Adem\u00e1s, convertir el penal en un \u00fanico disparo supondr\u00e1 tambi\u00e9n\u00a0<b>ponerle fin a todas las discusiones sobre la \u2018invasi\u00f3n\u2019 de los jugadores<\/b>, un debate que hace referencia a las constantes pol\u00e9micas sobre jugadores ingresando al \u00e1rea antes de tiempo.<\/p>\n<p class=\"paragraph\">Este debate forma parte de una revisi\u00f3n m\u00e1s amplia que tambi\u00e9n contemplar\u00eda\u00a0<b>modificaciones en la normativa del VAR<\/b>. Seg\u00fan la informaci\u00f3n, que replicaron otros medios de Europa como\u00a0<i>DailyMail<\/i>\u00a0o\u00a0<i>Marca<\/i>, entre otros, en la \u00faltima reuni\u00f3n anual de la IFAB, se abord\u00f3<b>\u00a0la \u201campliaci\u00f3n del alcance\u201d de las intervenciones de la tecnolog\u00eda arbitral.<\/b>\u00a0Se evaluar\u00e1 la posibilidad de habilitar a los \u00e1rbitros de video para intervenir en jugadas como las segundas tarjetas amarillas,<b>\u00a0evitando expulsiones que puedan considerarse \u201cinjustas\u201d<\/b>, as\u00ed como en decisiones de c\u00f3rners ante \u201cerrores manifiestos\u201d de los jueces de campo.<\/p>\n<p class=\"paragraph\">\u201cCada vez hay m\u00e1s partidarios de la idea que convertir\u00eda un penalti en literalmente un tiro. Los dirigentes consideran que, en la mayor\u00eda de las ocasiones, el castigo por una mano o una falta en el \u00e1rea -el penal- da al equipo atacante muchas m\u00e1s posibilidades de marcar un gol que las que hab\u00eda impedido la infracci\u00f3n original. Dar al equipo atacante una segunda oportunidad de marcar en el rebote es una ventaja adicional injusta, sobre todo porque los guardametas deben tener un pie en la l\u00ednea o detr\u00e1s de ella cuando se lanza el penalti\u201d, dijo el periodista Martin Lipton en el art\u00edculo del peri\u00f3dico brit\u00e1nico, explicando la postura de los impulsores de la propuesta.<\/p>\n<div class=\"visual__image\"><picture><source srcset=\"https:\/\/www.infobae.com\/resizer\/v2\/HLZSHM6PG5A7DEGLOYPWUMKOCE.jpg?auth=4e33946d8a2de771375eca6f7f70f619015781d3ec4ffa6ee673569b125ef427&amp;smart=true&amp;width=992&amp;height=662&amp;quality=85\" media=\"(min-width: 1000px)\" \/><source srcset=\"https:\/\/www.infobae.com\/resizer\/v2\/HLZSHM6PG5A7DEGLOYPWUMKOCE.jpg?auth=4e33946d8a2de771375eca6f7f70f619015781d3ec4ffa6ee673569b125ef427&amp;smart=true&amp;width=768&amp;height=512&amp;quality=85\" media=\"(min-width: 768px)\" \/><source srcset=\"https:\/\/www.infobae.com\/resizer\/v2\/HLZSHM6PG5A7DEGLOYPWUMKOCE.jpg?auth=4e33946d8a2de771375eca6f7f70f619015781d3ec4ffa6ee673569b125ef427&amp;smart=true&amp;width=577&amp;height=385&amp;quality=85\" media=\"(min-width: 580px)\" \/><source srcset=\"https:\/\/www.infobae.com\/resizer\/v2\/HLZSHM6PG5A7DEGLOYPWUMKOCE.jpg?auth=4e33946d8a2de771375eca6f7f70f619015781d3ec4ffa6ee673569b125ef427&amp;smart=true&amp;width=420&amp;height=280&amp;quality=85\" media=\"(min-width: 350px)\" \/><source srcset=\"https:\/\/www.infobae.com\/resizer\/v2\/HLZSHM6PG5A7DEGLOYPWUMKOCE.jpg?auth=4e33946d8a2de771375eca6f7f70f619015781d3ec4ffa6ee673569b125ef427&amp;smart=true&amp;width=350&amp;height=233&amp;quality=85\" media=\"(min-width: 80px)\" \/><img loading=\"lazy\" decoding=\"async\" class=\"global-image\" src=\"https:\/\/www.infobae.com\/resizer\/v2\/HLZSHM6PG5A7DEGLOYPWUMKOCE.jpg?auth=4e33946d8a2de771375eca6f7f70f619015781d3ec4ffa6ee673569b125ef427&amp;smart=true&amp;width=350&amp;height=233&amp;quality=85\" alt=\"La IFAB eval\u00faa modificar la\" width=\"2267\" height=\"1512\" \/><\/picture><span style=\"color: #000000;\">La IFAB eval\u00faa modificar la regla para el Mundial (AP)<\/span><\/div>\n<p class=\"paragraph\"><span style=\"color: #000000;\">Cabe destacar que desde el 1 de junio rige\u00a0<a style=\"color: #000000;\" title=\"https:\/\/www.infobae.com\/deportes\/2025\/03\/01\/historico-cambio-reglamentario-en-el-futbol-internacional-se-modifico-la-regla-de-los-6-segundos-para-los-arqueros\/\" href=\"https:\/\/www.infobae.com\/deportes\/2025\/03\/01\/historico-cambio-reglamentario-en-el-futbol-internacional-se-modifico-la-regla-de-los-6-segundos-para-los-arqueros\/\" target=\"_blank\" rel=\"noopener noreferrer\">la \u201cnueva regla de los ocho segundos\u201d\u00a0<\/a>para los arqueros, que establece\u00a0un l\u00edmite estricto para retener el bal\u00f3n en las manos\u00a0tras una atajada, con una cuenta regresiva visual de cinco segundos a cargo del \u00e1rbitro. La medida ya se implement\u00f3 en la Eurocopa Sub-21 y el \u00faltimo Mundial de Clubes.<\/span><\/p>\n<p class=\"paragraph\"><span style=\"color: #000000;\">Al mismo tiempo, la reciente pol\u00e9mica por\u00a0<a style=\"color: #000000;\" title=\"https:\/\/www.infobae.com\/deportes\/2025\/06\/03\/la-polemica-por-el-penal-de-julian-alvarez-ante-real-madrid-genero-un-cambio-en-la-regla-de-los-dos-toques\/\" href=\"https:\/\/www.infobae.com\/deportes\/2025\/06\/03\/la-polemica-por-el-penal-de-julian-alvarez-ante-real-madrid-genero-un-cambio-en-la-regla-de-los-dos-toques\/\" target=\"_blank\" rel=\"noopener noreferrer\">la ejecuci\u00f3n del penal de Juli\u00e1n \u00c1lvarez en la sere de octavos\u00a0<\/a>de final de la Champions frente al Real Madrid marc\u00f3 otro punto de inflexi\u00f3n. La ejecuci\u00f3n del delantero argentino\u00a0<a style=\"color: #000000;\" title=\"https:\/\/www.infobae.com\/deportes\/2025\/03\/13\/crece-la-polemica-por-el-penal-anulado-a-julian-alvarez-la-tajante-decision-que-analiza-el-atletico-y-su-interpretacion-de-la-regla\/\" href=\"https:\/\/www.infobae.com\/deportes\/2025\/03\/13\/crece-la-polemica-por-el-penal-anulado-a-julian-alvarez-la-tajante-decision-que-analiza-el-atletico-y-su-interpretacion-de-la-regla\/\" target=\"_blank\" rel=\"noopener noreferrer\">fue anulada tras la intervenci\u00f3n del VAR<\/a>\u00a0por un supuesto doble toque accidental y, tras ese episodio, el organismo encargado de definir las reglas del f\u00fatbol mundial,decidi\u00f3 modificar la normativa para situaciones similares. Finalmente, se estableci\u00f3 que si el ejecutor de un penal impacta el bal\u00f3n de forma involuntaria con ambos pies a la vez, o la pelota rebota en su pierna de apoyo tras ejecutar el tiro: el lanzamiento se repetir\u00e1 si termina en gol, mientras que si no lo hace, se conceder\u00e1 un tiro libre indirecto al equipo rival o, en las tandas de penales, se registrar\u00e1 como fallado.<\/span><\/p>\n<p class=\"paragraph\"><span style=\"color: #000000;\">En cuanto a los rebotes en los penales, es un aspecto que ya\u00a0se puso en tela de juicio a principios del 2025, cuando Pierluigi Collina, jefe del Comit\u00e9 de \u00c1rbitros de la FIFA,\u00a0<a style=\"color: #000000;\" title=\"https:\/\/www.infobae.com\/deportes\/2025\/02\/11\/el-revolucionario-cambio-en-los-penales-que-pidio-el-jefe-del-comite-de-arbitros-de-la-fifa\/\" href=\"https:\/\/www.infobae.com\/deportes\/2025\/02\/11\/el-revolucionario-cambio-en-los-penales-que-pidio-el-jefe-del-comite-de-arbitros-de-la-fifa\/\" target=\"_blank\" rel=\"noopener noreferrer\">solicit\u00f3 anular los rebotes en la pena m\u00e1xima.<\/a>\u00a0La IFAB ya se hab\u00eda negado a implementar esta modificaci\u00f3n en 2019. \u201cCreo que hay una diferencia excesiva entre las ocasiones que tiene el delantero y las que tiene el portero. Ya se marca una media del 75% de los lanzamientos de penal, y a menudo el penal es una ocasi\u00f3n mayor que la falta.Adem\u00e1s, \u00bfel rechace del portero tambi\u00e9n tiene una oportunidad? En mi opini\u00f3n, los porteros deber\u00edan quejarse\u201c, consider\u00f3 el ex \u00e1rbitro.<\/span><\/p>\n<p class=\"paragraph\"><span style=\"color: #000000;\">Las distintas propuestas buscan presentarse\u00a0a finales de febrero del a\u00f1o entrante, fecha l\u00edmite para que cualquier reforma quede lista para aplicarse en el Mundial de 2026, que por primera vez reunir\u00e1 a 48 selecciones. El clima de impulso en torno a los cambios crece tras\u00a0el \u00e9xito organizativo del \u00faltimo Mundial de Clubes en Estados Unidos, donde, seg\u00fan fuentes de la IFAB, \u201calgunas figuras importantes ahora respaldan una reforma significativa\u201d.<\/span><\/p>\n<\/div>\n<\/article>\n","protected":false},"excerpt":{"rendered":"<p>17-07-2025 El dr\u00e1stico cambio en los penales que eval\u00faa la IFAB para el Mundial 2026 que impacta al f\u00fatbol y abri\u00f3 un debate. La reforma, que ya fue planteada y rechazada en a\u00f1os anteriores, podr\u00eda modificarse tras m\u00e1s de un siglo de historia Los penales podr\u00edan cambiar a partir del 2026 (Reuters) La\u00a0International Football Association &hellip;<\/p>\n","protected":false},"author":2,"featured_media":22271,"comment_status":"open","ping_status":"open","sticky":false,"template":"","format":"standard","meta":{"footnotes":""},"categories":[6],"tags":[],"class_list":["post-22270","post","type-post","status-publish","format-standard","has-post-thumbnail","hentry","category-internacionales"],"_links":{"self":[{"href":"https:\/\/www.sportchaco.com.ar\/index.php?rest_route=\/wp\/v2\/posts\/22270","targetHints":{"allow":["GET"]}}],"collection":[{"href":"https:\/\/www.sportchaco.com.ar\/index.php?rest_route=\/wp\/v2\/posts"}],"about":[{"href":"https:\/\/www.sportchaco.com.ar\/index.php?rest_route=\/wp\/v2\/types\/post"}],"author":[{"embeddable":true,"href":"https:\/\/www.sportchaco.com.ar\/index.php?rest_route=\/wp\/v2\/users\/2"}],"replies":[{"embeddable":true,"href":"https:\/\/www.sportchaco.com.ar\/index.php?rest_route=%2Fwp%2Fv2%2Fcomments&post=22270"}],"version-history":[{"count":1,"href":"https:\/\/www.sportchaco.com.ar\/index.php?rest_route=\/wp\/v2\/posts\/22270\/revisions"}],"predecessor-version":[{"id":22272,"href":"https:\/\/www.sportchaco.com.ar\/index.php?rest_route=\/wp\/v2\/posts\/22270\/revisions\/22272"}],"wp:featuredmedia":[{"embeddable":true,"href":"https:\/\/www.sportchaco.com.ar\/index.php?rest_route=\/wp\/v2\/media\/22271"}],"wp:attachment":[{"href":"https:\/\/www.sportchaco.com.ar\/index.php?rest_route=%2Fwp%2Fv2%2Fmedia&parent=22270"}],"wp:term":[{"taxonomy":"category","embeddable":true,"href":"https:\/\/www.sportchaco.com.ar\/index.php?rest_route=%2Fwp%2Fv2%2Fcategories&post=22270"},{"taxonomy":"post_tag","embeddable":true,"href":"https:\/\/www.sportchaco.com.ar\/index.php?rest_route=%2Fwp%2Fv2%2Ftags&post=22270"}],"curies":[{"name":"wp","href":"https:\/\/api.w.org\/{rel}","templated":true}]}}