{"id":22294,"date":"2025-07-18T14:30:21","date_gmt":"2025-07-18T17:30:21","guid":{"rendered":"https:\/\/www.sportchaco.com.ar\/?p=22294"},"modified":"2025-07-18T14:30:27","modified_gmt":"2025-07-18T17:30:27","slug":"gonzalo-corbalan-y-un-sueno-llamado-nba","status":"publish","type":"post","link":"https:\/\/www.sportchaco.com.ar\/?p=22294","title":{"rendered":"Gonzalo Corbal\u00e1n y un sue\u00f1o llamado NBA"},"content":{"rendered":"<header>\n<div>18-07-2025<\/div>\n<div>\n<div>\n<h5>A los 23 a\u00f1os, el escolta chaque\u00f1o se prepara para su primera temporada en la ACB espa\u00f1ola, la liga m\u00e1s fuerte del b\u00e1squet FIBA. En su paso por Villa San Mart\u00edn, su casa de siempre, habl\u00f3 con NORTE Play sobre el sentido de pertenencia, su presente en la selecci\u00f3n argentina y el gran objetivo que lo desvela: jugar en la NBA.<\/h5>\n<\/div>\n<div class=\"meta\"><\/div>\n<\/div>\n<\/header>\n<section class=\"body\">\n<section class=\"content\">\n<div class=\"main-text\">\n<div class=\"social\">\n<div class=\"share\"><\/div>\n<\/div>\n<div class=\" large m_image\"><\/div>\n<p><strong><em>Por Guillermo Koster<\/em> <img loading=\"lazy\" decoding=\"async\" class=\"alignnone wp-image-22296\" src=\"https:\/\/www.sportchaco.com.ar\/wp-content\/uploads\/2025\/07\/kevin.jpg\" alt=\"\" width=\"68\" height=\"76\" \/><\/strong><\/p>\n<p><strong>Gonzalo mantiene su esencia. La misma simpat\u00eda y humildad de entonces. Los logros y las luces no atentan contra su forma de ser y de manejarse, tanto adentro como afuera de una cancha de b\u00e1squet. Por eso, no duda en aconsejar a los m\u00e1s chicos que se diviertan jugando a este deporte que tanto ama.\u00a0<\/strong><\/p>\n<p>A punto de arrancar su primera temporada en la Liga FIBA (Federaci\u00f3n Internacional de B\u00e1squetbol) m\u00e1s importante del mundo (la ACB \u2013Asociaci\u00f3n Clubes de Baloncesto- espa\u00f1ola), el joven resistenciano de 23 a\u00f1os analiza con NORTE el cargado primer semestre del a\u00f1o, detalla lo que viene para el resto del 2025 y confiesa su sue\u00f1o m\u00e1s profundo: jugar en la NBA (National Basketball Association).<\/p>\n<p>A agenda abierta, responde sobre la identidad tricolor, reconoce el destacado aporte del profe C\u00e9sar, el sentido de pertenencia que genera la instituci\u00f3n, su presente en Espa\u00f1a y en la Selecci\u00f3n Argentina de B\u00e1squet; como as\u00ed tambi\u00e9n su futro profesional. En un parate del calendario europeo, el escolta internacional no eligi\u00f3 playas ni grandes ciudades. Volvi\u00f3 a su lugar en el mundo: el club Villa San Mart\u00edn, ese rinc\u00f3n de Resistencia donde empez\u00f3 a picar la pelota y a so\u00f1ar en grande. \u00ab<strong><em>Pas\u00e9 m\u00e1s tiempo ac\u00e1 que en mi casa<\/em>\u00a0<\/strong>\u00ab, confiesa con una sonrisa intacta, esa que no cambiaron ni los t\u00edtulos ni los kil\u00f3metros recorridos.<\/p>\n<picture><img loading=\"lazy\" decoding=\"async\" class=\"pic\" src=\"https:\/\/www.diarionorte.com\/content\/bucket\/6\/420276w790h665c.jpg.webp\" alt=\"\" width=\"790\" height=\"665\" \/><\/picture>\n<p>A su corta edad, \u00ab<em>Gonza<\/em>\u00bb vive un momento bisagra: fue protagonista del hist\u00f3rico ascenso del San Pablo Burgos a la ACB, la liga m\u00e1s prestigiosa del b\u00e1squet FIBA; recibi\u00f3 una nueva convocatoria a la Selecci\u00f3n Argentina y se prepara para disputar la AmeriCup 2025 en Nicaragua. Pero en su cabeza hay una meta a\u00fan m\u00e1s ambiciosa: la NBA.<\/p>\n<blockquote><p><i class=\"fas fa-quote-left\">\u00a0<\/i>\u00ab<strong><em>No te voy a mentir: siempre fue mi sue\u00f1o. Est\u00e1 en mi cabeza desde que empec\u00e9. No solo quiero llegar: quiero quedarme, hacer carrera, dejar una huella<\/em>\u00a0<\/strong>\u00ab, confiesa.<\/p>\n<p><i class=\"fas fa-quote-right\">\u00a0<\/i><\/p><\/blockquote>\n<p><strong>El alma tricolor<\/strong><\/p>\n<div class=\"307903-images-embed gallery slick-initialized slick-slider\" data-role=\"m_gallery\">\n<div class=\"slick-list draggable\">\n<div class=\"slick-track\">\n<div class=\"image slick-slide slick-current slick-active\" tabindex=\"0\" data-slick-index=\"0\" aria-hidden=\"false\"><\/div>\n<div class=\"image slick-slide\" tabindex=\"-1\" data-slick-index=\"1\" aria-hidden=\"true\"><\/div>\n<\/div>\n<\/div>\n<\/div>\n<p>Habla con NORTE Play luego de un entrenamiento matutino junto a amigos y colegas como \u00ab<em>Toti<\/em>\u00bb Brocal, Ian Torres, \u00ab<em>Pippen<\/em>\u00bb y \u00ab<em>La Flaca<\/em>\u00bb P\u00e9rez. Todos formados en el mismo club. Todos villeros. Y es all\u00ed donde se activa la memoria emotiva. \u00ab<strong><em>Villa tiene algo que no se compra ni se explica. Es una energ\u00eda que te atrapa. Desde mi bisabuelo hasta mi mam\u00e1 jugaron ac\u00e1. Y los chicos que se van a jugar afuera siempre vuelven. A entrenar, a los asados, a alentar<\/em>\u00a0<\/strong>\u00ab, analiza.<\/p>\n<p>Corbal\u00e1n destaca ese \u00ab<em>sentimiento de pertenencia<\/em>\u00bb como uno de los pilares de su carrera. Un cable a tierra, pero tambi\u00e9n una br\u00fajula.<\/p>\n<p><strong>La celeste y blanca como bandera<\/strong><\/p>\n<p>El paso de la temporada tambi\u00e9n lo encontr\u00f3 nuevamente con una nueva camiseta: la de la Selecci\u00f3n Argentina. Integra la camada de j\u00f3venes que busca renovar energ\u00edas en el equipo nacional tras el ciclo dorado. \u00ab<strong>No fui el \u00fanico joven en ser convocado en esta nueva etapa, y eso lo hizo m\u00e1s f\u00e1cil. Hay una linda camada. Queremos que Argentina vuelva a dar miedo, que cuando alguien diga \u2018<em>jugamos contra Argentina<\/em>\u2019, se respete esa camiseta<\/strong>\u00ab. Con la mirada ya puesta en la AmeriCup y los amistosos previos frente a Italia, Corbal\u00e1n se enfoca en sumar rodaje y demostrar que est\u00e1 listo para m\u00e1s.<\/p>\n<p><strong>La ACB, una antesala de otro sue\u00f1o<\/strong><\/p>\n<p>Despu\u00e9s del ascenso, su club, el San Pablo Burgos, jugar\u00e1 la temporada 2025 en la ACB. La exigencia ser\u00e1 m\u00e1xima. \u00ab<strong><em>Muchos creen que los reci\u00e9n ascendidos solo pelean por no descender, pero nosotros queremos jugar cosas importantes<\/em>\u00a0<\/strong>\u00ab, afirma con convicci\u00f3n. Ese desaf\u00edo lo motiva, lo potencia. Y lo proyecta. Porque m\u00e1s all\u00e1 del presente europeo, el objetivo final sigue brillando en su horizonte: la NBA.<\/p>\n<p><strong>Gonzalo Corbal\u00e1n no s\u00f3lo quiere llegar. Quiere trascender. Y todo empez\u00f3 en la cancha de Villa San Mart\u00edn, donde todav\u00eda sue\u00f1an con verlo un d\u00eda en la mejor liga del mundo.<\/strong><\/p>\n<div class=\" large m_image\">\n<figure><picture><source srcset=\"https:\/\/www.diarionorte.com\/content\/bucket\/7\/420277w790h840c.jpg.webp\" type=\"image\/webp\" media=\"(min-width: 640px)\" \/><source srcset=\"https:\/\/www.diarionorte.com\/content\/bucket\/7\/420277w440h468c.jpg.webp\" type=\"image\/webp\" media=\"(min-width: 300px)\" \/><source srcset=\"https:\/\/www.diarionorte.com\/content\/bucket\/7\/420277w790h840c.jpg\" media=\"(min-width: 300px)\" \/><img loading=\"lazy\" decoding=\"async\" class=\"pic\" src=\"https:\/\/www.diarionorte.com\/content\/bucket\/7\/420277w790h840c.jpg.webp\" alt=\"\" width=\"790\" height=\"840\" \/><\/picture><\/figure>\n<\/div>\n<p><strong>\u00abEl profe C\u00e9sar es la pieza clave para que\u00a0<\/strong><\/p>\n<p><strong>los chicos tengan ese sentimiento en el club\u00bb<\/strong><\/p>\n<div class=\" original m_image\">\n<figure><picture><source srcset=\"https:\/\/www.diarionorte.com\/content\/bucket\/0\/420280w403h549c.jpg.webp\" type=\"image\/webp\" media=\"(min-width: 640px)\" \/><source srcset=\"https:\/\/www.diarionorte.com\/content\/bucket\/0\/420280w403h549c.jpg.webp\" type=\"image\/webp\" media=\"(min-width: 300px)\" \/><source srcset=\"https:\/\/www.diarionorte.com\/content\/bucket\/0\/420280w403h549c.jpg\" media=\"(min-width: 300px)\" \/><img loading=\"lazy\" decoding=\"async\" class=\"pic\" src=\"https:\/\/www.diarionorte.com\/content\/bucket\/0\/420280w403h549c.jpg.webp\" alt=\"\" width=\"403\" height=\"549\" \/><\/picture><\/figure>\n<\/div>\n<p>En medio de su presente brillante, Gonzalo Corbal\u00e1n no olvida sus ra\u00edces y destaca con emoci\u00f3n la figura de C\u00e9sar Puljis, el hist\u00f3rico formador de Villa San Mart\u00edn. \u00ab<strong><em>Creo que C\u00e9sar es la pieza clave para que los chicos tengan ese sentimiento en el club<\/em>\u00a0<\/strong>\u00ab, asegur\u00f3 el escolta chaque\u00f1o al recordar sus inicios en el minib\u00e1squet.<\/p>\n<p>Para Corbal\u00e1n, el profe C\u00e9sar representa mucho m\u00e1s que un entrenador: es parte de la identidad misma de Villa San Mart\u00edn. \u00ab<em>Desde chiquito, el Villa es conocido por su minib\u00e1squet, y ese minib\u00e1squet lo maneja C\u00e9sar. Es una de las mayores identidades que tiene el club hoy en d\u00eda<\/em>\u00ab, afirm\u00f3, en un merecido homenaje cargado de gratitud.<\/p>\n<p><strong>Mensaje con coraz\u00f3n villero<\/strong><\/p>\n<p>El joven basquetbolista chaque\u00f1o, a punto de debutar en la liga ACB de Espa\u00f1a, no olvida sus ra\u00edces y dej\u00f3 un mensaje cargado de sentimiento para los chicos que hoy forman parte de Villa San Mart\u00edn, club que lo vio nacer y crecer.\u00a0<em>\u00abQue disfruten porque est\u00e1n en una etapa de la vida que despu\u00e9s la van a recordar para siempre, como lo hago yo, como lo hace mi hermano, todos los que pasamos por el semillero<\/em>\u00ab, expres\u00f3.<\/p>\n<p>Corbal\u00e1n destac\u00f3 el valor de la amistad y el sentido de pertenencia que se forja desde las formativas. \u00ab<em>Creo que todos, una vez que entran al Villa, se quieren ir siendo villeros. Nunca pierden ese sentimiento. Les digo que disfruten con sus amigos, m\u00e1s que nada, porque desde esta edad, desde el mini, salen amigos que son para toda la vida<\/em>\u00ab, remarc\u00f3.<\/p>\n<p><strong>Perfil<\/strong><\/p>\n<p>Gonzalo Corbal\u00e1n (3 de marzo de 2002) es un basquetbolista argentino que forma parte de la plantilla del San Pablo Burgos, equipo que acaba de ascender a la primera divisi\u00f3n del b\u00e1squet de Espa\u00f1a de Espa\u00f1a, con gran actuaci\u00f3n del chaque\u00f1o. Con 1,93 metros de altura, juega en la posici\u00f3n de escolta.<\/p>\n<p>Corbal\u00e1n comenz\u00f3 a jugar en Villa San Mart\u00edn de Resistencia. En 2018 se mud\u00f3 a los Estados Unidos para estudiar en Las Cruces High School, una instituci\u00f3n del Estado de Nuevo M\u00e9xico. All\u00ed form\u00f3 parte del equipo de la escuela, los Bulldawgs, con el que se consagr\u00f3 campe\u00f3n del torneo estatal en 2020 durante su a\u00f1o como senior.<\/p>\n<p>Posteriormente fue reclutado por los Lubbock Christian Chaparrals, el representante de la Universidad Cristiana de Lubbock en la Divisi\u00f3n II de la NCAA. Luego de su a\u00f1o como freshman -en el que promedi\u00f3 7.6 puntos, 3.5 rebotes y 1.1 asistencias por partido- abandon\u00f3 la idea de continuar compitiendo en el circuito del b\u00e1squet estadounidense y migr\u00f3 a Espa\u00f1a, contratado por el San Pablo Burgos. Sin embargo el club burgal\u00e9s lo cedi\u00f3 al Nissan Grupo de Santiago, su filial en la Liga EBA,\u200b s\u00f3lo para promoverlo poco despu\u00e9s al primer equipo.<\/p>\n<p>En el a\u00f1o 2025 se proclam\u00f3 campe\u00f3n de la Primera FEB logrando el ascenso con el primer equipo de Silb\u00f6 San Pablo Burgos a la prestigiosa liga ACB siendo parte importante del equipo durante todo el torneo. Corbal\u00e1n form\u00f3 parte de los seleccionados de baloncesto juveniles de Argentina, llegando a participar del Campeonato Mundial de Baloncesto Sub-19 de 2021, en el que fue uno de los jugadores m\u00e1s destacados de su equipo. En 2024 hizo su debut con la selecci\u00f3n absoluta en un partido ante Chile por el Clasificatorio a la FIBA AmeriCup de 2025. (Gentileza Diario Norte Web)<\/p>\n<\/div>\n<\/section>\n<\/section>\n","protected":false},"excerpt":{"rendered":"<p>18-07-2025 A los 23 a\u00f1os, el escolta chaque\u00f1o se prepara para su primera temporada en la ACB espa\u00f1ola, la liga m\u00e1s fuerte del b\u00e1squet FIBA. En su paso por Villa San Mart\u00edn, su casa de siempre, habl\u00f3 con NORTE Play sobre el sentido de pertenencia, su presente en la selecci\u00f3n argentina y el gran objetivo &hellip;<\/p>\n","protected":false},"author":2,"featured_media":22295,"comment_status":"open","ping_status":"open","sticky":false,"template":"","format":"standard","meta":{"footnotes":""},"categories":[3],"tags":[],"class_list":["post-22294","post","type-post","status-publish","format-standard","has-post-thumbnail","hentry","category-basquetbol"],"_links":{"self":[{"href":"https:\/\/www.sportchaco.com.ar\/index.php?rest_route=\/wp\/v2\/posts\/22294","targetHints":{"allow":["GET"]}}],"collection":[{"href":"https:\/\/www.sportchaco.com.ar\/index.php?rest_route=\/wp\/v2\/posts"}],"about":[{"href":"https:\/\/www.sportchaco.com.ar\/index.php?rest_route=\/wp\/v2\/types\/post"}],"author":[{"embeddable":true,"href":"https:\/\/www.sportchaco.com.ar\/index.php?rest_route=\/wp\/v2\/users\/2"}],"replies":[{"embeddable":true,"href":"https:\/\/www.sportchaco.com.ar\/index.php?rest_route=%2Fwp%2Fv2%2Fcomments&post=22294"}],"version-history":[{"count":2,"href":"https:\/\/www.sportchaco.com.ar\/index.php?rest_route=\/wp\/v2\/posts\/22294\/revisions"}],"predecessor-version":[{"id":22298,"href":"https:\/\/www.sportchaco.com.ar\/index.php?rest_route=\/wp\/v2\/posts\/22294\/revisions\/22298"}],"wp:featuredmedia":[{"embeddable":true,"href":"https:\/\/www.sportchaco.com.ar\/index.php?rest_route=\/wp\/v2\/media\/22295"}],"wp:attachment":[{"href":"https:\/\/www.sportchaco.com.ar\/index.php?rest_route=%2Fwp%2Fv2%2Fmedia&parent=22294"}],"wp:term":[{"taxonomy":"category","embeddable":true,"href":"https:\/\/www.sportchaco.com.ar\/index.php?rest_route=%2Fwp%2Fv2%2Fcategories&post=22294"},{"taxonomy":"post_tag","embeddable":true,"href":"https:\/\/www.sportchaco.com.ar\/index.php?rest_route=%2Fwp%2Fv2%2Ftags&post=22294"}],"curies":[{"name":"wp","href":"https:\/\/api.w.org\/{rel}","templated":true}]}}