{"id":22319,"date":"2025-07-18T23:12:39","date_gmt":"2025-07-19T02:12:39","guid":{"rendered":"https:\/\/www.sportchaco.com.ar\/?p=22319"},"modified":"2025-07-19T07:09:48","modified_gmt":"2025-07-19T10:09:48","slug":"boca-empato-en-el-debut-de-paredes","status":"publish","type":"post","link":"https:\/\/www.sportchaco.com.ar\/?p=22319","title":{"rendered":"Boca empat\u00f3 en el debut de Paredes"},"content":{"rendered":"<h1><span style=\"font-size: 16px; font-weight: 400;\">18\/07\/2025<\/span><\/h1>\n<h1><\/h1>\n<p><strong>Leandro Paredes debut\u00f3 con asistencia, pero el equipo de Russo no pas\u00f3 del 1-1 en La Bombonera: Tarragona abri\u00f3 el marcador y lo igual\u00f3 Di Lollo. El Xeneize sum\u00f3 el segundo empate seguido, mientras que el Tatengue logr\u00f3 un buen punto luego de la victoria ante Estudiantes.<\/strong><\/p>\n<div class=\"LinksInArticle\"><\/div>\n<figure data-modal-description=\"Leandro Paredes se lamenta en el empate entre Boca y Uni\u00f3n por la fecha 2 del torneo Clausura (Foto: Marcelo Endelli\/Getty Images)\" data-modal-image=\"https:\/\/media.tycsports.com\/files\/2025\/07\/18\/863439\/paredes-boca-union_w862.webp\"><img decoding=\"async\" src=\"https:\/\/scontent.fcnq2-1.fna.fbcdn.net\/v\/t39.30808-6\/518040566_1309043613917857_7381638441960489375_n.jpg?_nc_cat=101&amp;ccb=1-7&amp;_nc_sid=833d8c&amp;_nc_ohc=58WVbD7NMIMQ7kNvwGmIdUm&amp;_nc_oc=Adme1MqbcDnqKIRlo24ebtIB7_26p8NpkNNT4zxaY5TpecFqXGR421KTVZR_zm9RO38&amp;_nc_zt=23&amp;_nc_ht=scontent.fcnq2-1.fna&amp;_nc_gid=oBs1sERPjmCSqDHKV5eirw&amp;oh=00_AfREKPvcVJhW2XjpNr3FyNG97YFgViqp_ngeC7xOvB-ToQ&amp;oe=6880CCD0\" alt=\"Puede ser una imagen de 3 personas, personas jugando al f\u00fatbol, personas jugando al f\u00fatbol y texto que dice &quot;BOGAR betsson D.AL Max toe&quot;\" \/><figcaption>Leandro Paredes se lamenta en el empate entre Boca y Uni\u00f3n por la fecha 2 del torneo Clausura TyC Sports<\/figcaption><\/figure>\n<div class=\"mamComponent async\" data-channel=\"deportes.futbol.primeraa.ficha.761520\">\n<div class=\"futbol\">\n<div class=\"match\">\n<div class=\"awayScore\"><\/div>\n<\/div>\n<div class=\"mamInfo\">Estadio: Alberto J. Armando Ciudad Aut\u00f3noma de Buenos Aires<\/div>\n<div class=\"mamInfo\">Argentina &#8211; Torneo Clausura 2025<\/div>\n<div><\/div>\n<\/div>\n<\/div>\n<p><b>Boca empat\u00f3 1-1 frente a Uni\u00f3n<\/b>\u00a0en el inicio de la fecha 2 del torneo Clausura, en un partido que se disput\u00f3 en La Bombonera y<b><a href=\"https:\/\/www.tycsports.com\/boca-juniors\/leandro-paredes-vuelve-a-la-bombonera-y-podria-sumar-minutos-id674617.html\" target=\"_blank\" rel=\"noopener\">\u00a0<\/a><\/b><\/p>\n<p><iframe loading=\"lazy\" title=\"En el REGRESO de PAREDES, BOCA EMPAT\u00d3 con UNI\u00d3N | #Boca 1-1 #Union | Resumen\" width=\"500\" height=\"281\" src=\"https:\/\/www.youtube.com\/embed\/QKr_VLK_Kiw?feature=oembed\" frameborder=\"0\" allow=\"accelerometer; autoplay; clipboard-write; encrypted-media; gyroscope; picture-in-picture; web-share\" referrerpolicy=\"strict-origin-when-cross-origin\" allowfullscreen><\/iframe><\/p>\n<h1>Atl\u00e9tico Tucum\u00e1n y Central C\u00f3rdoba empataron 1-1 por la segunda fecha del Torneo Clausura<\/h1>\n<p>El Decano se puso en ventaja luego del tanto de Leandro Loco D\u00edaz pero la visita igual\u00f3 mediante un buen gol de cabeza de Mat\u00edas Perell\u00f3.<\/p>\n<div class=\"containerGrid\">\n<div class=\"col6 author\">\n<div><time datetime=\"2025-07-18T23:34:53-03:00\">18\/07\/2025 11:34 pm<\/time><\/div>\n<\/div>\n<\/div>\n<figure data-modal-description=\"Mat\u00edas Perell\u00f3, autor del empate frente a Atl\u00e9tico Tucum\u00e1n (@cacc_sde)\" data-modal-image=\"https:\/\/media.tycsports.com\/files\/2025\/07\/18\/863447\/atletico-tucuman-central-cordoba_w862.webp\"><img loading=\"lazy\" decoding=\"async\" class=\"mainImg r16x9\" title=\"Atl\u00e9tico Tucuman Central C\u00f3rdoba\" src=\"https:\/\/media.tycsports.com\/files\/2025\/07\/18\/863447\/atletico-tucuman-central-cordoba_416x234.webp?v=1\" srcset=\"https:\/\/media.tycsports.com\/files\/2025\/07\/18\/863447\/atletico-tucuman-central-cordoba_416x234.webp?v=1 960w,https:\/\/media.tycsports.com\/files\/2025\/07\/18\/863447\/atletico-tucuman-central-cordoba_862x485.webp?v=1 1024w\" alt=\"Atl\u00e9tico Tucuman Central C\u00f3rdoba\" width=\"416\" height=\"234\" \/><figcaption>Mat\u00edas Perell\u00f3, autor del empate frente a Atl\u00e9tico Tucum\u00e1n (@cacc_sde)<\/figcaption><\/figure>\n<div class=\"mamComponent async\" data-channel=\"deportes.futbol.primeraa.ficha.761522\">\n<div class=\"futbol\">\n<div class=\"match\"><img loading=\"lazy\" decoding=\"async\" class=\"homeTeamImg\" src=\"https:\/\/statics-files.tycsports.com\/escudos\/815.png?v=1.0\" alt=\"Atl\u00e9tico Tucum\u00e1n\" width=\"50\" height=\"50\" \/> <b class=\"homeTeamName\">Atl\u00e9tico Tucum\u00e1n\u00a0 <span style=\"font-weight: 400;\">1<\/span><br \/>\n<\/b><br \/>\n<b class=\"awayTeamName\"><img loading=\"lazy\" decoding=\"async\" class=\"awayTeamImg\" src=\"https:\/\/statics-files.tycsports.com\/escudos\/1485.png?v=1.0\" alt=\"Central C\u00f3rdoba (SE)\" width=\"50\" height=\"50\" \/>Central C\u00f3rdoba (SE) <\/b>1<\/div>\n<\/div>\n<div class=\"mamInfo\"><\/div>\n<\/div>\n<p><b>Atl\u00e9tico Tucum\u00e1n y Central C\u00f3rdoba empataron 1-1\u00a0<\/b>en el Monumental Jos\u00e9 Fierro por la segunda fecha del Torneo Apertura.\u00a0<b>Leandro Loco D\u00edaz<\/b>\u00a0abri\u00f3 el marcador para el Decano pero, en el segundo tiempo\u00a0<b>Mat\u00edas Perell\u00f3<\/b>, tras revisi\u00f3n del VAR, anot\u00f3 el tanto de las tablas. El pr\u00f3ximo partido de los de Pusineri ser\u00e1 en\u00a0<b>32vos de Copa Argentina frente a Boca<\/b>\u00a0y, por el lado de los de De Felippe,\u00a0<b>visitar\u00e1n a Cerro Largo en la vuelta del playoff de la Copa Sudamericana<\/b>.<\/p>\n","protected":false},"excerpt":{"rendered":"<p>18\/07\/2025 Leandro Paredes debut\u00f3 con asistencia, pero el equipo de Russo no pas\u00f3 del 1-1 en La Bombonera: Tarragona abri\u00f3 el marcador y lo igual\u00f3 Di Lollo. El Xeneize sum\u00f3 el segundo empate seguido, mientras que el Tatengue logr\u00f3 un buen punto luego de la victoria ante Estudiantes. Leandro Paredes se lamenta en el empate &hellip;<\/p>\n","protected":false},"author":2,"featured_media":22318,"comment_status":"open","ping_status":"open","sticky":false,"template":"","format":"standard","meta":{"footnotes":""},"categories":[47],"tags":[],"class_list":["post-22319","post","type-post","status-publish","format-standard","has-post-thumbnail","hentry","category-nacionales"],"_links":{"self":[{"href":"https:\/\/www.sportchaco.com.ar\/index.php?rest_route=\/wp\/v2\/posts\/22319","targetHints":{"allow":["GET"]}}],"collection":[{"href":"https:\/\/www.sportchaco.com.ar\/index.php?rest_route=\/wp\/v2\/posts"}],"about":[{"href":"https:\/\/www.sportchaco.com.ar\/index.php?rest_route=\/wp\/v2\/types\/post"}],"author":[{"embeddable":true,"href":"https:\/\/www.sportchaco.com.ar\/index.php?rest_route=\/wp\/v2\/users\/2"}],"replies":[{"embeddable":true,"href":"https:\/\/www.sportchaco.com.ar\/index.php?rest_route=%2Fwp%2Fv2%2Fcomments&post=22319"}],"version-history":[{"count":4,"href":"https:\/\/www.sportchaco.com.ar\/index.php?rest_route=\/wp\/v2\/posts\/22319\/revisions"}],"predecessor-version":[{"id":22326,"href":"https:\/\/www.sportchaco.com.ar\/index.php?rest_route=\/wp\/v2\/posts\/22319\/revisions\/22326"}],"wp:featuredmedia":[{"embeddable":true,"href":"https:\/\/www.sportchaco.com.ar\/index.php?rest_route=\/wp\/v2\/media\/22318"}],"wp:attachment":[{"href":"https:\/\/www.sportchaco.com.ar\/index.php?rest_route=%2Fwp%2Fv2%2Fmedia&parent=22319"}],"wp:term":[{"taxonomy":"category","embeddable":true,"href":"https:\/\/www.sportchaco.com.ar\/index.php?rest_route=%2Fwp%2Fv2%2Fcategories&post=22319"},{"taxonomy":"post_tag","embeddable":true,"href":"https:\/\/www.sportchaco.com.ar\/index.php?rest_route=%2Fwp%2Fv2%2Ftags&post=22319"}],"curies":[{"name":"wp","href":"https:\/\/api.w.org\/{rel}","templated":true}]}}