{"id":22349,"date":"2025-07-19T23:59:48","date_gmt":"2025-07-20T02:59:48","guid":{"rendered":"https:\/\/www.sportchaco.com.ar\/?p=22349"},"modified":"2025-07-19T23:59:29","modified_gmt":"2025-07-20T02:59:29","slug":"efemerides-del-20-de-julio","status":"publish","type":"post","link":"https:\/\/www.sportchaco.com.ar\/?p=22349","title":{"rendered":"Efem\u00e9rides del 20 de julio"},"content":{"rendered":"<div class=\"container fullwidth-entry-title-wrapper\">\n<div class=\"container-wrapper fullwidth-entry-title\">\n<header class=\"entry-header-outer\">\n<div class=\"entry-header\">\n<h1 class=\"post-title entry-title\"><\/h1>\n<div class=\"single-post-meta post-meta clearfix\">20-07-2025<\/div>\n<\/div>\n<\/header>\n<\/div>\n<\/div>\n<div id=\"content\" class=\"site-content container\">\n<div id=\"main-content-row\" class=\"tie-row main-content-row\">\n<div class=\"main-content tie-col-md-8 tie-col-xs-12\" role=\"main\">\n<article id=\"the-post\" class=\"container-wrapper post-content tie-standard\">\n<div class=\"featured-area\">\n<div class=\"featured-area-inner\"><\/div>\n<\/div>\n<div class=\"entry-content entry clearfix\">\n<h5><strong>Esta es la Efem\u00e9rides del Deporte en el Chaco de un 20 de julio periodista Luis Dar\u00edo Molodezky.<\/strong><\/h5>\n<p><img loading=\"lazy\" decoding=\"async\" class=\"alignnone size-full wp-image-22311 aligncenter\" src=\"https:\/\/www.sportchaco.com.ar\/wp-content\/uploads\/2025\/07\/Luis-2025-marzo-3-2-e1749824875302-300x217-5.jpg\" alt=\"\" width=\"300\" height=\"217\" \/><\/p>\n<p><strong>1936\u00a0<\/strong>\/ Se enfrentan los seleccionados de b\u00e1squet de Chaco y Corrientes en el marco de la Exposici\u00f3n Feria Comercial Chaco. Los chaque\u00f1os se integraron con M. Lestani y Ram\u00f3n Garc\u00eda de Villa, Acosta, G. Niello y S\u00e1nchez de Hind\u00fa.<\/p>\n<p><strong>1947\u00a0<\/strong>\/ Se funda la Asociaci\u00f3n Civil Centro Social y Deportivo Juventud Agraria1021 Cooperativista de Charata, que acumul\u00f3 una trayectoria ejemplar en lo institucional, deportivo y social. Se practica bochas, b\u00e1squetbol, boxeo, f\u00fatbol, etc.<\/p>\n<p><strong>1947\u00a0<\/strong>\/ Fundaci\u00f3n de la Asociaci\u00f3n Civil Centro Social y Deportivo Juventud Agraria Cooperativista de Charata. Tiene su sede en Pr\u00edngles 407 de Charata.<\/p>\n<p><strong>1958\u00a0<\/strong>\/ Se funda el Club Bancarios Resistencia.<\/p>\n<p><strong>1969 \/<\/strong> El mismo d\u00eda que el hombre pisa la luna, la chaque\u00f1a Elsa Takahashi logra un nuevo t\u00edtulo argentino femenino de tenis de mesa, disputado en el club Italiano de Buenos Aires, donde finaliz\u00f3 invicta.\u00a0 En abril de ese a\u00f1o la chaque\u00f1a hab\u00eda sido la jugadora sudamericana m\u00e1s de destacada en el mundial de este deporte. Hay que recordar que ese d\u00eda la misi\u00f3n norteamericana Apolo 11, coloc\u00f3 a los primeros hombres en la Luna: el comandante Neil Armstrong y el piloto Edwin F. Aldrin.<\/p>\n<p><strong>1984 \/<\/strong> La dupla integrada por Carlos Reiche y Ram\u00f3n Lorenzetti, se imponen en la Fiesta Nacional del Dorado realizada durante dos d\u00edas en la Isla del Cerrito. El segundo lugar lo ocuparon Jamier &#8211; Barbetti y el terceros Carrera-Manetti. La pieza mayor la obtuvo Carlos Reiche. con un peso de 12.700 kg.<\/p>\n<p><strong>1986\u00a0<\/strong>\/ For Ever debuta en el reestructurado Nacional B, empatando con Mandiy\u00fa en un gol, el tanto albinegro fue marcado por Roberto Garghini. El conjunto chaque\u00f1o form\u00f3 con Merlo; Parrado, Fiorio, Jorge Ben\u00edtez y Esquivel; Forn\u00e9s, Carril y C\u00e1ceres (Arg\u00fcello); Noremberg, Lacava Schell (Alfredo Fern\u00e1ndez) y Garghini. DT: Osvaldo Diez.<\/p>\n<p><img loading=\"lazy\" decoding=\"async\" class=\"attachment-jannah-image-post size-jannah-image-post wp-post-image\" src=\"https:\/\/www.sportchaco.com.ar\/wp-content\/uploads\/2024\/07\/For-Ever-1986-debut-780x470.webp\" alt=\"\" width=\"780\" height=\"470\" data-main-img=\"1\" \/><\/p>\n<p><strong>1987\u00a0<\/strong>\/ Se crea la Asociaci\u00f3n Chaque\u00f1a de Pesas y Fisicoculturismo (ACHAPEFI), por impulso de Pedro Maidana y la primera comisi\u00f3n directiva estuvo presidida por Osvaldo Monfardini, vicepresidente Rolando Frangioli, secretario Pedro Maidana, prosecretario Alberto Fretes, tesorero Ricardo Galvis, protesorero Miguel \u00c1ngel Bogado.<\/p>\n<p><strong>2006\u00a0<\/strong>\/ El equipo chaque\u00f1o de tenis de mesa categor\u00eda damas menores, integrado por Marianella Konig y Virgina Valdez, Ana Codina y Karen Konig, se consagra campe\u00f3n argentino, venciendo en el final a Paso de los Libres.<\/p>\n<p>&nbsp;<\/p>\n<\/div>\n<\/article>\n<\/div>\n<\/div>\n<\/div>\n","protected":false},"excerpt":{"rendered":"<p>20-07-2025 Esta es la Efem\u00e9rides del Deporte en el Chaco de un 20 de julio periodista Luis Dar\u00edo Molodezky. 1936\u00a0\/ Se enfrentan los seleccionados de b\u00e1squet de Chaco y Corrientes en el marco de la Exposici\u00f3n Feria Comercial Chaco. Los chaque\u00f1os se integraron con M. Lestani y Ram\u00f3n Garc\u00eda de Villa, Acosta, G. Niello y &hellip;<\/p>\n","protected":false},"author":2,"featured_media":22353,"comment_status":"open","ping_status":"open","sticky":false,"template":"","format":"standard","meta":{"footnotes":""},"categories":[45,37],"tags":[],"class_list":["post-22349","post","type-post","status-publish","format-standard","has-post-thumbnail","hentry","category-efemerides-dia-por-dia","category-julio"],"_links":{"self":[{"href":"https:\/\/www.sportchaco.com.ar\/index.php?rest_route=\/wp\/v2\/posts\/22349","targetHints":{"allow":["GET"]}}],"collection":[{"href":"https:\/\/www.sportchaco.com.ar\/index.php?rest_route=\/wp\/v2\/posts"}],"about":[{"href":"https:\/\/www.sportchaco.com.ar\/index.php?rest_route=\/wp\/v2\/types\/post"}],"author":[{"embeddable":true,"href":"https:\/\/www.sportchaco.com.ar\/index.php?rest_route=\/wp\/v2\/users\/2"}],"replies":[{"embeddable":true,"href":"https:\/\/www.sportchaco.com.ar\/index.php?rest_route=%2Fwp%2Fv2%2Fcomments&post=22349"}],"version-history":[{"count":5,"href":"https:\/\/www.sportchaco.com.ar\/index.php?rest_route=\/wp\/v2\/posts\/22349\/revisions"}],"predecessor-version":[{"id":22374,"href":"https:\/\/www.sportchaco.com.ar\/index.php?rest_route=\/wp\/v2\/posts\/22349\/revisions\/22374"}],"wp:featuredmedia":[{"embeddable":true,"href":"https:\/\/www.sportchaco.com.ar\/index.php?rest_route=\/wp\/v2\/media\/22353"}],"wp:attachment":[{"href":"https:\/\/www.sportchaco.com.ar\/index.php?rest_route=%2Fwp%2Fv2%2Fmedia&parent=22349"}],"wp:term":[{"taxonomy":"category","embeddable":true,"href":"https:\/\/www.sportchaco.com.ar\/index.php?rest_route=%2Fwp%2Fv2%2Fcategories&post=22349"},{"taxonomy":"post_tag","embeddable":true,"href":"https:\/\/www.sportchaco.com.ar\/index.php?rest_route=%2Fwp%2Fv2%2Ftags&post=22349"}],"curies":[{"name":"wp","href":"https:\/\/api.w.org\/{rel}","templated":true}]}}