{"id":22375,"date":"2025-07-20T00:05:02","date_gmt":"2025-07-20T03:05:02","guid":{"rendered":"https:\/\/www.sportchaco.com.ar\/?p=22375"},"modified":"2025-07-20T16:36:52","modified_gmt":"2025-07-20T19:36:52","slug":"doblete-y-noche-sonada-para-santiago-lencina","status":"publish","type":"post","link":"https:\/\/www.sportchaco.com.ar\/?p=22375","title":{"rendered":"Doblete y noche so\u00f1ada para Santiago Lencina"},"content":{"rendered":"<div class=\"nota__heading\">\n<h1><\/h1>\n<h1><\/h1>\n<h1 class=\"nota__heading__title\">20-07-2025<\/h1>\n<h5 class=\"nota__heading__subtitle\">El chaque\u00f1o Santiago Lencina tuvo su bautismo en la red y por duplicado durante el 4-0 sobre Instituto en C\u00f3rdoba.<\/h5>\n<div class=\"nota__heading__author\"><\/div>\n<\/div>\n<div class=\"nota__main-media\">\n<div class=\"nota__image\"><\/div>\n<div class=\"nota__main-media__legend\"><\/div>\n<\/div>\n<div class=\"nota__body\">\n<div class=\"container\">\n<div class=\"row\">\n<div class=\"eg-grid eg-grid--content\">\n<div class=\"eg-cell__1-1\">\n<div class=\"col-xs-24 col-sm-4 eg-social eg-social--vert\">\n<div class=\"addthis_sharing_toolbox nota_body_social\"><\/div>\n<\/div>\n<\/div>\n<div class=\"eg-cell__2-1\">\n<p>SANTIAGO LENCINA\u00a0jam\u00e1s se olvidar\u00e1 de la noche cordobesa del 19 de julio de 2025 cuando la rompi\u00f3 ante Instituto y marc\u00f3 sus primeros dos goles en\u00a0<a href=\"https:\/\/www.elgrafico.com.ar\/etiqueta\/river\" target=\"_blank\" rel=\"noopener\">River<\/a>.<\/p>\n<p>El zurdo de 19 a\u00f1os, producto de las inagotables divisiones inferiores del club de N\u00fa\u00f1ez, jug\u00f3 un partidazo,\u00a0<strong>fue la figura del encuentro y marc\u00f3\u00a0un doblete<\/strong>.<\/p>\n<p>&nbsp;<\/p>\n<p>&nbsp;<\/p>\n<p>si=VX5TwbhWVYtt0GwQs 47 minutos del primer tiempo con un zurdazo cruzado y el segundo, tambi\u00e9n con su bot\u00edn izquierdo, promediando la segunda mitad, ambos tras dos jugadones de Maxi Salas.<\/p>\n<div class=\"nota__main-media\">\n<div class=\"nota__main-media__container\">\n<div id=\"video_78\" class=\"jwplayer jw-reset jw-state-idle jw-stretch-uniform jw-flag-aspect-mode jw-skin-bekle jw-floating-dismissible jw-keep-thumbnail jw-flag-cast-available jw-flag-user-inactive jw-breakpoint-3\" tabindex=\"0\" role=\"application\" aria-label=\"Video Player\" aria-describedby=\"jw-video_78-shortcuts-tooltip-explanation\">\n<div class=\"jw-wrapper jw-reset\">\n<div class=\"jw-controls jw-reset\">\n<div class=\"jw-controlbar jw-reset\">\n<div class=\"jw-reset jw-button-container\">\n<div class=\"jw-icon jw-icon-inline jw-button-color jw-reset jw-icon-cast\" tabindex=\"0\" role=\"button\" aria-label=\"Chromecast\"><\/div>\n<\/div>\n<\/div>\n<\/div>\n<\/div>\n<\/div>\n<\/div>\n<div class=\"nota__main-media__legend\"><strong>El primer gol en la Primera de River para Lencina.<\/strong><\/div>\n<\/div>\n<p>Ni bien termin\u00f3 el partido, el oriundo del pueblo chaque\u00f1o de Corzuela expres\u00f3 su emoci\u00f3n por la noche involvidable vivida en el Mario Kempes de la Docta.<\/p>\n<div class=\"nota__main-media\">\n<div class=\"nota__main-media__container\">\n<div id=\"video_63\" class=\"jwplayer jw-reset jw-state-idle jw-stretch-uniform jw-flag-aspect-mode jw-skin-bekle jw-floating-dismissible jw-keep-thumbnail jw-flag-cast-available jw-flag-user-inactive jw-breakpoint-3\" tabindex=\"0\" role=\"application\" aria-label=\"Video Player\" aria-describedby=\"jw-video_63-shortcuts-tooltip-explanation\">\n<div class=\"jw-wrapper jw-reset\">\n<div class=\"jw-controls jw-reset\">\n<div class=\"jw-nextup-container jw-reset\">\n<div class=\"jw-nextup jw-background-color jw-reset\">\n<div class=\"jw-nextup-tooltip jw-reset\"><\/div>\n<\/div>\n<\/div>\n<div class=\"jw-controlbar jw-reset\">\n<div class=\"jw-reset jw-button-container\">\n<div class=\"jw-icon jw-icon-inline jw-button-color jw-reset jw-icon-cast\" tabindex=\"0\" role=\"button\" aria-label=\"Chromecast\"><\/div>\n<\/div>\n<\/div>\n<\/div>\n<\/div>\n<\/div>\n<\/div>\n<div class=\"nota__main-media__legend\"><strong>Doblete para el chaque\u00f1o Lencina con este zurdazo.<\/strong><\/div>\n<\/div>\n<p>\u00ab<em><strong>Fue un d\u00eda so\u00f1ado. Desde chico que arranqu\u00e9\u00a0a jugar al f\u00fatbol y uno siempre sue\u00f1a con estos momentos y estoy muy feliz de que hoy haya podido cumplir un sue\u00f1o que ten\u00eda de chiquito cuando llegu\u00e9 a River<\/strong><\/em>\u00ab, revel\u00f3 el joven de 19 a\u00f1os tras el 4-0 sobre la Gloria.<\/p>\n<p>Y agreg\u00f3 en una nota con ESPN: \u00ab<strong><em>Nunca me imagin\u00e9 que iba a debutar con un doblete, pero gracias a Dios se me dio y fue un d\u00eda que nunca voy a olvidar<\/em><\/strong>\u00ab.<\/p>\n<p><img loading=\"lazy\" decoding=\"async\" class=\"alignnone size-medium wp-image-22378\" src=\"https:\/\/www.sportchaco.com.ar\/wp-content\/uploads\/2025\/07\/640793w850h446c.jpg-300x157.webp\" alt=\"\" width=\"300\" height=\"157\" srcset=\"https:\/\/www.sportchaco.com.ar\/wp-content\/uploads\/2025\/07\/640793w850h446c.jpg-300x157.webp 300w, https:\/\/www.sportchaco.com.ar\/wp-content\/uploads\/2025\/07\/640793w850h446c.jpg-768x403.webp 768w, https:\/\/www.sportchaco.com.ar\/wp-content\/uploads\/2025\/07\/640793w850h446c.jpg.webp 850w\" sizes=\"auto, (max-width: 300px) 100vw, 300px\" \/><\/p>\n<div class=\"nota__main-media\">\n<div class=\"nota__main-media__container\">\n<div id=\"video_49\" class=\"jwplayer jw-reset jw-state-idle jw-stretch-uniform jw-flag-aspect-mode jw-skin-bekle jw-floating-dismissible jw-keep-thumbnail jw-flag-cast-available jw-breakpoint-3 jw-flag-user-inactive\" tabindex=\"0\" role=\"application\" aria-label=\"Video Player\" aria-describedby=\"jw-video_49-shortcuts-tooltip-explanation\">\n<div class=\"jw-wrapper jw-reset\">\n<div class=\"jw-media jw-reset\">https:\/\/youtube.com\/shorts\/oJXJ-sw5eMs?si=rwQuQ8Uf7Yh7HQv2<\/div>\n<div class=\"jw-controls jw-reset\">\n<div class=\"jw-display jw-reset\">\n<div class=\"jw-display-container jw-reset\">\n<div class=\"jw-display-controls jw-reset\">\n<div class=\"jw-display-icon-container jw-display-icon-display jw-reset\">\n<div class=\"jw-icon jw-icon-display jw-button-color jw-reset\" tabindex=\"0\" role=\"button\" aria-label=\"Reproducir\"><\/div>\n<\/div>\n<\/div>\n<\/div>\n<\/div>\n<div class=\"jw-nextup-container jw-reset\">\n<div class=\"jw-nextup jw-background-color jw-reset\">\n<div class=\"jw-nextup-tooltip jw-reset\">https:\/\/youtu.be\/V-tYmD6NXU8?si=YgxsaQ-f7_fVTZSQ<\/div>\n<\/div>\n<\/div>\n<div class=\"jw-controlbar jw-reset\">\n<div class=\"jw-reset jw-button-container\">\n<div class=\"jw-icon jw-icon-inline jw-button-color jw-reset jw-icon-cast\" tabindex=\"0\" role=\"button\" aria-label=\"Chromecast\"><\/div>\n<\/div>\n<\/div>\n<\/div>\n<\/div>\n<\/div>\n<\/div>\n<div class=\"nota__main-media__legend\"><strong>La Emoci\u00f3n De Lencina Tras Su Noche Inolvidable En C\u00f3rdoba. ESPN.<\/strong><\/div>\n<\/div>\n<p>\u00ab<strong><em>Siempre arranqu\u00e9 jugando por la izquierda aunque en el \u00faltimo tiempo me tir\u00e9 un poco a la derecha, pero donde me ponga el t\u00e9cnico voy a tratar de dar lo mejor<\/em><\/strong>\u00ab, concluy\u00f3 Lencina, quien de a poco se est\u00e1 metiendo en el once titular de River. Fuente El Gr\u00e1fico<\/p>\n<\/div>\n<div><\/div>\n<\/div>\n<\/div>\n<div><\/div>\n<div class=\"row\">\n<div><\/div>\n<\/div>\n<\/div>\n<\/div>\n","protected":false},"excerpt":{"rendered":"<p>20-07-2025 El chaque\u00f1o Santiago Lencina tuvo su bautismo en la red y por duplicado durante el 4-0 sobre Instituto en C\u00f3rdoba. SANTIAGO LENCINA\u00a0jam\u00e1s se olvidar\u00e1 de la noche cordobesa del 19 de julio de 2025 cuando la rompi\u00f3 ante Instituto y marc\u00f3 sus primeros dos goles en\u00a0River. El zurdo de 19 a\u00f1os, producto de las &hellip;<\/p>\n","protected":false},"author":2,"featured_media":22376,"comment_status":"open","ping_status":"open","sticky":false,"template":"","format":"standard","meta":{"footnotes":""},"categories":[47],"tags":[],"class_list":["post-22375","post","type-post","status-publish","format-standard","has-post-thumbnail","hentry","category-nacionales"],"_links":{"self":[{"href":"https:\/\/www.sportchaco.com.ar\/index.php?rest_route=\/wp\/v2\/posts\/22375","targetHints":{"allow":["GET"]}}],"collection":[{"href":"https:\/\/www.sportchaco.com.ar\/index.php?rest_route=\/wp\/v2\/posts"}],"about":[{"href":"https:\/\/www.sportchaco.com.ar\/index.php?rest_route=\/wp\/v2\/types\/post"}],"author":[{"embeddable":true,"href":"https:\/\/www.sportchaco.com.ar\/index.php?rest_route=\/wp\/v2\/users\/2"}],"replies":[{"embeddable":true,"href":"https:\/\/www.sportchaco.com.ar\/index.php?rest_route=%2Fwp%2Fv2%2Fcomments&post=22375"}],"version-history":[{"count":4,"href":"https:\/\/www.sportchaco.com.ar\/index.php?rest_route=\/wp\/v2\/posts\/22375\/revisions"}],"predecessor-version":[{"id":22381,"href":"https:\/\/www.sportchaco.com.ar\/index.php?rest_route=\/wp\/v2\/posts\/22375\/revisions\/22381"}],"wp:featuredmedia":[{"embeddable":true,"href":"https:\/\/www.sportchaco.com.ar\/index.php?rest_route=\/wp\/v2\/media\/22376"}],"wp:attachment":[{"href":"https:\/\/www.sportchaco.com.ar\/index.php?rest_route=%2Fwp%2Fv2%2Fmedia&parent=22375"}],"wp:term":[{"taxonomy":"category","embeddable":true,"href":"https:\/\/www.sportchaco.com.ar\/index.php?rest_route=%2Fwp%2Fv2%2Fcategories&post=22375"},{"taxonomy":"post_tag","embeddable":true,"href":"https:\/\/www.sportchaco.com.ar\/index.php?rest_route=%2Fwp%2Fv2%2Ftags&post=22375"}],"curies":[{"name":"wp","href":"https:\/\/api.w.org\/{rel}","templated":true}]}}