{"id":2238,"date":"2023-10-26T08:59:51","date_gmt":"2023-10-26T11:59:51","guid":{"rendered":"https:\/\/www.sportchaco.com.ar\/?p=2238"},"modified":"2023-10-26T12:52:08","modified_gmt":"2023-10-26T15:52:08","slug":"franco-colapinto-correra-en-la-formula-2","status":"publish","type":"post","link":"https:\/\/www.sportchaco.com.ar\/?p=2238","title":{"rendered":"Franco Colapinto correr\u00e1 en la Formula 2"},"content":{"rendered":"<p>Este mi\u00e9rcoles, despu\u00e9s de tanta espera, se confirm\u00f3 que el piloto argentino de tan solo 20 a\u00f1os correr\u00e1 en la F2 en el 2024, con el equipo MP (del que forma parte desde el 2020). Su estreno en la categor\u00eda ser\u00e1 en el GP de Abu Dhabi, que se realizar\u00e1 el 26 de noviembre.<\/p>\n<p>As\u00ed lo anunci\u00f3 el protagonista en sus redes, \u00abMuy feliz de que finalmente se haya hecho realidad. \u00a1Voy a estar corriendo en la Formula 2 en el 2024 junto a @officialmpmotorsport! \u00a1Y tambi\u00e9n voy a estar en la \u00faltima carrera de esta temporada en Abu Dhabi! Todos trabajaron mucho para conseguir este asiento y estoy muy orgulloso de toda la gente que me apoya. \u00a1Es todav\u00eda m\u00e1s especial hacerlo con MP que ya son como una familia para m\u00ed!\u00bb, adem\u00e1s de agradecer a los sponsors que lo apoyan.<\/p>\n<p>Colapinto viene de una destacada temporada en la F\u00f3rmula 3 con MP Motorsport, donde fue relevante con victorias en Silverstone y Monza, adem\u00e1s de competir al m\u00e1s alto nivel y quedar en la cuarta posici\u00f3n, a tan solo nueve puntos del subcampeonato.<\/p>\n<p>El paso de Franco Colapinto a la F2 desde la F3, no solo representa un avance en su carrera, sino que adem\u00e1s lo deja a un paso de llegar a la F\u00f3rmula 1. De hecho, el argentino, que seguir\u00e1 ligado al equipo Williams, podr\u00eda probar algunos monoplazas y practicar en los principales circuitos, ya sea de manera privada o en algunas de las pr\u00e1cticas libres, donde ciertas escuder\u00edas le dan lugar a los j\u00f3venes para que se muestren.<\/p>\n<p>&nbsp;<\/p>\n","protected":false},"excerpt":{"rendered":"<p>Este mi\u00e9rcoles, despu\u00e9s de tanta espera, se confirm\u00f3 que el piloto argentino de tan solo 20 a\u00f1os correr\u00e1 en la F2 en el 2024, con el equipo MP (del que forma parte desde el 2020). Su estreno en la categor\u00eda ser\u00e1 en el GP de Abu Dhabi, que se realizar\u00e1 el 26 de noviembre. As\u00ed &hellip;<\/p>\n","protected":false},"author":5,"featured_media":2239,"comment_status":"open","ping_status":"open","sticky":false,"template":"","format":"standard","meta":{"footnotes":""},"categories":[2],"tags":[],"class_list":["post-2238","post","type-post","status-publish","format-standard","has-post-thumbnail","hentry","category-automovilismo"],"_links":{"self":[{"href":"https:\/\/www.sportchaco.com.ar\/index.php?rest_route=\/wp\/v2\/posts\/2238","targetHints":{"allow":["GET"]}}],"collection":[{"href":"https:\/\/www.sportchaco.com.ar\/index.php?rest_route=\/wp\/v2\/posts"}],"about":[{"href":"https:\/\/www.sportchaco.com.ar\/index.php?rest_route=\/wp\/v2\/types\/post"}],"author":[{"embeddable":true,"href":"https:\/\/www.sportchaco.com.ar\/index.php?rest_route=\/wp\/v2\/users\/5"}],"replies":[{"embeddable":true,"href":"https:\/\/www.sportchaco.com.ar\/index.php?rest_route=%2Fwp%2Fv2%2Fcomments&post=2238"}],"version-history":[{"count":3,"href":"https:\/\/www.sportchaco.com.ar\/index.php?rest_route=\/wp\/v2\/posts\/2238\/revisions"}],"predecessor-version":[{"id":2258,"href":"https:\/\/www.sportchaco.com.ar\/index.php?rest_route=\/wp\/v2\/posts\/2238\/revisions\/2258"}],"wp:featuredmedia":[{"embeddable":true,"href":"https:\/\/www.sportchaco.com.ar\/index.php?rest_route=\/wp\/v2\/media\/2239"}],"wp:attachment":[{"href":"https:\/\/www.sportchaco.com.ar\/index.php?rest_route=%2Fwp%2Fv2%2Fmedia&parent=2238"}],"wp:term":[{"taxonomy":"category","embeddable":true,"href":"https:\/\/www.sportchaco.com.ar\/index.php?rest_route=%2Fwp%2Fv2%2Fcategories&post=2238"},{"taxonomy":"post_tag","embeddable":true,"href":"https:\/\/www.sportchaco.com.ar\/index.php?rest_route=%2Fwp%2Fv2%2Ftags&post=2238"}],"curies":[{"name":"wp","href":"https:\/\/api.w.org\/{rel}","templated":true}]}}