{"id":22419,"date":"2025-07-20T23:18:37","date_gmt":"2025-07-21T02:18:37","guid":{"rendered":"https:\/\/www.sportchaco.com.ar\/?p=22419"},"modified":"2025-07-20T23:18:51","modified_gmt":"2025-07-21T02:18:51","slug":"efemerides-del-21-de-julio","status":"publish","type":"post","link":"https:\/\/www.sportchaco.com.ar\/?p=22419","title":{"rendered":"Efem\u00e9rides del 21 de julio"},"content":{"rendered":"<div class=\"container fullwidth-entry-title-wrapper\">\n<div class=\"container-wrapper fullwidth-entry-title\">\n<header class=\"entry-header-outer\">\n<div class=\"entry-header\">\n<h1 class=\"post-title entry-title\"><\/h1>\n<div class=\"single-post-meta post-meta clearfix\"><\/div>\n<\/div>\n<\/header>\n<\/div>\n<\/div>\n<div id=\"content\" class=\"site-content container\">\n<div id=\"main-content-row\" class=\"tie-row main-content-row\">\n<div class=\"main-content tie-col-md-8 tie-col-xs-12\" role=\"main\">\n<article id=\"the-post\" class=\"container-wrapper post-content tie-standard\">\n<div class=\"featured-area\">\n<div class=\"featured-area-inner\"><\/div>\n<\/div>\n<div class=\"entry-content entry clearfix\">\n<p><strong>Esta es la Efem\u00e9rides del Deporte en el Chaco de un 21 de julio periodista Luis Dar\u00edo Molodezky.<\/strong><\/p>\n<p>&nbsp;<\/p>\n<p>&nbsp;<\/p>\n<p><strong>1905 \/<\/strong>\u00a0Nace Pablo Boschetti, en Asunci\u00f3n Paraguay y se naturaliz\u00f3 argentino. Desde muy jovencito le apasion\u00f3 la fotograf\u00eda y en 1929 inaugura su propio estudio en Pellegrini 75. En Resistencia fue fot\u00f3grafo del diario El Territorio y colabor\u00f3 con la revista Estampa Chaque\u00f1a de ldelfonso P\u00e9rez. Colabor\u00f3 con revistas y diarios de Buenos Aires como Caras y Caretas, Mundo Argentino, El Gr\u00e1fico, Ahora, La Prensa, La Naci\u00f3n, Noticias Gr\u00e1ficas, Cr\u00edtica. En 1934 fue creador y director del primer programa deportivo que se transmiti\u00f3 por Radio Chaco, titulado \u201cOrientaci\u00f3n Deportiva\u201d, en el que colaboraron los locutores locales Barreto, Polo, De La Fuente y Jasper. Adem\u00e1s de haber integrado el grupo de fundadores, fue durante 7 a\u00f1os presidente del Hind\u00fa Club y particip\u00f3 en otras entidades como Chaco For Ever, Asociaci\u00f3n Italiana y el Tiro Federal. Muri\u00f3 en Resistencia el 9 de octubre de 1987.<\/p>\n<p><strong>1936\u00a0<\/strong>\/ El Club Resistencia Central expulsa a su vicepresidente Pedro P. Alarc\u00f3n, por retener indebidamente fondos de la entidad por valor de 179 pesos.<\/p>\n<p><strong>1978 \/<\/strong>\u00a0El Consejo Directivo de la URNE confirma el fallo de Tribunal de Disciplina, que suspende por 99 a\u00f1os al jugador de Sixty Rugby Club \u00c1ngel Aguirre. El fallo fue por intento de agresi\u00f3n a un adversario, por agredir a un \u00e1rbitro y haber jugado estando sancionado. La pena impuesta, es tradicional en el rugby, y significa apartar al sancionado de la pr\u00e1ctica del juego y cualquier actividad relacionada con este deporte.<\/p>\n<p><strong>1984 \/<\/strong>\u00a0Juan Carlos Oru\u00e9 con r\u00e9cord, se impuso en la 4\u00ba edici\u00f3n de la Marat\u00f3n Corrientes-Chaco, que se corri\u00f3 sobre 21 Km., con un tiempo 1 hora 2 minutos, organizada por el programa DeportTV. En damas triunf\u00f3 Stella Maris Stelles; en juveniles Juan Carlos Ver\u00f3n y en veteranos Romualdo Parras.<\/p>\n<p><strong>2006\u00a0<\/strong>\/ El corredor chaque\u00f1o Pato Silva estuvo durante una hora en el Domo del Centenario, donde se desarrolla la bienal de Escultura, como invitado en el programa Pura Potencia, con la conducci\u00f3n de Luis Dar\u00edo y Dar\u00edo Gast\u00f3n Molodezky. En la oportunidad una multitud rodeo el stand de Radio Isla del Cerrito, donde firm\u00f3 centenares de aut\u00f3grafos. El domingo 24 gan\u00f3 la carrera de TC 2000 en el Yaco Guarnieri.<\/p>\n<p>&nbsp;<\/p>\n<p><strong>Foto portada: Pablo Boschetti y sus colaboradores Manuel Rojas, Santiago Aguirre, y Garc\u00eda corta.<\/strong><\/p>\n<\/div>\n<\/article>\n<\/div>\n<\/div>\n<\/div>\n","protected":false},"excerpt":{"rendered":"<p>Esta es la Efem\u00e9rides del Deporte en el Chaco de un 21 de julio periodista Luis Dar\u00edo Molodezky. &nbsp; &nbsp; 1905 \/\u00a0Nace Pablo Boschetti, en Asunci\u00f3n Paraguay y se naturaliz\u00f3 argentino. Desde muy jovencito le apasion\u00f3 la fotograf\u00eda y en 1929 inaugura su propio estudio en Pellegrini 75. En Resistencia fue fot\u00f3grafo del diario El &hellip;<\/p>\n","protected":false},"author":2,"featured_media":22421,"comment_status":"open","ping_status":"open","sticky":false,"template":"","format":"standard","meta":{"footnotes":""},"categories":[45,37],"tags":[],"class_list":["post-22419","post","type-post","status-publish","format-standard","has-post-thumbnail","hentry","category-efemerides-dia-por-dia","category-julio"],"_links":{"self":[{"href":"https:\/\/www.sportchaco.com.ar\/index.php?rest_route=\/wp\/v2\/posts\/22419","targetHints":{"allow":["GET"]}}],"collection":[{"href":"https:\/\/www.sportchaco.com.ar\/index.php?rest_route=\/wp\/v2\/posts"}],"about":[{"href":"https:\/\/www.sportchaco.com.ar\/index.php?rest_route=\/wp\/v2\/types\/post"}],"author":[{"embeddable":true,"href":"https:\/\/www.sportchaco.com.ar\/index.php?rest_route=\/wp\/v2\/users\/2"}],"replies":[{"embeddable":true,"href":"https:\/\/www.sportchaco.com.ar\/index.php?rest_route=%2Fwp%2Fv2%2Fcomments&post=22419"}],"version-history":[{"count":2,"href":"https:\/\/www.sportchaco.com.ar\/index.php?rest_route=\/wp\/v2\/posts\/22419\/revisions"}],"predecessor-version":[{"id":22423,"href":"https:\/\/www.sportchaco.com.ar\/index.php?rest_route=\/wp\/v2\/posts\/22419\/revisions\/22423"}],"wp:featuredmedia":[{"embeddable":true,"href":"https:\/\/www.sportchaco.com.ar\/index.php?rest_route=\/wp\/v2\/media\/22421"}],"wp:attachment":[{"href":"https:\/\/www.sportchaco.com.ar\/index.php?rest_route=%2Fwp%2Fv2%2Fmedia&parent=22419"}],"wp:term":[{"taxonomy":"category","embeddable":true,"href":"https:\/\/www.sportchaco.com.ar\/index.php?rest_route=%2Fwp%2Fv2%2Fcategories&post=22419"},{"taxonomy":"post_tag","embeddable":true,"href":"https:\/\/www.sportchaco.com.ar\/index.php?rest_route=%2Fwp%2Fv2%2Ftags&post=22419"}],"curies":[{"name":"wp","href":"https:\/\/api.w.org\/{rel}","templated":true}]}}