{"id":22446,"date":"2025-07-21T11:52:48","date_gmt":"2025-07-21T14:52:48","guid":{"rendered":"https:\/\/www.sportchaco.com.ar\/?p=22446"},"modified":"2025-07-22T10:04:45","modified_gmt":"2025-07-22T13:04:45","slug":"el-futbol-de-luto-fallecio-cesar-britez","status":"publish","type":"post","link":"https:\/\/www.sportchaco.com.ar\/?p=22446","title":{"rendered":"El f\u00fatbol de luto, falleci\u00f3 C\u00e9sar Br\u00edtez"},"content":{"rendered":"<p>Hace pocas horas se conoci\u00f3 el fallecimiento de un hist\u00f3rico jugador y capit\u00e1n de Don Orione Atletic Club, Cesar Br\u00edtez. quien jugara en la d\u00e9cada del 80 y principios de los 90.<\/p>\n<p>Jubilado del Poder Judicial, ten\u00eda una hermosa familia con la que compart\u00eda y tambi\u00e9n jugaba en los seniors del equipo portuario.<\/p>\n<p>Su deceso provoc\u00f3 hondo pesar en el mundo del f\u00fatbol de la Liga Chaque\u00f1a, donde jug\u00f3 de refuerzo en otros equipos ytambi\u00e9n en Mandiy\u00fa de corrientes.<\/p>\n<p><img decoding=\"async\" src=\"https:\/\/scontent.fcnq2-2.fna.fbcdn.net\/v\/t1.6435-9\/118886180_317869166301744_3847361726203780502_n.jpg?_nc_cat=108&amp;ccb=1-7&amp;_nc_sid=833d8c&amp;_nc_eui2=AeH7JUzy3tgD2OyZnrN-fL6h40eaMN6-p47jR5ow3r6njoYggMmXEZnXNBqfdJptW8Q&amp;_nc_ohc=9ADnbEkrEYQQ7kNvwHYYFZE&amp;_nc_oc=AdmWfwhlAw_P-3f2rMKSIa6wNMLUDL-M7G-ZZ2DvWqPldb9ZN7sJ4nR2Z7M813Di_Ik&amp;_nc_zt=23&amp;_nc_ht=scontent.fcnq2-2.fna&amp;_nc_gid=qsDfryAMXWLNYgoxM9rw1g&amp;oh=00_AfTOjuoTt3Au0BxZvnn91xu1uuy3_Jkcixfq8RqySOpGyw&amp;oe=68A5DF46\" alt=\"No hay ninguna descripci\u00f3n de la foto disponible.\" \/><\/p>\n<p><strong>Orione de los 90<\/strong><br \/>\n<strong><span style=\"color: #000000;\">Bubi Guti\u00e9rrez , Omar Ruber, tatu Gomez ,\u00a0<a style=\"color: #000000;\" href=\"https:\/\/www.facebook.com\/danielarcor.garcia\">Daniel Arcor Garcia<\/a>\u00a0,\u00a0<a style=\"color: #000000;\" href=\"https:\/\/www.facebook.com\/jorge.arias.227278\">Jorge Arias<\/a>\u00a0y el gran Capit\u00e1n\u00a0<a style=\"color: #000000;\" href=\"https:\/\/www.facebook.com\/cesar.britez.466311\">Cesar Britez<\/a>\u00a0.<\/span><\/strong><br \/>\n<strong><span style=\"color: #000000;\"><a style=\"color: #000000;\" href=\"https:\/\/www.facebook.com\/carmelo.galarza.921\">Carmelo Galarza<\/a> , Rene Anchaba , Cristi\u00e1n Velazco , Julito Zacaria y Davilo Moreno <\/span><\/strong><\/p>\n<p><img decoding=\"async\" src=\"https:\/\/scontent.fcnq2-1.fna.fbcdn.net\/v\/t1.6435-9\/96529978_698116207397337_3774591631102050304_n.jpg?_nc_cat=105&amp;ccb=1-7&amp;_nc_sid=127cfc&amp;_nc_eui2=AeFK4moebTUOGMCcXB3ZhB3kIdUd-ez558Yh1R357PnnxoC1DhDG3j3KQiOMatsJ-DU&amp;_nc_ohc=kd80YOZyecoQ7kNvwFP69Nq&amp;_nc_oc=AdloLp0SY_p56FwDBz5EPWiTv01pPyIN-wmFAd9NhfHDlkq-cumrCYbSU8JS6mV55YE&amp;_nc_zt=23&amp;_nc_ht=scontent.fcnq2-1.fna&amp;_nc_gid=lFVJiG-KRhZ6MdleAcqTsg&amp;oh=00_AfTU9Ix2oLzYxWT5yUZ9Ggxx7JtdnSpDVM5mBGX4mkW1Qw&amp;oe=68A5C7E8\" alt=\"No hay ninguna descripci\u00f3n de la foto disponible.\" \/><strong>Con toda su familia, a la derecha C\u00e9sar Br\u00edtez<\/strong><\/p>\n<p>&nbsp;<\/p>\n<p><img loading=\"lazy\" decoding=\"async\" class=\"\" src=\"https:\/\/scontent.fcnq2-1.fna.fbcdn.net\/v\/t1.6435-9\/99251163_707190953156529_4026420192325140480_n.jpg?_nc_cat=107&amp;ccb=1-7&amp;_nc_sid=127cfc&amp;_nc_eui2=AeFwGn50A_8RE4X3hiJilIwn1GX4zNQ6WkHUZfjM1DpaQUkSIwTZ21ShxETBk8HTYOw&amp;_nc_ohc=amTnntU8kJ0Q7kNvwFbJMzr&amp;_nc_oc=Adn68UlZTXA6es-2wFl99eoxdo8qO4KXBjdNT3Va4d8OtLNgQMcP4fAKbKhJZ2LUTuY&amp;_nc_zt=23&amp;_nc_ht=scontent.fcnq2-1.fna&amp;_nc_gid=y1BoFCEHW2cPvJ0asAZLUA&amp;oh=00_AfTepYlj-cAeY7ccaF0vFlUz_qYqVRB-cSVXOBwKod2rAQ&amp;oe=68A5C101\" alt=\"No hay ninguna descripci\u00f3n de la foto disponible.\" width=\"349\" height=\"465\" \/><\/p>\n<p><strong>Con la camiseta de Mandiy\u00fa de Corrientes y su compa\u00f1ero Meza en 1991<\/strong><\/p>\n<p>&nbsp;<\/p>\n<p><img loading=\"lazy\" decoding=\"async\" class=\"alignnone size-medium wp-image-22488\" src=\"https:\/\/www.sportchaco.com.ar\/wp-content\/uploads\/2025\/07\/britez-gianeschini-y-galarza-169x300.jpeg\" alt=\"\" width=\"169\" height=\"300\" srcset=\"https:\/\/www.sportchaco.com.ar\/wp-content\/uploads\/2025\/07\/britez-gianeschini-y-galarza-169x300.jpeg 169w, https:\/\/www.sportchaco.com.ar\/wp-content\/uploads\/2025\/07\/britez-gianeschini-y-galarza.jpeg 540w\" sizes=\"auto, (max-width: 169px) 100vw, 169px\" \/><\/p>\n<p><img loading=\"lazy\" decoding=\"async\" class=\"alignnone size-medium wp-image-22490\" src=\"https:\/\/www.sportchaco.com.ar\/wp-content\/uploads\/2025\/07\/Britez-cesar-y-negrulla-gimenez-221x300.jpeg\" alt=\"\" width=\"221\" height=\"300\" srcset=\"https:\/\/www.sportchaco.com.ar\/wp-content\/uploads\/2025\/07\/Britez-cesar-y-negrulla-gimenez-221x300.jpeg 221w, https:\/\/www.sportchaco.com.ar\/wp-content\/uploads\/2025\/07\/Britez-cesar-y-negrulla-gimenez.jpeg 540w\" sizes=\"auto, (max-width: 221px) 100vw, 221px\" \/><\/p>\n<p><strong>C\u00e9sar Br\u00edtez persiguiendo a Negrulla Gim\u00e9nez<\/strong><\/p>\n<p>&nbsp;<\/p>\n<p><img decoding=\"async\" src=\"https:\/\/scontent.fcnq2-1.fna.fbcdn.net\/v\/t1.6435-9\/99245218_707271413148483_2349518394207764480_n.jpg?_nc_cat=102&amp;ccb=1-7&amp;_nc_sid=127cfc&amp;_nc_eui2=AeFxF0L1yv9adJ9RJGERETyaI0Y8MjopHs8jRjwyOikez6otSeqV5QySk7vMvFbFLD4&amp;_nc_ohc=KRRoYda5WsUQ7kNvwEFkzz6&amp;_nc_oc=AdnltSg8JVBsSX1HQUJ3DuWyey7035fUYKCUoEw4j1ex-q2QEL2B6tqBu81NBc3KDvw&amp;_nc_zt=23&amp;_nc_ht=scontent.fcnq2-1.fna&amp;_nc_gid=TDbYcw7kN5brYsXKWFns5g&amp;oh=00_AfSd3u4iiq3UrV6BEFpwW3Paw5UXfzejh3AJD6eCdac4cQ&amp;oe=68A5CEF8\" alt=\"No hay ninguna descripci\u00f3n de la foto disponible.\" \/><\/p>\n<p><strong>Cesar Br\u00edtez, Inocencio Gonz\u00e1lez y Julio Romero<\/strong><\/p>\n<p>&nbsp;<\/p>\n<p>&nbsp;<\/p>\n<p>Orione de los 90.<\/p>\n<p>Arriba :<a href=\"https:\/\/www.facebook.com\/cesar.britez.466311\"><strong>Cesar Brite<\/strong><strong>z<\/strong><\/a>, kikin Cristaldo, tatu Gomez,\u00a0<a href=\"https:\/\/www.facebook.com\/jorge.arias.227278\"><strong>Jorge Aria<\/strong><strong>s<\/strong><\/a>\u00a0y\u00a0<a href=\"https:\/\/www.facebook.com\/ariel.rodriguez.475843\"><strong>Ariel Rodrigue<\/strong><strong>z<\/strong><\/a>.<br \/>\nAbajo :Davilo Moreno, negro Anchaba, julio Zacaria,\u00a0<a href=\"https:\/\/www.facebook.com\/otto.romero.52\"><strong>Otto Romer<\/strong><strong>o<\/strong><\/a>, mosqui Gomez y gallina Gonz\u00e1lez.<\/p>\n","protected":false},"excerpt":{"rendered":"<p>Hace pocas horas se conoci\u00f3 el fallecimiento de un hist\u00f3rico jugador y capit\u00e1n de Don Orione Atletic Club, Cesar Br\u00edtez. quien jugara en la d\u00e9cada del 80 y principios de los 90. Jubilado del Poder Judicial, ten\u00eda una hermosa familia con la que compart\u00eda y tambi\u00e9n jugaba en los seniors del equipo portuario. Su deceso &hellip;<\/p>\n","protected":false},"author":2,"featured_media":22449,"comment_status":"open","ping_status":"open","sticky":false,"template":"","format":"standard","meta":{"footnotes":""},"categories":[72],"tags":[],"class_list":["post-22446","post","type-post","status-publish","format-standard","has-post-thumbnail","hentry","category-futbol-puro"],"_links":{"self":[{"href":"https:\/\/www.sportchaco.com.ar\/index.php?rest_route=\/wp\/v2\/posts\/22446","targetHints":{"allow":["GET"]}}],"collection":[{"href":"https:\/\/www.sportchaco.com.ar\/index.php?rest_route=\/wp\/v2\/posts"}],"about":[{"href":"https:\/\/www.sportchaco.com.ar\/index.php?rest_route=\/wp\/v2\/types\/post"}],"author":[{"embeddable":true,"href":"https:\/\/www.sportchaco.com.ar\/index.php?rest_route=\/wp\/v2\/users\/2"}],"replies":[{"embeddable":true,"href":"https:\/\/www.sportchaco.com.ar\/index.php?rest_route=%2Fwp%2Fv2%2Fcomments&post=22446"}],"version-history":[{"count":3,"href":"https:\/\/www.sportchaco.com.ar\/index.php?rest_route=\/wp\/v2\/posts\/22446\/revisions"}],"predecessor-version":[{"id":22489,"href":"https:\/\/www.sportchaco.com.ar\/index.php?rest_route=\/wp\/v2\/posts\/22446\/revisions\/22489"}],"wp:featuredmedia":[{"embeddable":true,"href":"https:\/\/www.sportchaco.com.ar\/index.php?rest_route=\/wp\/v2\/media\/22449"}],"wp:attachment":[{"href":"https:\/\/www.sportchaco.com.ar\/index.php?rest_route=%2Fwp%2Fv2%2Fmedia&parent=22446"}],"wp:term":[{"taxonomy":"category","embeddable":true,"href":"https:\/\/www.sportchaco.com.ar\/index.php?rest_route=%2Fwp%2Fv2%2Fcategories&post=22446"},{"taxonomy":"post_tag","embeddable":true,"href":"https:\/\/www.sportchaco.com.ar\/index.php?rest_route=%2Fwp%2Fv2%2Ftags&post=22446"}],"curies":[{"name":"wp","href":"https:\/\/api.w.org\/{rel}","templated":true}]}}