{"id":22456,"date":"2025-07-21T18:35:21","date_gmt":"2025-07-21T21:35:21","guid":{"rendered":"https:\/\/www.sportchaco.com.ar\/?p=22456"},"modified":"2025-07-21T18:35:21","modified_gmt":"2025-07-21T21:35:21","slug":"la-xxi-edicion-del-perico-aquino-2025-conto-con-presencia-chaquena","status":"publish","type":"post","link":"https:\/\/www.sportchaco.com.ar\/?p=22456","title":{"rendered":"La XXI edici\u00f3n del \u201cPerico Aquino 2025\u201d cont\u00f3 con presencia chaque\u00f1a"},"content":{"rendered":"<p><strong>21-07-2025<\/strong><\/p>\n<p><img loading=\"lazy\" decoding=\"async\" class=\"aligncenter wp-image-20253 size-full\" src=\"https:\/\/www.sportchaco.com.ar\/wp-content\/uploads\/2025\/06\/Campo-720x90-13.gif\" alt=\"\" width=\"1500\" height=\"188\" \/><\/p>\n<p>Villa San Mart\u00edn, Hind\u00fa, Regatas, Don Orione, Sarmiento, Villa Libertad, San Fernando y Jaime Zapata (todos de Resistencia), junto a Caupolic\u00e1n (Quitilipi) y Espa\u00f1ola (Charata) representaron a la provincia durante uno de los eventos deportivos del pa\u00eds, como lo fue el \u201cPerico Aquino 2025\u201dque se desarroll\u00f3 durante el 18 y 19 en distintos clubes, escuelas y calles en la Costanera Sur que se convirtieron en escenarios de puro b\u00e1squet con todas las comodidades.<\/p>\n<p>Este ic\u00f3nico evento organizado por el club de Regatas Corrientes volvi\u00f3 a confirmar que es la fiesta m\u00e1s grande del mini en todo el pa\u00eds con una concurrencia cercana a los 4.000 chicos de todo el pa\u00eds y de Paraguay, con alrededor de 80 clubes participantes y un total de 940 partidos distribuidos en 40 canchas de toda la ciudad.<\/p>\n<p>Como ya es tradicional, la instituci\u00f3n del Parque Mitre entreg\u00f3 un reconocimiento a Carmen, esposa de quien en vida fuera \u201cPerico\u201d Aquino, reconocido entrenador y formador de minib\u00e1squet en Corrientes.<\/p>\n<p>Tambi\u00e9n, el evento de cierre adem\u00e1s cont\u00f3 con un Fan Fest donde los padres, familiares y amigos pudieron disfrutar de m\u00fasica y seguir el acto en vivo a trav\u00e9s de pantalla gigante en la playa \u201cremera\u201d, d\u00e1ndole sin duda un marco excepcional a esta gran fiesta.<\/p>\n<p>El gran cierre estuvo acorde a la fiesta de los chichos que alentando a sus mascotas sentenciaron una nueva edici\u00f3n de este gran evento que organiza el Club de Regatas Corrientes con el apoyo de todos los clubes de la ciudad.<\/p>\n<p><strong>Las voces<br \/>\n<\/strong>Al hacer uso de la palabra, el coordinador \u2013 profesor del minib\u00e1squet de Villa San Mart\u00edn, C\u00e9sar Puljiz, afirm\u00f3 que \u201cfue un hermoso torneo donde vienen muchos equipos y la verdad que ah\u00ed est\u00e1 la esencia del minib\u00e1squet, de llevar a compartir, a jugar sin presiones, a divertirse y a encontrarse con equipos de todo el pa\u00eds\u201d, celebr\u00f3.<\/p>\n<figure class=\"wp-block-image size-large\"><a href=\"https:\/\/baskettotal.com.ar\/wp-content\/uploads\/2025\/07\/villa-2.jpg\"><img loading=\"lazy\" decoding=\"async\" class=\"lazy wp-image-27936 lazy-loaded\" src=\"https:\/\/baskettotal.com.ar\/wp-content\/uploads\/2025\/07\/villa-2-1024x461.jpg\" sizes=\"auto, (max-width: 1024px) 100vw, 1024px\" srcset=\"https:\/\/baskettotal.com.ar\/wp-content\/uploads\/2025\/07\/villa-2-1024x461.jpg 1024w, https:\/\/baskettotal.com.ar\/wp-content\/uploads\/2025\/07\/villa-2-300x135.jpg 300w, https:\/\/baskettotal.com.ar\/wp-content\/uploads\/2025\/07\/villa-2-768x346.jpg 768w, https:\/\/baskettotal.com.ar\/wp-content\/uploads\/2025\/07\/villa-2.jpg 1040w\" alt=\"\" width=\"1024\" height=\"461\" data-lazy-type=\"image\" data-lazy-src=\"https:\/\/baskettotal.com.ar\/wp-content\/uploads\/2025\/07\/villa-2-1024x461.jpg\" data-lazy-srcset=\"https:\/\/baskettotal.com.ar\/wp-content\/uploads\/2025\/07\/villa-2-1024x461.jpg 1024w, https:\/\/baskettotal.com.ar\/wp-content\/uploads\/2025\/07\/villa-2-300x135.jpg 300w, https:\/\/baskettotal.com.ar\/wp-content\/uploads\/2025\/07\/villa-2-768x346.jpg 768w, https:\/\/baskettotal.com.ar\/wp-content\/uploads\/2025\/07\/villa-2.jpg 1040w\" data-lazy-sizes=\"(max-width: 1024px) 100vw, 1024px\" \/><\/a><\/figure>\n<p>Por su parte, el profesor de San Fernando, Manuel Abarca, resalt\u00f3 \u201cun a\u00f1o m\u00e1s del Encuentro Nacional, que llevamos 20 ni\u00f1os entre 9 y 12 a\u00f1os, jugando en el Circuito Costanera; estamos muy contentos por haber participado y por la adhesi\u00f3n de las familias del club para que los chicos vivan esta experiencia que nos genera pertenencia que hace a la formaci\u00f3n integral de los chicos\u201d.<\/p>\n<figure class=\"wp-block-image size-large\"><a href=\"https:\/\/baskettotal.com.ar\/wp-content\/uploads\/2025\/07\/SAN-FERNANDO-1.jpg\"><img loading=\"lazy\" decoding=\"async\" class=\"lazy wp-image-27937 lazy-loaded\" src=\"https:\/\/baskettotal.com.ar\/wp-content\/uploads\/2025\/07\/SAN-FERNANDO-1-1024x768.jpg\" sizes=\"auto, (max-width: 1024px) 100vw, 1024px\" srcset=\"https:\/\/baskettotal.com.ar\/wp-content\/uploads\/2025\/07\/SAN-FERNANDO-1-1024x768.jpg 1024w, https:\/\/baskettotal.com.ar\/wp-content\/uploads\/2025\/07\/SAN-FERNANDO-1-300x225.jpg 300w, https:\/\/baskettotal.com.ar\/wp-content\/uploads\/2025\/07\/SAN-FERNANDO-1-768x576.jpg 768w, https:\/\/baskettotal.com.ar\/wp-content\/uploads\/2025\/07\/SAN-FERNANDO-1.jpg 1040w\" alt=\"\" width=\"1024\" height=\"768\" data-lazy-type=\"image\" data-lazy-src=\"https:\/\/baskettotal.com.ar\/wp-content\/uploads\/2025\/07\/SAN-FERNANDO-1-1024x768.jpg\" data-lazy-srcset=\"https:\/\/baskettotal.com.ar\/wp-content\/uploads\/2025\/07\/SAN-FERNANDO-1-1024x768.jpg 1024w, https:\/\/baskettotal.com.ar\/wp-content\/uploads\/2025\/07\/SAN-FERNANDO-1-300x225.jpg 300w, https:\/\/baskettotal.com.ar\/wp-content\/uploads\/2025\/07\/SAN-FERNANDO-1-768x576.jpg 768w, https:\/\/baskettotal.com.ar\/wp-content\/uploads\/2025\/07\/SAN-FERNANDO-1.jpg 1040w\" data-lazy-sizes=\"(max-width: 1024px) 100vw, 1024px\" \/><\/a><\/figure>\n<p>Adem\u00e1s, el profesor de Hind\u00fa Club, Luciano Mi\u00e9rez, expres\u00f3 que \u201cel saldo de haber participado en este certamen fue sumamente positivo, un Encuentro que siempre te deja ense\u00f1anza y vivencias para los ni\u00f1os; para nosotros es una experiencia inolvidable\u201d, remarcando que \u201cpara felicitar y sacarse el sombrero, hubo una gran organizaci\u00f3n y agradecer al club Regatas Corrientes por este certamen y por \u00a0continuar reuniendo a los chicos, al b\u00e1squet y a las familias\u201d.<\/p>\n<figure class=\"wp-block-image size-full\"><a href=\"https:\/\/baskettotal.com.ar\/wp-content\/uploads\/2025\/07\/HINDU-3.jpg\"><img loading=\"lazy\" decoding=\"async\" class=\"lazy wp-image-27938 lazy-loaded\" src=\"https:\/\/baskettotal.com.ar\/wp-content\/uploads\/2025\/07\/HINDU-3.jpg\" sizes=\"auto, (max-width: 585px) 100vw, 585px\" srcset=\"https:\/\/baskettotal.com.ar\/wp-content\/uploads\/2025\/07\/HINDU-3.jpg 585w, https:\/\/baskettotal.com.ar\/wp-content\/uploads\/2025\/07\/HINDU-3-225x300.jpg 225w\" alt=\"\" width=\"585\" height=\"780\" data-lazy-type=\"image\" data-lazy-src=\"https:\/\/baskettotal.com.ar\/wp-content\/uploads\/2025\/07\/HINDU-3.jpg\" data-lazy-srcset=\"https:\/\/baskettotal.com.ar\/wp-content\/uploads\/2025\/07\/HINDU-3.jpg 585w, https:\/\/baskettotal.com.ar\/wp-content\/uploads\/2025\/07\/HINDU-3-225x300.jpg 225w\" data-lazy-sizes=\"(max-width: 585px) 100vw, 585px\" \/><\/a><\/figure>\n<p>Tambi\u00e9n, el profesor de Regatas Resistencia, Lautaro Caballero, destac\u00f3 que esta participaci\u00f3n fue muy gratificante, ya que el Perico Aquino es un gran evento para los chicos, es muy linda la experiencia jugar con clubes de cualquier parte pa\u00eds, siempre deja buenas sensaciones\u201d, destacando a su vez que \u201c los profes a cargo del minib\u00e1squet en Regatas, Carlos Banegas,\u00a0 Alexis Garc\u00eda y Ramiro G\u00f3mez hacen un excelente trabajo, los chicos estaban muy contentos durante el evento y eso nos llena de orgullo, adem\u00e1s de agradecer a los padres que nos acompa\u00f1aron durante el evento y estuvieron en los detalles\u201d, cerr\u00f3.<\/p>\n<figure class=\"wp-block-image size-large\"><a href=\"https:\/\/baskettotal.com.ar\/wp-content\/uploads\/2025\/07\/REGATAS-1.jpg\"><img loading=\"lazy\" decoding=\"async\" class=\"lazy wp-image-27939 lazy-loaded\" src=\"https:\/\/baskettotal.com.ar\/wp-content\/uploads\/2025\/07\/REGATAS-1-1024x631.jpg\" sizes=\"auto, (max-width: 1024px) 100vw, 1024px\" srcset=\"https:\/\/baskettotal.com.ar\/wp-content\/uploads\/2025\/07\/REGATAS-1-1024x631.jpg 1024w, https:\/\/baskettotal.com.ar\/wp-content\/uploads\/2025\/07\/REGATAS-1-300x185.jpg 300w, https:\/\/baskettotal.com.ar\/wp-content\/uploads\/2025\/07\/REGATAS-1-768x474.jpg 768w, https:\/\/baskettotal.com.ar\/wp-content\/uploads\/2025\/07\/REGATAS-1-95x60.jpg 95w, https:\/\/baskettotal.com.ar\/wp-content\/uploads\/2025\/07\/REGATAS-1.jpg 1080w\" alt=\"\" width=\"1024\" height=\"631\" data-lazy-type=\"image\" data-lazy-src=\"https:\/\/baskettotal.com.ar\/wp-content\/uploads\/2025\/07\/REGATAS-1-1024x631.jpg\" data-lazy-srcset=\"https:\/\/baskettotal.com.ar\/wp-content\/uploads\/2025\/07\/REGATAS-1-1024x631.jpg 1024w, https:\/\/baskettotal.com.ar\/wp-content\/uploads\/2025\/07\/REGATAS-1-300x185.jpg 300w, https:\/\/baskettotal.com.ar\/wp-content\/uploads\/2025\/07\/REGATAS-1-768x474.jpg 768w, https:\/\/baskettotal.com.ar\/wp-content\/uploads\/2025\/07\/REGATAS-1-95x60.jpg 95w, https:\/\/baskettotal.com.ar\/wp-content\/uploads\/2025\/07\/REGATAS-1.jpg 1080w\" data-lazy-sizes=\"(max-width: 1024px) 100vw, 1024px\" \/><\/a><\/figure>\n<p>Finalmente, el profesor de Villa Libertad, Jos\u00e9 Valant, tambi\u00e9n destac\u00f3 haber \u201cparticipado de este acontecimiento, que suma a la gran propuesta de este club que a\u00f1o tras a\u00f1o demuestra un gran crecimiento y desarrollo en todas sus categor\u00edas\u201d, finaliz\u00f3.<\/p>\n<p><img loading=\"lazy\" decoding=\"async\" class=\"aligncenter wp-image-16732 size-large\" src=\"https:\/\/www.sportchaco.com.ar\/wp-content\/uploads\/2025\/02\/gob-viviendas-819x1024.jpg\" alt=\"\" width=\"819\" height=\"1024\" srcset=\"https:\/\/www.sportchaco.com.ar\/wp-content\/uploads\/2025\/02\/gob-viviendas-819x1024.jpg 819w, https:\/\/www.sportchaco.com.ar\/wp-content\/uploads\/2025\/02\/gob-viviendas-240x300.jpg 240w, https:\/\/www.sportchaco.com.ar\/wp-content\/uploads\/2025\/02\/gob-viviendas-768x960.jpg 768w, https:\/\/www.sportchaco.com.ar\/wp-content\/uploads\/2025\/02\/gob-viviendas-1229x1536.jpg 1229w, https:\/\/www.sportchaco.com.ar\/wp-content\/uploads\/2025\/02\/gob-viviendas.jpg 1440w\" sizes=\"auto, (max-width: 819px) 100vw, 819px\" \/><\/p>\n","protected":false},"excerpt":{"rendered":"<p>21-07-2025 Villa San Mart\u00edn, Hind\u00fa, Regatas, Don Orione, Sarmiento, Villa Libertad, San Fernando y Jaime Zapata (todos de Resistencia), junto a Caupolic\u00e1n (Quitilipi) y Espa\u00f1ola (Charata) representaron a la provincia durante uno de los eventos deportivos del pa\u00eds, como lo fue el \u201cPerico Aquino 2025\u201dque se desarroll\u00f3 durante el 18 y 19 en distintos clubes, &hellip;<\/p>\n","protected":false},"author":3,"featured_media":22457,"comment_status":"open","ping_status":"open","sticky":false,"template":"","format":"standard","meta":{"footnotes":""},"categories":[3],"tags":[],"class_list":["post-22456","post","type-post","status-publish","format-standard","has-post-thumbnail","hentry","category-basquetbol"],"_links":{"self":[{"href":"https:\/\/www.sportchaco.com.ar\/index.php?rest_route=\/wp\/v2\/posts\/22456","targetHints":{"allow":["GET"]}}],"collection":[{"href":"https:\/\/www.sportchaco.com.ar\/index.php?rest_route=\/wp\/v2\/posts"}],"about":[{"href":"https:\/\/www.sportchaco.com.ar\/index.php?rest_route=\/wp\/v2\/types\/post"}],"author":[{"embeddable":true,"href":"https:\/\/www.sportchaco.com.ar\/index.php?rest_route=\/wp\/v2\/users\/3"}],"replies":[{"embeddable":true,"href":"https:\/\/www.sportchaco.com.ar\/index.php?rest_route=%2Fwp%2Fv2%2Fcomments&post=22456"}],"version-history":[{"count":1,"href":"https:\/\/www.sportchaco.com.ar\/index.php?rest_route=\/wp\/v2\/posts\/22456\/revisions"}],"predecessor-version":[{"id":22458,"href":"https:\/\/www.sportchaco.com.ar\/index.php?rest_route=\/wp\/v2\/posts\/22456\/revisions\/22458"}],"wp:featuredmedia":[{"embeddable":true,"href":"https:\/\/www.sportchaco.com.ar\/index.php?rest_route=\/wp\/v2\/media\/22457"}],"wp:attachment":[{"href":"https:\/\/www.sportchaco.com.ar\/index.php?rest_route=%2Fwp%2Fv2%2Fmedia&parent=22456"}],"wp:term":[{"taxonomy":"category","embeddable":true,"href":"https:\/\/www.sportchaco.com.ar\/index.php?rest_route=%2Fwp%2Fv2%2Fcategories&post=22456"},{"taxonomy":"post_tag","embeddable":true,"href":"https:\/\/www.sportchaco.com.ar\/index.php?rest_route=%2Fwp%2Fv2%2Ftags&post=22456"}],"curies":[{"name":"wp","href":"https:\/\/api.w.org\/{rel}","templated":true}]}}