{"id":22463,"date":"2025-07-21T23:48:07","date_gmt":"2025-07-22T02:48:07","guid":{"rendered":"https:\/\/www.sportchaco.com.ar\/?p=22463"},"modified":"2025-07-21T23:49:08","modified_gmt":"2025-07-22T02:49:08","slug":"efemerides-del-22-de-julio-2","status":"publish","type":"post","link":"https:\/\/www.sportchaco.com.ar\/?p=22463","title":{"rendered":"Efem\u00e9rides del 22 de julio"},"content":{"rendered":"<div class=\"container fullwidth-entry-title-wrapper\">\n<div class=\"container-wrapper fullwidth-entry-title\">\n<header class=\"entry-header-outer\">\n<div class=\"entry-header\">\n<h1 class=\"post-title entry-title\"><\/h1>\n<div class=\"single-post-meta post-meta clearfix\"><\/div>\n<\/div>\n<\/header>\n<\/div>\n<\/div>\n<div id=\"content\" class=\"site-content container\">\n<div id=\"main-content-row\" class=\"tie-row main-content-row\">\n<div class=\"main-content tie-col-md-8 tie-col-xs-12\" role=\"main\">\n<article id=\"the-post\" class=\"container-wrapper post-content tie-standard\">\n<div class=\"featured-area\">\n<div class=\"featured-area-inner\">\n<h4 class=\"single-featured-image\"><\/h4>\n<\/div>\n<\/div>\n<div class=\"entry-content entry clearfix\">\n<h4><strong>Esta es la Efem\u00e9rides del Deporte en el Chaco de un 22 de julio periodista Luis Dar\u00edo Molodezky.<\/strong><\/h4>\n<\/div>\n<\/article>\n<p><img loading=\"lazy\" decoding=\"async\" class=\"alignnone size-full wp-image-22311 aligncenter\" src=\"https:\/\/www.sportchaco.com.ar\/wp-content\/uploads\/2025\/07\/Luis-2025-marzo-3-2-e1749824875302-300x217-5.jpg\" alt=\"\" width=\"300\" height=\"217\" \/><\/p>\n<article id=\"the-post\" class=\"container-wrapper post-content tie-standard\">\n<div class=\"entry-content entry clearfix\">\n<p><strong>1951\u00a0<\/strong>\/ Primera competencia en el circuito Carlos Silveyra Tomkinson (en la Rural), con la presencia del gobernador del Territorio Nacional, Nicol\u00e1s Russo. Se disput\u00f3 la competencia de Mec\u00e1nica Nacional Fuerza Libre, y en clasificaci\u00f3n los mejores tiempos fueron de Adelkys Facal, Eduardo Carauni y Adolfo Felissia. Las series fueron ganadas por Facal y Carauni. En la final 1) Adelkis Facal, 2) \u00c1ngel M\u00e9ndez, 3) Eduardo Carauni, 4) Adolfo Felissia, 5) Alfredo Rinaldi, 6) Atilio Bangher, 7) V\u00edctor Mosser, 8) C\u00e1ndido Scarp\u00edn, 9) Horacio Schmidt.<\/p>\n<p>&nbsp;<\/p>\n<p><strong>2006\u00a0<\/strong>\/ Chaco se clasific\u00f3 s\u00e9ptimo en el Argentino de Santiago del Estero, donde el campe\u00f3n fue Capital Federal que super\u00f3 a C\u00f3rdoba. Por Chaco jugaron J. Na\u00f3n, E. Agudo, M. Canteros, G. Kravacek, M. Jovanovich, C. Schoppler, C. Avalle, J. P. Dip, F. Rivas, L. Ferraro, M. Aleksandrowicz. DT: Sergio Ruberto.<\/p>\n<p><strong>2007\u00a0<\/strong>\/ La Asociaci\u00f3n de Ciegos y Disminuidos Visuales de la Provincia del Chaco, Tiflos, present\u00f3 su primer equipo de f\u00fatbol para no videntes.<\/p>\n<p><img loading=\"lazy\" decoding=\"async\" class=\"alignnone size-medium wp-image-22465\" src=\"https:\/\/www.sportchaco.com.ar\/wp-content\/uploads\/2025\/07\/Aristides-omar-Ginesta-sept-81-379x470-1-242x300.jpg\" alt=\"\" width=\"242\" height=\"300\" srcset=\"https:\/\/www.sportchaco.com.ar\/wp-content\/uploads\/2025\/07\/Aristides-omar-Ginesta-sept-81-379x470-1-242x300.jpg 242w, https:\/\/www.sportchaco.com.ar\/wp-content\/uploads\/2025\/07\/Aristides-omar-Ginesta-sept-81-379x470-1.jpg 379w\" sizes=\"auto, (max-width: 242px) 100vw, 242px\" \/><\/p>\n<p><strong>2009\u00a0<\/strong>\/ Fallece el doctor Ar\u00edstides Omar Ginesta, hombre del derecho y el deporte, cuando contaba con 84 a\u00f1os. Si bien estaba identificado con Don Orione, su vida deportiva arranca mucho antes como dirigente de Atl\u00e9tic Club, tambi\u00e9n de la ciudad portuaria. Fue art\u00edfice de la fusi\u00f3n de esas dos entidades. Fue uno de los que trazaron la estrategia que llev\u00f3 el estadio de Villa Forestaci\u00f3n al coraz\u00f3n de Barranqueras en 1984, a la calle Belgrano 1.180, donde se levantaron dos hermosos estadios de f\u00fatbol y b\u00e1squetbol, que con justicia llevan su nombre.<\/p>\n<p><strong>Foto portada de Facal junto a Sampaolesi.<\/strong><\/p>\n<\/div>\n<\/article>\n<\/div>\n<\/div>\n<\/div>\n","protected":false},"excerpt":{"rendered":"<p>Esta es la Efem\u00e9rides del Deporte en el Chaco de un 22 de julio periodista Luis Dar\u00edo Molodezky. 1951\u00a0\/ Primera competencia en el circuito Carlos Silveyra Tomkinson (en la Rural), con la presencia del gobernador del Territorio Nacional, Nicol\u00e1s Russo. Se disput\u00f3 la competencia de Mec\u00e1nica Nacional Fuerza Libre, y en clasificaci\u00f3n los mejores tiempos &hellip;<\/p>\n","protected":false},"author":2,"featured_media":22464,"comment_status":"open","ping_status":"open","sticky":false,"template":"","format":"standard","meta":{"footnotes":""},"categories":[45,37],"tags":[],"class_list":["post-22463","post","type-post","status-publish","format-standard","has-post-thumbnail","hentry","category-efemerides-dia-por-dia","category-julio"],"_links":{"self":[{"href":"https:\/\/www.sportchaco.com.ar\/index.php?rest_route=\/wp\/v2\/posts\/22463","targetHints":{"allow":["GET"]}}],"collection":[{"href":"https:\/\/www.sportchaco.com.ar\/index.php?rest_route=\/wp\/v2\/posts"}],"about":[{"href":"https:\/\/www.sportchaco.com.ar\/index.php?rest_route=\/wp\/v2\/types\/post"}],"author":[{"embeddable":true,"href":"https:\/\/www.sportchaco.com.ar\/index.php?rest_route=\/wp\/v2\/users\/2"}],"replies":[{"embeddable":true,"href":"https:\/\/www.sportchaco.com.ar\/index.php?rest_route=%2Fwp%2Fv2%2Fcomments&post=22463"}],"version-history":[{"count":1,"href":"https:\/\/www.sportchaco.com.ar\/index.php?rest_route=\/wp\/v2\/posts\/22463\/revisions"}],"predecessor-version":[{"id":22466,"href":"https:\/\/www.sportchaco.com.ar\/index.php?rest_route=\/wp\/v2\/posts\/22463\/revisions\/22466"}],"wp:featuredmedia":[{"embeddable":true,"href":"https:\/\/www.sportchaco.com.ar\/index.php?rest_route=\/wp\/v2\/media\/22464"}],"wp:attachment":[{"href":"https:\/\/www.sportchaco.com.ar\/index.php?rest_route=%2Fwp%2Fv2%2Fmedia&parent=22463"}],"wp:term":[{"taxonomy":"category","embeddable":true,"href":"https:\/\/www.sportchaco.com.ar\/index.php?rest_route=%2Fwp%2Fv2%2Fcategories&post=22463"},{"taxonomy":"post_tag","embeddable":true,"href":"https:\/\/www.sportchaco.com.ar\/index.php?rest_route=%2Fwp%2Fv2%2Ftags&post=22463"}],"curies":[{"name":"wp","href":"https:\/\/api.w.org\/{rel}","templated":true}]}}