{"id":22500,"date":"2025-07-22T11:02:34","date_gmt":"2025-07-22T14:02:34","guid":{"rendered":"https:\/\/www.sportchaco.com.ar\/?p=22500"},"modified":"2025-07-22T11:02:34","modified_gmt":"2025-07-22T14:02:34","slug":"con-total-exito-se-realizo-el-campus-de-basquet-en-saenz-pena","status":"publish","type":"post","link":"https:\/\/www.sportchaco.com.ar\/?p=22500","title":{"rendered":"Con total \u00e9xito se realiz\u00f3 el Campus de B\u00e1squet en S\u00e1enz Pe\u00f1a"},"content":{"rendered":"<div class=\"xdj266r x14z9mp xat24cr x1lziwak x1vvkbs x126k92a\">\n<div dir=\"auto\"><\/div>\n<\/div>\n<div class=\"x14z9mp xat24cr x1lziwak x1vvkbs xtlvy1s x126k92a\">\n<div dir=\"auto\"><strong>Este fin de semana S\u00e1enz Pe\u00f1a fue sede de una nueva edici\u00f3n del Campus de B\u00e1squet Formativo de Invierno, una propuesta impulsada y organizada por el entrenador Juan Krogsblund, con el acompa\u00f1amiento y apoyo institucional de la municipalidad, a trav\u00e9s de la Secretar\u00eda de Desarrollo Humano y Deportes y la Asociaci\u00f3n Saenzpe\u00f1ense de B\u00e1squet.<\/strong><\/div>\n<div dir=\"auto\"><\/div>\n<div dir=\"auto\">La actividad reuni\u00f3 a m\u00e1s de 90 participantes, algunos de ellos becados; de distintas categor\u00edas formativas en un programa de entrenamiento intensivo enfocado en el desarrollo t\u00e9cnico, t\u00e1ctico y f\u00edsico de los jugadores.<\/div>\n<div dir=\"auto\">Las actividades se desarrollaron en Acci\u00f3n y Morava y cont\u00f3 por primera vez con la participaci\u00f3n de alumnos de las escuelas de b\u00e1squet municipal. Una gran experiencia para los chicos que les permiti\u00f3 por primera vez, participar de actividades fuera de los CIC, conocer los clubes, estar en contacto con deportistas profesionales y compartir su pasi\u00f3n por el b\u00e1squet con sus pares de las diferentes instituciones deportivas.<\/div>\n<div dir=\"auto\">El staff t\u00e9cnico estuvo conformado por destacados referentes del b\u00e1squet nacional como Paolo Quinteros ex jugador de la Selecci\u00f3n Argentina, Ariel Rearte entrenador de Liga Nacional, Bepi Banegas, Leo Greatti, Facundo Lasalvia y Juan Krogsblund; quienes estuvieron acompa\u00f1ados por el Secretario de Desarrollo Humano y Deportes Germ\u00e1n Rearte, el presidente de la liga Milton Acu\u00f1a, el vicepresidente Rub\u00e9n Arce, Ariel Alvarez y profesores de b\u00e1squet de los clubes.<\/div>\n<div dir=\"auto\">Durante las distintas jornadas se desarrollaron trabajos sobre temas como fundamentos individuales: dribling, tiro, defensa, pases; ejercicios t\u00e1cticos y juego en equipo; juegos aplicados y partidos; charlas t\u00e9cnicas y formativas; experiencias personales y valores del deporte.<\/div>\n<div dir=\"auto\">El campus ofreci\u00f3 un espacio de mejora deportiva; un entorno formativo, motivador y enriquecedor donde los participantes pudieron compartir vivencias con entrenadores de alto nivel y compa\u00f1eros de diferentes clubes.<\/div>\n<div dir=\"auto\">Este tipo de actividades fortalecen el desarrollo del b\u00e1squet en la ciudad y la regi\u00f3n y reflejan el compromiso de las instituciones, entrenadores y formadores con las nuevas generaciones de jugadores. Fuente SP Noticias Urbanas Face<\/div>\n<div dir=\"auto\">\/\/Informaci\u00f3n P\u00fablica<\/div>\n<\/div>\n<div dir=\"auto\"><img decoding=\"async\" src=\"https:\/\/scontent.fcnq2-2.fna.fbcdn.net\/v\/t39.30808-6\/518390822_1203109681829212_7519016042701085093_n.jpg?_nc_cat=108&amp;ccb=1-7&amp;_nc_sid=833d8c&amp;_nc_eui2=AeF9okJ5ZxCn8mUD37ShDInT0fEMzZQMN5XR8QzNlAw3lSRMyFc_c6VRdiAILjXjV6E&amp;_nc_ohc=vushVsDyH7oQ7kNvwHjtzMb&amp;_nc_oc=AdmqJkUkVTr7x1qE1mW6mcVlmNzgXL67CRve7p5tM3N3v2-A5EJAc8M_2E-NFp6RMKQ&amp;_nc_zt=23&amp;_nc_ht=scontent.fcnq2-2.fna&amp;_nc_gid=jDzbQw65pXVizww4EYyKcw&amp;oh=00_AfTcCkxHS5Obc6yXo6cDlKV43zLOLfhGLmYWyjdX_hoAwA&amp;oe=68857A8B\" alt=\"Puede ser una imagen de 4 personas, personas jugando al v\u00f3leibol y personas jugando al baloncesto\" \/><\/div>\n","protected":false},"excerpt":{"rendered":"<p>Este fin de semana S\u00e1enz Pe\u00f1a fue sede de una nueva edici\u00f3n del Campus de B\u00e1squet Formativo de Invierno, una propuesta impulsada y organizada por el entrenador Juan Krogsblund, con el acompa\u00f1amiento y apoyo institucional de la municipalidad, a trav\u00e9s de la Secretar\u00eda de Desarrollo Humano y Deportes y la Asociaci\u00f3n Saenzpe\u00f1ense de B\u00e1squet. La &hellip;<\/p>\n","protected":false},"author":2,"featured_media":22501,"comment_status":"open","ping_status":"open","sticky":false,"template":"","format":"standard","meta":{"footnotes":""},"categories":[3],"tags":[],"class_list":["post-22500","post","type-post","status-publish","format-standard","has-post-thumbnail","hentry","category-basquetbol"],"_links":{"self":[{"href":"https:\/\/www.sportchaco.com.ar\/index.php?rest_route=\/wp\/v2\/posts\/22500","targetHints":{"allow":["GET"]}}],"collection":[{"href":"https:\/\/www.sportchaco.com.ar\/index.php?rest_route=\/wp\/v2\/posts"}],"about":[{"href":"https:\/\/www.sportchaco.com.ar\/index.php?rest_route=\/wp\/v2\/types\/post"}],"author":[{"embeddable":true,"href":"https:\/\/www.sportchaco.com.ar\/index.php?rest_route=\/wp\/v2\/users\/2"}],"replies":[{"embeddable":true,"href":"https:\/\/www.sportchaco.com.ar\/index.php?rest_route=%2Fwp%2Fv2%2Fcomments&post=22500"}],"version-history":[{"count":1,"href":"https:\/\/www.sportchaco.com.ar\/index.php?rest_route=\/wp\/v2\/posts\/22500\/revisions"}],"predecessor-version":[{"id":22502,"href":"https:\/\/www.sportchaco.com.ar\/index.php?rest_route=\/wp\/v2\/posts\/22500\/revisions\/22502"}],"wp:featuredmedia":[{"embeddable":true,"href":"https:\/\/www.sportchaco.com.ar\/index.php?rest_route=\/wp\/v2\/media\/22501"}],"wp:attachment":[{"href":"https:\/\/www.sportchaco.com.ar\/index.php?rest_route=%2Fwp%2Fv2%2Fmedia&parent=22500"}],"wp:term":[{"taxonomy":"category","embeddable":true,"href":"https:\/\/www.sportchaco.com.ar\/index.php?rest_route=%2Fwp%2Fv2%2Fcategories&post=22500"},{"taxonomy":"post_tag","embeddable":true,"href":"https:\/\/www.sportchaco.com.ar\/index.php?rest_route=%2Fwp%2Fv2%2Ftags&post=22500"}],"curies":[{"name":"wp","href":"https:\/\/api.w.org\/{rel}","templated":true}]}}