{"id":22503,"date":"2025-07-22T22:03:29","date_gmt":"2025-07-23T01:03:29","guid":{"rendered":"https:\/\/www.sportchaco.com.ar\/?p=22503"},"modified":"2025-07-22T22:32:29","modified_gmt":"2025-07-23T01:32:29","slug":"efemerides-del-23-de-julio-2","status":"publish","type":"post","link":"https:\/\/www.sportchaco.com.ar\/?p=22503","title":{"rendered":"Efem\u00e9rides del 23 de julio"},"content":{"rendered":"<div class=\"container fullwidth-entry-title-wrapper\">\n<div class=\"container-wrapper fullwidth-entry-title\">\n<header class=\"entry-header-outer\">\n<div class=\"entry-header\">\n<div class=\"single-post-meta post-meta clearfix\">\n<div class=\"tie-alignright\">32<\/div>\n<\/div>\n<\/div>\n<\/header>\n<\/div>\n<\/div>\n<div id=\"content\" class=\"site-content container\">\n<div id=\"main-content-row\" class=\"tie-row main-content-row\">\n<div class=\"main-content tie-col-md-8 tie-col-xs-12\" role=\"main\">\n<article id=\"the-post\" class=\"container-wrapper post-content tie-standard\">\n<div class=\"featured-area\">\n<div class=\"featured-area-inner\">\n<figure class=\"single-featured-image\"><img loading=\"lazy\" decoding=\"async\" class=\"attachment-jannah-image-post size-jannah-image-post wp-post-image\" src=\"https:\/\/www.sportchaco.com.ar\/wp-content\/uploads\/2024\/07\/pato-silva-2006-780x470.jpg\" alt=\"\" width=\"780\" height=\"470\" data-main-img=\"1\" \/><\/figure>\n<\/div>\n<\/div>\n<div class=\"entry-content entry clearfix\">\n<p><strong>Esta es la Efem\u00e9rides del Deporte en el Chaco de un 23 de julio periodista Luis Dar\u00edo Molodezky.<\/strong><\/p>\n<p>&nbsp;<\/p>\n<p style=\"text-align: center;\"><img loading=\"lazy\" decoding=\"async\" class=\"alignnone size-full wp-image-22311\" src=\"https:\/\/www.sportchaco.com.ar\/wp-content\/uploads\/2025\/07\/Luis-2025-marzo-3-2-e1749824875302-300x217-5.jpg\" alt=\"\" width=\"300\" height=\"217\" \/><\/p>\n<p>&nbsp;<\/p>\n<p><strong>1949\u00a0<\/strong>\/ Se realiza la segunda competencia de motos en el Circuito del Parque 2 de Febrero de 1.650 metros. En 500 cc la\u00a0 victoria fue para Constantino Escalante (Gilera) y Herminio Piovano en 350 c.c. En autos gan\u00f3 Jos\u00e9 Ferranti con Ford T, escoltado por Lipio Casco y Pedro luna, ambos con autos Rugby. Por el despiste de la m\u00e1quina de C\u00e1ndido Scarp\u00edn se registraron 6 espectadores heridos, en el cruce de las avenida Avalos y Lavalle.<\/p>\n<p>&nbsp;<\/p>\n<p><strong>2006\u00a0<\/strong>\/ Juan Manuel Silva logra una victoria espectacular en el Yaco Guarnieri que hizo delirar a los casi 30 mil espectadores que abarrotaron el aut\u00f3dromo. El chaque\u00f1o se llev\u00f3 la primera victoria del a\u00f1o en el Turismo Competici\u00f3n 2000. El Pato ya hab\u00eda ganado en este circuito en la F\u00f3rmula Renault y en el Top Race.<\/p>\n<\/div>\n<\/article>\n<\/div>\n<\/div>\n<\/div>\n","protected":false},"excerpt":{"rendered":"<p>32 Esta es la Efem\u00e9rides del Deporte en el Chaco de un 23 de julio periodista Luis Dar\u00edo Molodezky. &nbsp; &nbsp; 1949\u00a0\/ Se realiza la segunda competencia de motos en el Circuito del Parque 2 de Febrero de 1.650 metros. En 500 cc la\u00a0 victoria fue para Constantino Escalante (Gilera) y Herminio Piovano en 350 &hellip;<\/p>\n","protected":false},"author":2,"featured_media":22504,"comment_status":"open","ping_status":"open","sticky":false,"template":"","format":"standard","meta":{"footnotes":""},"categories":[45,37],"tags":[],"class_list":["post-22503","post","type-post","status-publish","format-standard","has-post-thumbnail","hentry","category-efemerides-dia-por-dia","category-julio"],"_links":{"self":[{"href":"https:\/\/www.sportchaco.com.ar\/index.php?rest_route=\/wp\/v2\/posts\/22503","targetHints":{"allow":["GET"]}}],"collection":[{"href":"https:\/\/www.sportchaco.com.ar\/index.php?rest_route=\/wp\/v2\/posts"}],"about":[{"href":"https:\/\/www.sportchaco.com.ar\/index.php?rest_route=\/wp\/v2\/types\/post"}],"author":[{"embeddable":true,"href":"https:\/\/www.sportchaco.com.ar\/index.php?rest_route=\/wp\/v2\/users\/2"}],"replies":[{"embeddable":true,"href":"https:\/\/www.sportchaco.com.ar\/index.php?rest_route=%2Fwp%2Fv2%2Fcomments&post=22503"}],"version-history":[{"count":2,"href":"https:\/\/www.sportchaco.com.ar\/index.php?rest_route=\/wp\/v2\/posts\/22503\/revisions"}],"predecessor-version":[{"id":22519,"href":"https:\/\/www.sportchaco.com.ar\/index.php?rest_route=\/wp\/v2\/posts\/22503\/revisions\/22519"}],"wp:featuredmedia":[{"embeddable":true,"href":"https:\/\/www.sportchaco.com.ar\/index.php?rest_route=\/wp\/v2\/media\/22504"}],"wp:attachment":[{"href":"https:\/\/www.sportchaco.com.ar\/index.php?rest_route=%2Fwp%2Fv2%2Fmedia&parent=22503"}],"wp:term":[{"taxonomy":"category","embeddable":true,"href":"https:\/\/www.sportchaco.com.ar\/index.php?rest_route=%2Fwp%2Fv2%2Fcategories&post=22503"},{"taxonomy":"post_tag","embeddable":true,"href":"https:\/\/www.sportchaco.com.ar\/index.php?rest_route=%2Fwp%2Fv2%2Ftags&post=22503"}],"curies":[{"name":"wp","href":"https:\/\/api.w.org\/{rel}","templated":true}]}}