{"id":22543,"date":"2025-07-23T12:32:52","date_gmt":"2025-07-23T15:32:52","guid":{"rendered":"https:\/\/www.sportchaco.com.ar\/?p=22543"},"modified":"2025-07-23T12:35:30","modified_gmt":"2025-07-23T15:35:30","slug":"castelli-con-acompanamiento-y-mucho-trabajo-tatucitos-ofrece-un-basquet-inclusivo-y-con-grandes-objetivos-edilicios-y-deportivos","status":"publish","type":"post","link":"https:\/\/www.sportchaco.com.ar\/?p=22543","title":{"rendered":"Castelli: Con acompa\u00f1amiento y mucho trabajo, Tatucitos ofrece un b\u00e1squet inclusivo y con grandes objetivos edilicios y deportivos"},"content":{"rendered":"<header>\n<div id=\"nav-wrap\" class=\"left relative\">\n<div class=\"content-out content-out-nav\">\n<div class=\"content-in\">\n<div id=\"nav-contain\" class=\"left\">\n<div id=\"nav-contain-out\">\n<div id=\"nav-contain-in\">\n<div id=\"main-nav-out\">\n<div id=\"main-nav-in\">\n<nav>\n<div id=\"nav-out\">\n<div id=\"nav-in\">\n<div class=\"main-nav left main-nav-contain\">\n<div class=\"main-nav-in left\">\n<div class=\"menu-menu1-container\"><\/div>\n<\/div>\n<\/div>\n<\/div>\n<div class=\"main-nav more-nav-contain\">\n<div class=\"menu-menu2-container\"><\/div>\n<\/div>\n<\/div>\n<\/nav>\n<\/div>\n<\/div>\n<\/div>\n<\/div>\n<\/div>\n<\/div>\n<\/div>\n<\/div>\n<\/header>\n<div id=\"content-wrapper\" class=\"left relative social-bottom\">\n<div class=\"content-out\">\n<div class=\"content-in\">\n<div id=\"post-social-out\" class=\"relative\">\n<div id=\"post-social-in\">\n<div id=\"post-content-out\">\n<div id=\"post-content-in\">\n<div id=\"post-content-contain\" class=\"left relative\">\n<article class=\"post-27963 post type-post status-publish format-standard has-post-thumbnail hentry category-provinciales tag-portada\">\n<div id=\"post-content-wrapper\" class=\"relative\">\n<div id=\"post-area\" class=\"left relative\">\n<div class=\"post-cat-contain left relative post-cat-mob\"><\/div>\n<div id=\"right-content\" class=\"relative\">\n<div id=\"content-area\" class=\"left relative\">\n<div id=\"left-content-mobi\">\n<div class=\"author-info-mob-wrap\">\n<div class=\"post-date-wrap left relative post-date-mob\">23-07-2025<\/div>\n<div><\/div>\n<\/div>\n<\/div>\n<div id=\"tps_slideContainer_27963\" class=\"theiaPostSlider_slides\">\n<div>\n<p><strong>La instituci\u00f3n trabaja con ni\u00f1os desde los \u00a02 \u00a0hasta los 15 a\u00f1os, en ambas ramas, \u00a0como as\u00ed tambi\u00e9n un \u00a0equipo de \u00a0\u201cMamis B\u00e1squet\u201d en la categor\u00eda \u201cLibre\u201d Actualmente, se encuentra compitiendo en la \u00a0Asociaci\u00f3n Saenzpe\u00f1ense de B\u00e1squet.<\/strong><\/p>\n<p><img decoding=\"async\" class=\" lazyloaded\" src=\"https:\/\/baskettotal.com.ar\/wp-content\/uploads\/2025\/07\/Tatucitos-4-1000x600.jpg\" data-src=\"https:\/\/baskettotal.com.ar\/wp-content\/uploads\/2025\/07\/Tatucitos-4-1000x600.jpg\" \/><\/p>\n<p>Actualmente, la ciudad de Juan J. Castelli, el b\u00e1squet viene teniendo grandes resultados, donde el club Libertad viene dando que hablar, pero tambi\u00e9n el club Tatucitos viene realizando un trabajo en todas las categor\u00edas y de a poco empieza a posicionarse en el plano \u00a0deportivo \u2013 basquetbol\u00edstico. La instituci\u00f3n nace como una extenci\u00f3n de la UNCAUS en abril del 2013, que pretend\u00eda traer el minibasquetbol en las localidades de Tres Isletas, Castelli y Miraflores.<\/p>\n<p>\u201cPocos a\u00f1os mas tarde se disuelve por cambios institucionales de la UNCAUS, pero al ver que este deporte que no se pr\u00e1cticaba en Castelli logra captar la atenci\u00f3n de muchos ni\u00f1os y j\u00f3venes, los profesores a cargo deciden continuar con el proyecto de manera particular y buscando un nombre que sea representativo a la zona, \u00a0quedando Tatucitos\u201d, \u00a0expres\u00f3 el \u00a0actual \u00a0entrenador del b\u00e1squet en este club, \u00a0H\u00e9ctor \u00a0Villazanti.<\/p>\n<p>Con respecto a las categor\u00edas con las que trabaja el club Tatucitos de Castelli, van desde los 2 y 3 a\u00f1os llamados \u00abpa\u00f1alitos\u00bb, 4 y 5 a\u00f1os \u201cchupetes\u201d, 6 y 7 a\u00f1os \u201cescuelita y mosquitos\u201d, 8 y 9 \u00a0a\u00f1os \u00a0\u201cpre \u2013 mini\u201d, 10 y 11 a\u00f1os \u00a0\u201cU11\u201d, \u00a012 y 13 a\u00f1os \u201cU13\u201d, y 14 y \u00a015 a\u00f1os \u00a0(U15). Tambi\u00e9n cuenta \u00a0coin un \u00a0equipo de \u201cMamis B\u00e1squet\u201d \u00a0en la categor\u00eda \u201cLibre\u201d.<\/p>\n<p>Adem\u00e1s, \u00a0para remarcar, \u00a0que Tatucitos se encuentra disputando el Torneo \u00a0Asociativo Saenzpe\u00f1ense, \u00a0donde en las categor\u00edas U11 y U15 clasific\u00f3 \u00a0entre los \u00a04 mejores en las respectivas \u00a0competencias.<\/p>\n<figure class=\"wp-block-image size-large\"><a href=\"https:\/\/baskettotal.com.ar\/wp-content\/uploads\/2025\/07\/Tatucitos-1.jpg\"><img loading=\"lazy\" decoding=\"async\" class=\"lazy wp-image-27964 lazy-loaded\" src=\"https:\/\/baskettotal.com.ar\/wp-content\/uploads\/2025\/07\/Tatucitos-1-1024x770.jpg\" sizes=\"auto, (max-width: 1024px) 100vw, 1024px\" srcset=\"https:\/\/baskettotal.com.ar\/wp-content\/uploads\/2025\/07\/Tatucitos-1-1024x770.jpg 1024w, https:\/\/baskettotal.com.ar\/wp-content\/uploads\/2025\/07\/Tatucitos-1-300x226.jpg 300w, https:\/\/baskettotal.com.ar\/wp-content\/uploads\/2025\/07\/Tatucitos-1-768x578.jpg 768w, https:\/\/baskettotal.com.ar\/wp-content\/uploads\/2025\/07\/Tatucitos-1.jpg 1037w\" alt=\"\" width=\"1024\" height=\"770\" data-lazy-type=\"image\" data-lazy-src=\"https:\/\/baskettotal.com.ar\/wp-content\/uploads\/2025\/07\/Tatucitos-1-1024x770.jpg\" data-lazy-srcset=\"https:\/\/baskettotal.com.ar\/wp-content\/uploads\/2025\/07\/Tatucitos-1-1024x770.jpg 1024w, https:\/\/baskettotal.com.ar\/wp-content\/uploads\/2025\/07\/Tatucitos-1-300x226.jpg 300w, https:\/\/baskettotal.com.ar\/wp-content\/uploads\/2025\/07\/Tatucitos-1-768x578.jpg 768w, https:\/\/baskettotal.com.ar\/wp-content\/uploads\/2025\/07\/Tatucitos-1.jpg 1037w\" data-lazy-sizes=\"(max-width: 1024px) 100vw, 1024px\" \/><\/a><\/figure>\n<p>En cuanto a la \u00a0relaci\u00f3n con organismos \u00a0Municipales y privados, \u00a0desde el club Tatucitos \u00a0se hace extensivo el agradecimiento y \u00a0colaboraci\u00f3n del \u00a0Municipio de Castelli, donde la actual gesti\u00f3n a trav\u00e9s de sus organismos, tales como la Secretar\u00eda de Gobierno y la \u00a0de Deportes, \u00a0colaboran activamente para \u00a0que esta instituci\u00f3n deportiva, que alberga a un gran n\u00famero de ni\u00f1os de distintos barrios, pueda cumplir con sus objetivos y participar en la \u00a0competencia y cumplir \u00a0con sus compromisos \u00a0deportivos de manera exitosa, \u00a0sin olvidar tambi\u00e9n de las ayudas y colaboraciones de comercios privados.<\/p>\n<p>\u201cEl objetivo que tenemos en materia deportiva es poder cumplir con esta mitad de a\u00f1o que resta con las categor\u00edas que vienen participando de la Asociaci\u00f3n Saenzpe\u00f1ense y lograr clasificar entre los 4 mejores como lo hicimos en el Torneo Apertura, adem\u00e1s de lograr la mejora del play\u00f3n deportivo que tanto so\u00f1amos para poder optimizar las pr\u00e1cticas deportivas de nuestros ni\u00f1os y adolescentes\u201d, \u00a0finaliz\u00f3 \u00a0el \u00a0profesor de Tatucitos, H\u00e9ctor Villazanti.<\/p>\n<figure class=\"wp-block-image size-large\"><a href=\"https:\/\/baskettotal.com.ar\/wp-content\/uploads\/2025\/07\/Tatucitos-5.jpg\"><img loading=\"lazy\" decoding=\"async\" class=\"lazy wp-image-27965 lazy-loaded\" src=\"https:\/\/baskettotal.com.ar\/wp-content\/uploads\/2025\/07\/Tatucitos-5-1024x768.jpg\" sizes=\"auto, (max-width: 1024px) 100vw, 1024px\" srcset=\"https:\/\/baskettotal.com.ar\/wp-content\/uploads\/2025\/07\/Tatucitos-5-1024x768.jpg 1024w, https:\/\/baskettotal.com.ar\/wp-content\/uploads\/2025\/07\/Tatucitos-5-300x225.jpg 300w, https:\/\/baskettotal.com.ar\/wp-content\/uploads\/2025\/07\/Tatucitos-5-768x576.jpg 768w, https:\/\/baskettotal.com.ar\/wp-content\/uploads\/2025\/07\/Tatucitos-5.jpg 1040w\" alt=\"\" width=\"1024\" height=\"768\" data-lazy-type=\"image\" data-lazy-src=\"https:\/\/baskettotal.com.ar\/wp-content\/uploads\/2025\/07\/Tatucitos-5-1024x768.jpg\" data-lazy-srcset=\"https:\/\/baskettotal.com.ar\/wp-content\/uploads\/2025\/07\/Tatucitos-5-1024x768.jpg 1024w, https:\/\/baskettotal.com.ar\/wp-content\/uploads\/2025\/07\/Tatucitos-5-300x225.jpg 300w, https:\/\/baskettotal.com.ar\/wp-content\/uploads\/2025\/07\/Tatucitos-5-768x576.jpg 768w, https:\/\/baskettotal.com.ar\/wp-content\/uploads\/2025\/07\/Tatucitos-5.jpg 1040w\" data-lazy-sizes=\"(max-width: 1024px) 100vw, 1024px\" \/><\/a><\/figure>\n<\/div>\n<\/div>\n<div class=\"theiaPostSlider_footer _footer\"><\/div>\n<p>&nbsp;<\/p>\n<div class=\"post-tags post-tags-mobi\">Fuente: (Por Santiago Waissmann \/ Basket Total)<\/div>\n<\/div>\n<\/div>\n<\/div>\n<\/div>\n<\/article>\n<\/div>\n<\/div>\n<\/div>\n<\/div>\n<\/div>\n<\/div>\n<\/div>\n<\/div>\n","protected":false},"excerpt":{"rendered":"<p>23-07-2025 La instituci\u00f3n trabaja con ni\u00f1os desde los \u00a02 \u00a0hasta los 15 a\u00f1os, en ambas ramas, \u00a0como as\u00ed tambi\u00e9n un \u00a0equipo de \u00a0\u201cMamis B\u00e1squet\u201d en la categor\u00eda \u201cLibre\u201d Actualmente, se encuentra compitiendo en la \u00a0Asociaci\u00f3n Saenzpe\u00f1ense de B\u00e1squet. Actualmente, la ciudad de Juan J. Castelli, el b\u00e1squet viene teniendo grandes resultados, donde el club Libertad &hellip;<\/p>\n","protected":false},"author":2,"featured_media":22545,"comment_status":"open","ping_status":"open","sticky":false,"template":"","format":"standard","meta":{"footnotes":""},"categories":[3],"tags":[],"class_list":["post-22543","post","type-post","status-publish","format-standard","has-post-thumbnail","hentry","category-basquetbol"],"_links":{"self":[{"href":"https:\/\/www.sportchaco.com.ar\/index.php?rest_route=\/wp\/v2\/posts\/22543","targetHints":{"allow":["GET"]}}],"collection":[{"href":"https:\/\/www.sportchaco.com.ar\/index.php?rest_route=\/wp\/v2\/posts"}],"about":[{"href":"https:\/\/www.sportchaco.com.ar\/index.php?rest_route=\/wp\/v2\/types\/post"}],"author":[{"embeddable":true,"href":"https:\/\/www.sportchaco.com.ar\/index.php?rest_route=\/wp\/v2\/users\/2"}],"replies":[{"embeddable":true,"href":"https:\/\/www.sportchaco.com.ar\/index.php?rest_route=%2Fwp%2Fv2%2Fcomments&post=22543"}],"version-history":[{"count":1,"href":"https:\/\/www.sportchaco.com.ar\/index.php?rest_route=\/wp\/v2\/posts\/22543\/revisions"}],"predecessor-version":[{"id":22544,"href":"https:\/\/www.sportchaco.com.ar\/index.php?rest_route=\/wp\/v2\/posts\/22543\/revisions\/22544"}],"wp:featuredmedia":[{"embeddable":true,"href":"https:\/\/www.sportchaco.com.ar\/index.php?rest_route=\/wp\/v2\/media\/22545"}],"wp:attachment":[{"href":"https:\/\/www.sportchaco.com.ar\/index.php?rest_route=%2Fwp%2Fv2%2Fmedia&parent=22543"}],"wp:term":[{"taxonomy":"category","embeddable":true,"href":"https:\/\/www.sportchaco.com.ar\/index.php?rest_route=%2Fwp%2Fv2%2Fcategories&post=22543"},{"taxonomy":"post_tag","embeddable":true,"href":"https:\/\/www.sportchaco.com.ar\/index.php?rest_route=%2Fwp%2Fv2%2Ftags&post=22543"}],"curies":[{"name":"wp","href":"https:\/\/api.w.org\/{rel}","templated":true}]}}