{"id":22570,"date":"2025-07-23T23:21:37","date_gmt":"2025-07-24T02:21:37","guid":{"rendered":"https:\/\/www.sportchaco.com.ar\/?p=22570"},"modified":"2025-07-23T23:21:55","modified_gmt":"2025-07-24T02:21:55","slug":"cordoba-lo-tiene-todo-dijo-victoriano-en-su-despedida","status":"publish","type":"post","link":"https:\/\/www.sportchaco.com.ar\/?p=22570","title":{"rendered":"\u201cC\u00f3rdoba lo tiene todo\u201d, dijo Victoriano en su despedida"},"content":{"rendered":"<section class=\" mb-8 flex flex-col gap-4 text-neutral-850 lg:mb-12 \">\n<h4 class=\" font-caladeaRegular text-neutral-850 text-custom-30 leading-8 lg:text-custom-50 lg:leading-custom-52\" style=\"margin-top: 36px;\"><span style=\"font-size: 16px; font-weight: 400;\">23 de julio de 2025<\/span><\/h4>\n<h4 class=\" font-caladeaRegular text-neutral-850 text-custom-30 leading-8 lg:text-custom-50 lg:leading-custom-52\"><span class=\" font-bold text-lvi-primary font-caladeaBold \">\u00cd<\/span><span class=\" font-bold text-lvi-primary font-caladeaBold \">ntimo.<\/span> Lucas Victoriano fuera del b\u00e1squet: los asados, la salida del lunes en C\u00f3rdoba y los amigos del p\u00e1del. El entrenador deja Instituto y la ciudad y cont\u00f3 c\u00f3mo fueron los cuatro a\u00f1os.<\/h4>\n<div class=\" text-base undefined \">Fuente La Voz<\/div>\n<div class=\" flex flex-col items-start justify-between gap-4 lg:flex-row lg:items-center \">\n<div class=\"flex flex-row gap-4\">\n<div class=\"h-10 w-10 rounded-full bg-gray-300\"><img loading=\"lazy\" decoding=\"async\" class=\"rounded-full\" src=\"https:\/\/author-service-images-prod-us-east-1.publishing.aws.arc.pub\/grupoclarin\/085ee64e-ac82-452f-8e97-9efff6ca64fe.png\" alt=\"Marcelo Chaijale. 0\" width=\"40\" height=\"40\" data-nimg=\"1\" \/> Marcelo Chaijale <img loading=\"lazy\" decoding=\"async\" class=\"rounded-full\" src=\"https:\/\/author-service-images-prod-us-east-1.publishing.aws.arc.pub\/grupoclarin\/0b482150-cd43-4755-a3d7-5f92542fc5df.png\" alt=\"Hern\u00e1n Laurino. 0\" width=\"40\" height=\"40\" data-nimg=\"1\" \/> Hern\u00e1n Laurino<\/div>\n<\/div>\n<div class=\"flex gap-4\">\n<div class=\" relative undefined \"><button class=\" flex items-center gap-2 rounded-full border border-neutral-850 px-4 py-2 text-center text-netral-850 transition-all duration-300 hover:bg-white \"><img loading=\"lazy\" decoding=\"async\" src=\"https:\/\/www.lavoz.com.ar\/icons\/share-icon.svg\" alt=\"\" width=\"15\" height=\"15\" data-nimg=\"1\" \/><span class=\" \">Compartir<\/span><\/button><\/div>\n<section class=\"clearfix ajuste-1440-card\">\n<div class=\"viafoura counter-vf\"><\/div>\n<\/section>\n<\/div>\n<\/div>\n<div class=\"flex flex-col\">\u00abPude ir a la Plaza de la M\u00fasica, al Cosqu\u00edn Rock, al Bum Bum, a Atenas. A todos lados\u00bb, cont\u00f3 Lucas Victoriano de su paso por C\u00f3rdoba como DT de Instituto. (Pedro Castillo \/ La Voz)<\/div>\n<\/section>\n<div class=\"sc-hvigdm JMued\">\n<div id=\"shadow-root\">\n<div class=\"\">\n<div class=\"\">\n<div id=\"bloque-contenedor\" class=\" justify-center w-full bg-white shadow-lg \">\n<div class=\"col-span-1 md:col-span-12 px-12 pb-2\">\n<div class=\" gap-4 justify-center\">\n<div class=\"col-span-1 md:col-span-4 text-left text-black\">\n<p class=\"text-2xl font-bold font-caladea\">\n<\/div>\n<\/div>\n<\/div>\n<\/div>\n<\/div>\n<\/div>\n<\/div>\n<section class=\"undefined mb-8 lg:min-h-[180px] min-h-[120px] \">\n<div id=\"powerbeans-player\" class=\"mb-4 undefined h-100% max-h-[190px] relative z-40\">\n<div id=\"powerbeans-widget\" class=\"pb-tw light\" data-current-content=\"https:\/\/www.lavoz.com.ar\/deportes\/basquet\/lucas-victoriano-fuera-del-basquet-los-asados-la-salida-del-lunes-en-cordoba-y-los-amigos-del-padel\/\" data-should-refetch=\"false\" data-refetching=\"false\" data-mounted=\"true\" data-fetched=\"true\">\n<div class=\"App !beans-px-[16px] !beans-pt-[12px] !beans-pb-[8px] beans-bg-primary beans-relative beans-flex beans-justify-around beans-flex-row beans-items-center beans-rounded-xl beans-py-1 beans-px-3 beans-drop-shadow-md\">\n<div id=\"powerbeans-player-container\" class=\"!beans-flex beans-items-center beans-justify-center !beans-w-full\">\n<div class=\"beans-flex beans-flex-col !beans-w-full\">\n<div class=\"beans-flex beans-flex-col\">\n<div class=\"beans-mt-[8px]\">\n<div id=\"powerbeans-sticky-container\" class=\"beans-overflow-hidden beans-transition-all beans-duration-200 beans-h-[1px]\">\n<div id=\"DISPLAY_BANNER_CONTAINER\" class=\"beans-flex beans-justify-center\">\n<div id=\"POWERBEANS_DISPLAY_BANNER\"><\/div>\n<\/div>\n<div id=\"COMPANION_BANNER\" class=\"beans-flex beans-justify-center\"><\/div>\n<\/div>\n<\/div>\n<\/div>\n<\/div>\n<\/div>\n<\/div>\n<\/div>\n<\/div>\n<\/section>\n<div class=\"sc-hvigdm JMued mx-auto flex max-w-body flex-col\">\n<p class=\"text-class\">\u201cC\u00f3rdoba tiene todo. El lunes fui a La Morocha que no lo hab\u00eda conocido, fui a ver a Eugenia Quevedo. Un lunes a la noche, C\u00f3rdoba explotado, no hay ninguna ciudad igual\u201d, cuen<span style=\"color: #000000;\">ta\u00a0<a style=\"color: #000000;\" title=\"https:\/\/www.lavoz.com.ar\/deportes\/basquet\/la-despedida-de-lucas-victoriano-el-entrenador-que-quedara-por-siempre-en-el-corazon-de-instituto\/\" href=\"https:\/\/www.lavoz.com.ar\/deportes\/basquet\/la-despedida-de-lucas-victoriano-el-entrenador-que-quedara-por-siempre-en-el-corazon-de-instituto\/\" target=\"_self\" rel=\"\"><b>Lucas Victoriano<\/b><\/a>\u00a0<\/span>a\u00a0<b>La Voz<\/b>\u00a0sobre sus \u00faltimas horas en C\u00f3rdoba. El entrenador se despide de Instituto y se despida de C\u00f3rdoba.<\/p>\n<p class=\"text-class\">Tras comer un asado con el plantel, el staff y los empleados en el club, a modo de cierre de ciclo, el lunes por la noche, la salida fue a ver a Quevedo y La banda de Carlitos. \u201cEso no va a pasar en ning\u00fan lado. Vine ac\u00e1 porque me gustaba, cuando firm\u00e9, una de las razones que me impulsaron tambi\u00e9n fue porque yo escuchaba mucho La K\u2019onga y dije \u201cbueno, voy a C\u00f3rdoba, los voy a poder ver\u201d y tuve ese privilegio\u201d, destac\u00f3 Victoriano.<\/p>\n<p>&nbsp;<\/p>\n<h2 class=\" header-class\">https:\/\/youtu.be\/dKSK98sNXwQ?si=oYhjp1lhwdTXp5t8<\/h2>\n<p>&nbsp;<\/p>\n<div class=\"youtube-embed-container\"><iframe loading=\"lazy\" title=\"Lucas Victoriano antes de su DESPEDIDA de Instituto: \u201cSiempre ser\u00e9 un glorioso m\u00e1s\u201d\" src=\"https:\/\/www.youtube.com\/embed\/3Gq66p7klig?feature=oembed\" width=\"560\" height=\"315\" frameborder=\"0\" allowfullscreen=\"allowfullscreen\" data-mce-fragment=\"1\"><\/iframe><\/div>\n<p>&nbsp;<\/p>\n<p class=\"text-class\">\u201cCuando llegu\u00e9 ac\u00e1, uno de mis peluqueros era enfermo de Dami\u00e1n C\u00f3rdoba. Yo dec\u00eda, \u201c\u00bfQui\u00e9n es Dami\u00e1n C\u00f3rdoba?\u201d. Y no puede ser la energ\u00eda que tiene el chab\u00f3n. El lunes me saqu\u00e9 una foto con \u00e9l. Pude ir a la Plaza de la M\u00fasica, al Cosqu\u00edn Rock, al Bum Bum, a Atenas. A todos lados\u00bb, sum\u00f3.<\/p>\n<p class=\"text-class\"><b>-Qued\u00f3 claro que no te falt\u00f3 nada&#8230;<\/b><\/p>\n<p class=\"text-class\">-No, no qued\u00f3 nada. Me iba a quedar pendiente ver a Eugenia Quevedo. Pensaba \u201cno fui a verla, me voy sin verla\u201d. Y el lunes a la noche, de la nada, sali\u00f3 la oportunidad y no la dej\u00e9 pasar.<\/p>\n<p class=\"text-class\"><b>-En tus cuatro a\u00f1os en C\u00f3rdoba, \u00bfcomiste m\u00e1s asados que en toda tu vida?<\/b><\/p>\n<p class=\"text-class\">-No s\u00e9, soy muy sociable y la pas\u00e9 impresionante. No s\u00e9 si puedo cuantificar, pero s\u00ed. Y estos \u00faltimos d\u00edas van a ser una locura. Me hice de un grupo de amigos del p\u00e1del. Son divinos. Me vieron jugar una vez en el club, me invitaron y a la semana estaba comiendo un asado con ellos. Pero no hablaban de b\u00e1squer, o sea, estaba todo bien, estaban con Lucas y una parte que me encanta es diferenciar la parte social, cuando me tratan de Lucas, y cuando me tratan de Lucas Victoriano. No critico a lo que me tratan de Lucas Victoriano porque es normal que haya un personaje ah\u00ed y que muchas veces se acerquen y hablemos del personaje, del b\u00e1squet. Pero cuando ellos me sentaron a su mesa y me hablaron como Lucas, como pibe, es lo que me hizo empezar a ser su amigo. Es una relaci\u00f3n divina.<\/p>\n<\/div>\n<\/div>\n","protected":false},"excerpt":{"rendered":"<p>23 de julio de 2025 \u00cdntimo. Lucas Victoriano fuera del b\u00e1squet: los asados, la salida del lunes en C\u00f3rdoba y los amigos del p\u00e1del. El entrenador deja Instituto y la ciudad y cont\u00f3 c\u00f3mo fueron los cuatro a\u00f1os. Fuente La Voz Marcelo Chaijale Hern\u00e1n Laurino Compartir \u00abPude ir a la Plaza de la M\u00fasica, al &hellip;<\/p>\n","protected":false},"author":2,"featured_media":22571,"comment_status":"open","ping_status":"open","sticky":false,"template":"","format":"standard","meta":{"footnotes":""},"categories":[3],"tags":[],"class_list":["post-22570","post","type-post","status-publish","format-standard","has-post-thumbnail","hentry","category-basquetbol"],"_links":{"self":[{"href":"https:\/\/www.sportchaco.com.ar\/index.php?rest_route=\/wp\/v2\/posts\/22570","targetHints":{"allow":["GET"]}}],"collection":[{"href":"https:\/\/www.sportchaco.com.ar\/index.php?rest_route=\/wp\/v2\/posts"}],"about":[{"href":"https:\/\/www.sportchaco.com.ar\/index.php?rest_route=\/wp\/v2\/types\/post"}],"author":[{"embeddable":true,"href":"https:\/\/www.sportchaco.com.ar\/index.php?rest_route=\/wp\/v2\/users\/2"}],"replies":[{"embeddable":true,"href":"https:\/\/www.sportchaco.com.ar\/index.php?rest_route=%2Fwp%2Fv2%2Fcomments&post=22570"}],"version-history":[{"count":2,"href":"https:\/\/www.sportchaco.com.ar\/index.php?rest_route=\/wp\/v2\/posts\/22570\/revisions"}],"predecessor-version":[{"id":22573,"href":"https:\/\/www.sportchaco.com.ar\/index.php?rest_route=\/wp\/v2\/posts\/22570\/revisions\/22573"}],"wp:featuredmedia":[{"embeddable":true,"href":"https:\/\/www.sportchaco.com.ar\/index.php?rest_route=\/wp\/v2\/media\/22571"}],"wp:attachment":[{"href":"https:\/\/www.sportchaco.com.ar\/index.php?rest_route=%2Fwp%2Fv2%2Fmedia&parent=22570"}],"wp:term":[{"taxonomy":"category","embeddable":true,"href":"https:\/\/www.sportchaco.com.ar\/index.php?rest_route=%2Fwp%2Fv2%2Fcategories&post=22570"},{"taxonomy":"post_tag","embeddable":true,"href":"https:\/\/www.sportchaco.com.ar\/index.php?rest_route=%2Fwp%2Fv2%2Ftags&post=22570"}],"curies":[{"name":"wp","href":"https:\/\/api.w.org\/{rel}","templated":true}]}}