{"id":22588,"date":"2025-07-24T22:12:47","date_gmt":"2025-07-25T01:12:47","guid":{"rendered":"https:\/\/www.sportchaco.com.ar\/?p=22588"},"modified":"2025-07-24T22:15:16","modified_gmt":"2025-07-25T01:15:16","slug":"lo-liricos-juegan-este-viernes-por-el-ascenso","status":"publish","type":"post","link":"https:\/\/www.sportchaco.com.ar\/?p=22588","title":{"rendered":"Lo L\u00edricos juegan este viernes por el ascenso"},"content":{"rendered":"<h4>La d\u00e9cimo sexta fecha comienza el viernes. Los L\u00edricos, l\u00edderes del torneo, visitar\u00e1n a San Fernando el s\u00e1bado. Al igual que Parque Patricios, \u00fanico escolta, lo har\u00e1 ante DEF. La jornada arranca el viernes con dos cotejos.<\/h4>\n<figure class=\"\"><strong><img decoding=\"async\" class=\"img-fluid m-auto d-block\" src=\"https:\/\/www.entretiempo.info\/vista\/fotos\/257221058.jpg\" alt=\"\" \/><\/strong><\/figure>\n<p class=\"epigrafe \"><strong><i class=\"fas fa-camera\" aria-hidden=\"true\"><\/i>\u00a0Parque Patricios viene de golear, y es el \u00fanico escolta del torneo.<\/strong><\/p>\n<p>Ya est\u00e1 dise\u00f1ada la fecha 16 de la Primera B de la Liga Chaque\u00f1a de F\u00fatbol. Comenzar\u00e1 el viernes con dos cotejos. Lo m\u00e1s destacado se dar\u00e1 el s\u00e1bado con la presentaci\u00f3n del l\u00edder y el escolta.<\/p>\n<p>Los L\u00edricos, que vienen de igualar ante Sameep sin abrir el marcador en la cancha de Independiente Tirol, visitar\u00e1n a San Fernando. En tanto Parque Patricios, que al golear a Centro de Empleados de Comercio por 4 a 0, no solo le arrebat\u00f3 el puesto de escolta, sino que se acerc\u00f3 a solo tres unidades del l\u00edder, enfrentar\u00e1 a DEF en cancha de Regional. Ambos cotejos desde las 15:30.<\/p>\n<p><b>TORNEO OFICIAL \u201cADRI\u00c1N DAR\u00cdO PARRA\u201d<\/b><br \/>\n<b>TODA LA 16\u00aa FECHA<\/b><br \/>\n<b>Viernes 25-07<\/b><br \/>\nA las 15:30; Zona Sur \u2013 UPCP, en Vilelas<br \/>\nA las 15:30; Municipales \u2013 Los Dogos, en San Fernando<\/p>\n<p><b>S\u00e1bado 26-07<\/b><br \/>\nA las 15:30; DEF \u2013 Parque Patricios, en Regional<br \/>\nA las 15:30; Banfield \u2013 Bariloche, en Chaco Hebr\u00f3n<br \/>\nA las 15:30; San Fernando \u2013 Los L\u00edricos<\/p>\n<p><b>Domingo 27-07<\/b><br \/>\nA las 15:30; Sameep \u2013 Esperanza, en V\u00e9lez<br \/>\nA las 15:30; Centauro \u2013 V\u00e9lez, en Central Norte<br \/>\nA las 15:30; FC Barber\u00e1n \u2013 Uni\u00f3n del Sur, en Chaco Hebr\u00f3n<br \/>\nA las 15:30; C.E. de Comercio \u2013 G\u00fciraldes<br \/>\nA las 15:30; Camioneros \u2013 Chaco Hebr\u00f3n<br \/>\nA las 15:30; Confraternidad \u2013 Canallas del sur, en Vilelas<\/p>\n<p><b>Libre:\u00a0<\/b>Deportivo Barber\u00e1n.<\/p>\n<p><b>POSICIONES<\/b><br \/>\nLos L\u00edricos 36<br \/>\nParque Patricios 33<br \/>\nC. E. de Comercio 32<br \/>\nDep. Esperanza 29<br \/>\nDep. G\u00fciraldes 29<br \/>\nUPCP 26<br \/>\nCanallas del Sur 23<br \/>\nSan Fernando 23<br \/>\nMunicipales 22<br \/>\nBanfield 21<br \/>\nFC Barber\u00e1n 19<br \/>\nUni\u00f3n del Sur 19<br \/>\nConfraternidad 18<br \/>\nDep. Zona Sur 17<br \/>\nV\u00e9lez 16<br \/>\nDep. Sameep 15<br \/>\nDogos 15<br \/>\nCamioneros 14<br \/>\nChaco Hebr\u00f3n 13<br \/>\nDep. Barber\u00e1n 13<br \/>\nDEF 12<br \/>\nCentauro FC 7<br \/>\nBariloche FC 6<\/p>\n<p><b>RESULTADOS DE LA 15\u00aa FECHA<\/b><br \/>\nUni\u00f3n del Sur 2 \u2013 San Fernando 1, en Regional<br \/>\nCanallas del Sur 0 \u2013 UPCP 0<br \/>\nChaco Hebr\u00f3n 2 \u2013 Confraternidad 1<br \/>\nDogos 2 \u2013 DEF 1, en Regional<br \/>\nParque Patricios 4 \u2013 C. E. de Comercio 0, en Villa Alvear<br \/>\nLos L\u00edricos 0 \u2013 Dep. Sameep 0, en Indep. Tirol<br \/>\nCentauro FC 2 \u2013 Dep. Zona Sur 5, en Central Norte<br \/>\nDep. G\u00fciraldes 3 \u2013 FC Barber\u00e1n 2, en Regional<br \/>\nBariloche FC 0 \u2013 Camioneros 4, en Defensores<br \/>\nDep. Barber\u00e1n 0 \u2013 Banfield 1, en Chaco Hebr\u00f3n<br \/>\nV\u00e9lez 1 \u2013 Municipales 0<\/p>\n<p><b>Libre:<\/b>\u00a0Dep. Esperanza.<\/p>\n<p>Fuente Entretiempo<\/p>\n","protected":false},"excerpt":{"rendered":"<p>La d\u00e9cimo sexta fecha comienza el viernes. Los L\u00edricos, l\u00edderes del torneo, visitar\u00e1n a San Fernando el s\u00e1bado. Al igual que Parque Patricios, \u00fanico escolta, lo har\u00e1 ante DEF. La jornada arranca el viernes con dos cotejos. \u00a0Parque Patricios viene de golear, y es el \u00fanico escolta del torneo. Ya est\u00e1 dise\u00f1ada la fecha 16 &hellip;<\/p>\n","protected":false},"author":2,"featured_media":22590,"comment_status":"open","ping_status":"open","sticky":false,"template":"","format":"standard","meta":{"footnotes":""},"categories":[72],"tags":[],"class_list":["post-22588","post","type-post","status-publish","format-standard","has-post-thumbnail","hentry","category-futbol-puro"],"_links":{"self":[{"href":"https:\/\/www.sportchaco.com.ar\/index.php?rest_route=\/wp\/v2\/posts\/22588","targetHints":{"allow":["GET"]}}],"collection":[{"href":"https:\/\/www.sportchaco.com.ar\/index.php?rest_route=\/wp\/v2\/posts"}],"about":[{"href":"https:\/\/www.sportchaco.com.ar\/index.php?rest_route=\/wp\/v2\/types\/post"}],"author":[{"embeddable":true,"href":"https:\/\/www.sportchaco.com.ar\/index.php?rest_route=\/wp\/v2\/users\/2"}],"replies":[{"embeddable":true,"href":"https:\/\/www.sportchaco.com.ar\/index.php?rest_route=%2Fwp%2Fv2%2Fcomments&post=22588"}],"version-history":[{"count":2,"href":"https:\/\/www.sportchaco.com.ar\/index.php?rest_route=\/wp\/v2\/posts\/22588\/revisions"}],"predecessor-version":[{"id":22592,"href":"https:\/\/www.sportchaco.com.ar\/index.php?rest_route=\/wp\/v2\/posts\/22588\/revisions\/22592"}],"wp:featuredmedia":[{"embeddable":true,"href":"https:\/\/www.sportchaco.com.ar\/index.php?rest_route=\/wp\/v2\/media\/22590"}],"wp:attachment":[{"href":"https:\/\/www.sportchaco.com.ar\/index.php?rest_route=%2Fwp%2Fv2%2Fmedia&parent=22588"}],"wp:term":[{"taxonomy":"category","embeddable":true,"href":"https:\/\/www.sportchaco.com.ar\/index.php?rest_route=%2Fwp%2Fv2%2Fcategories&post=22588"},{"taxonomy":"post_tag","embeddable":true,"href":"https:\/\/www.sportchaco.com.ar\/index.php?rest_route=%2Fwp%2Fv2%2Ftags&post=22588"}],"curies":[{"name":"wp","href":"https:\/\/api.w.org\/{rel}","templated":true}]}}