{"id":22597,"date":"2025-07-24T22:20:19","date_gmt":"2025-07-25T01:20:19","guid":{"rendered":"https:\/\/www.sportchaco.com.ar\/?p=22597"},"modified":"2025-07-24T22:26:26","modified_gmt":"2025-07-25T01:26:26","slug":"capacitacion-contra-la-violencia","status":"publish","type":"post","link":"https:\/\/www.sportchaco.com.ar\/?p=22597","title":{"rendered":"Capacitaci\u00f3n contra la violencia"},"content":{"rendered":"<div id=\"tdi_3\" class=\"tdc-row stretch_row_1200 td-stretch-content\">\n<div class=\"vc_row tdi_4 titlePost wpb_row td-pb-row\">\n<div class=\"vc_column tdi_6 wpb_column vc_column_container tdc-column td-pb-span12\">\n<div class=\"wpb_wrapper\">\n<div class=\"td_block_wrap tdb_title tdi_8 tdb-single-title td-pb-border-top td_block_template_10\" data-td-block-uid=\"tdi_8\">\n<div class=\"tdb-block-inner td-fix-index\">\n<h1>24-07-2025<\/h1>\n<h4 class=\"tdb-title-text\">Chaco promueve una capacitaci\u00f3n para erradicar la violencia en el deporte. La actividad se enmarca en los programas Chaco Juega y Resistencia Juega, y est\u00e1 dirigida a delegados deportivos barriales, instituciones, estudiantes del IESEF y padres.<\/h4>\n<p>&nbsp;<\/p>\n<\/div>\n<\/div>\n<\/div>\n<\/div>\n<\/div>\n<\/div>\n<div id=\"tdi_10\" class=\"tdc-row stretch_row_1200 td-stretch-content\">\n<div class=\"vc_row tdi_11 wpb_row td-pb-row\">\n<div class=\"vc_column tdi_13 wpb_column vc_column_container tdc-column td-pb-span8\">\n<div class=\"wpb_wrapper\">\n<div class=\"td_block_wrap tdb_single_content tdi_17 td-pb-border-top td_block_template_10 td-post-content tagdiv-type\" data-td-block-uid=\"tdi_17\">\n<div class=\"tdb-block-inner td-fix-index\">\n<p>La inscripci\u00f3n se realiza a trav\u00e9s del siguiente formulario:\u00a0<a href=\"https:\/\/forms.gle\/E3SU9yAwusUNKPXu6\" target=\"_blank\" rel=\"noopener\">forms.gle\/E3SU9yAwusUNKPXu6<\/a><strong><br \/>\n<\/strong><\/p>\n<p>El presidente del Instituto del Deporte, Fabio V\u00e1zquez, encabez\u00f3 el anuncio junto al subsecretario de Deportes de Resistencia, Fabi\u00e1n Maffei; el titular de la Liga Chaque\u00f1a de F\u00fatbol, Ra\u00fal Mosqueda; y el presidente de la Asociaci\u00f3n Chaque\u00f1a de Handball, Pablo Mujica.<\/p>\n<p>\u201cQueremos formar chicos en un deporte sano, verdaderamente formativo. La violencia nos preocupa y necesitamos involucrar a las familias, a todo el entorno deportivo desde el inicio\u201d, expres\u00f3 V\u00e1zquez.<\/p>\n<p><iframe loading=\"lazy\" title=\"CHACO PROMUEVE UNA CAPACITACI\u00d3N PARA ERRADICAR LA VIOLENCIA EN EL DEPORTE\" src=\"https:\/\/www.youtube.com\/embed\/g7ZboOLpUnE?feature=oembed\" width=\"100%\" height=\"392\" frameborder=\"0\" allowfullscreen=\"allowfullscreen\" data-mce-fragment=\"1\"><\/iframe><\/p>\n<p>Durante la jornada se abordar\u00e1n contenidos te\u00f3ricos y pr\u00e1cticos sobre psicolog\u00eda deportiva, nutrici\u00f3n, prevenci\u00f3n de adicciones, vendajes y primeros auxilios. Tambi\u00e9n se har\u00e1 hincapi\u00e9 en el rol de los padres y entrenadores en la formaci\u00f3n de valores en el deporte infantil.<\/p>\n<p>Por su parte, Mujica remarc\u00f3 la importancia de entender que hasta los 12 a\u00f1os no se compite: \u201cLos chicos tienen que jugar, divertirse y aprender. Si desde los barrios y desde casa inculcamos esa mirada, el deporte ser\u00e1 realmente una herramienta para educar\u201d.<\/p>\n<p>Por \u00faltimo, desde la Liga Chaque\u00f1a de F\u00fatbol destacaron que el trabajo debe ser desde las bases y que las sanciones no alcanzan por s\u00ed solas: \u201cPor eso nos sumamos a esta propuesta del Estado, para construir desde la prevenci\u00f3n\u201d, sostuvo Mosqueda.<\/p>\n<\/div>\n<\/div>\n<\/div>\n<\/div>\n<\/div>\n<\/div>\n","protected":false},"excerpt":{"rendered":"<p>24-07-2025 Chaco promueve una capacitaci\u00f3n para erradicar la violencia en el deporte. La actividad se enmarca en los programas Chaco Juega y Resistencia Juega, y est\u00e1 dirigida a delegados deportivos barriales, instituciones, estudiantes del IESEF y padres. &nbsp; La inscripci\u00f3n se realiza a trav\u00e9s del siguiente formulario:\u00a0forms.gle\/E3SU9yAwusUNKPXu6 El presidente del Instituto del Deporte, Fabio V\u00e1zquez, &hellip;<\/p>\n","protected":false},"author":2,"featured_media":22604,"comment_status":"open","ping_status":"open","sticky":false,"template":"","format":"standard","meta":{"footnotes":""},"categories":[44],"tags":[],"class_list":["post-22597","post","type-post","status-publish","format-standard","has-post-thumbnail","hentry","category-varios"],"_links":{"self":[{"href":"https:\/\/www.sportchaco.com.ar\/index.php?rest_route=\/wp\/v2\/posts\/22597","targetHints":{"allow":["GET"]}}],"collection":[{"href":"https:\/\/www.sportchaco.com.ar\/index.php?rest_route=\/wp\/v2\/posts"}],"about":[{"href":"https:\/\/www.sportchaco.com.ar\/index.php?rest_route=\/wp\/v2\/types\/post"}],"author":[{"embeddable":true,"href":"https:\/\/www.sportchaco.com.ar\/index.php?rest_route=\/wp\/v2\/users\/2"}],"replies":[{"embeddable":true,"href":"https:\/\/www.sportchaco.com.ar\/index.php?rest_route=%2Fwp%2Fv2%2Fcomments&post=22597"}],"version-history":[{"count":1,"href":"https:\/\/www.sportchaco.com.ar\/index.php?rest_route=\/wp\/v2\/posts\/22597\/revisions"}],"predecessor-version":[{"id":22598,"href":"https:\/\/www.sportchaco.com.ar\/index.php?rest_route=\/wp\/v2\/posts\/22597\/revisions\/22598"}],"wp:featuredmedia":[{"embeddable":true,"href":"https:\/\/www.sportchaco.com.ar\/index.php?rest_route=\/wp\/v2\/media\/22604"}],"wp:attachment":[{"href":"https:\/\/www.sportchaco.com.ar\/index.php?rest_route=%2Fwp%2Fv2%2Fmedia&parent=22597"}],"wp:term":[{"taxonomy":"category","embeddable":true,"href":"https:\/\/www.sportchaco.com.ar\/index.php?rest_route=%2Fwp%2Fv2%2Fcategories&post=22597"},{"taxonomy":"post_tag","embeddable":true,"href":"https:\/\/www.sportchaco.com.ar\/index.php?rest_route=%2Fwp%2Fv2%2Ftags&post=22597"}],"curies":[{"name":"wp","href":"https:\/\/api.w.org\/{rel}","templated":true}]}}