{"id":22599,"date":"2025-07-24T22:23:54","date_gmt":"2025-07-25T01:23:54","guid":{"rendered":"https:\/\/www.sportchaco.com.ar\/?p=22599"},"modified":"2025-07-24T22:24:08","modified_gmt":"2025-07-25T01:24:08","slug":"chacoinicia-su-participacion-en-el-pentagonal-internacional-u11","status":"publish","type":"post","link":"https:\/\/www.sportchaco.com.ar\/?p=22599","title":{"rendered":"Chaco inicia su participaci\u00f3n en el pentagonal internacional U11"},"content":{"rendered":"<div class=\"html-div xdj266r x14z9mp xat24cr x1lziwak xexx8yu xyri2b x18d9i69 x1c1uobl\">\n<div class=\"html-div xdj266r x14z9mp xat24cr x1lziwak xexx8yu xyri2b x18d9i69 x1c1uobl\" dir=\"auto\">\n<div class=\"html-div xdj266r x14z9mp xat24cr x1lziwak xexx8yu xyri2b x18d9i69 x1c1uobl\" data-ad-rendering-role=\"story_message\">\n<div id=\"_r_189_\" class=\"x1l90r2v x1iorvi4 x1g0dm76 xpdmqnj\" data-ad-comet-preview=\"message\" data-ad-preview=\"message\">\n<div class=\"x78zum5 xdt5ytf xz62fqu x16ldp7u\">\n<div class=\"xu06os2 x1ok221b\">\n<div class=\"html-div xdj266r x14z9mp xat24cr x1lziwak xexx8yu xyri2b x18d9i69 x1c1uobl\">\n<div class=\"xdj266r x14z9mp xat24cr x1lziwak x1vvkbs x126k92a\">\n<div dir=\"auto\"><\/div>\n<\/div>\n<div class=\"x14z9mp xat24cr x1lziwak x1vvkbs xtlvy1s x126k92a\">\n<div dir=\"auto\"><strong>El seleccionado U11 de Chaco dir\u00e1 presente en el Pentagonal Internacional de B\u00e1squet que se disputar\u00e1 desde este viernes y hasta el domingo en Esquina, Corrientes, con la participaci\u00f3n de cinco combinados provinciales y un representante de Paraguay. Ser\u00e1 una nueva experiencia con plantel dirigido por Nicol\u00e1s Sim\u00f3n y Carlos Banegas.<\/strong><\/div>\n<div dir=\"auto\"><\/div>\n<div dir=\"auto\">El plantel parti\u00f3 desde la capital provincial cerca del mediod\u00eda de este jueves, y por la noche ya afrontar\u00e1 el primer juego del certamen que se disputar\u00e1 todos contra todos, por puntos, y clasificar\u00e1 a los cuatro mejores para la siguiente etapa, con lo que solo un equipo quedar\u00e1 liberado el s\u00e1bado.<\/div>\n<div dir=\"auto\">La iniciativa de esta competencia fue tomada por la dirigencia del b\u00e1squet de Corrientes, y tuvo el acompa\u00f1amiento de la ABR a trav\u00e9s de su presidente Oscar Ribas. Se trata de una prueba piloto en la regi\u00f3n para U11, que pretende extenderse luego a otras categor\u00edas.<\/div>\n<div dir=\"auto\">Adem\u00e1s del seleccionado de Chaco, participar\u00e1n representaciones del anfitri\u00f3n Corrientes, Formosa, Entre R\u00edos y Provincias Unidas de Paraguay. Tras debutar este jueves, el viernes el combinado chaque\u00f1o afrontar\u00e1 dos partidos y otro el s\u00e1bado. El domingo en horas de la ma\u00f1ana se disputar\u00e1n las semifinales, y por la tarde el tercer puesto y la final.<\/div>\n<\/div>\n<div class=\"x14z9mp xat24cr x1lziwak x1vvkbs xtlvy1s x126k92a\">\n<div dir=\"auto\">El plantel<\/div>\n<\/div>\n<div class=\"x14z9mp xat24cr x1lziwak x1vvkbs xtlvy1s x126k92a\">\n<div dir=\"auto\">El conjunto chaque\u00f1o est\u00e1 conformado por 15 jugadores de toda la provincia. El detalle es el siguiente: Oleszczuk Gabriel (Italiana, Charata); Blanco Emanuel (Cooperativa, Charata); Morales Ezequiel (Caupolic\u00e1n, Quitilipi); Bessone Mateo, Gallovich Juan Franco (Social, Las Bre\u00f1as); R\u00edos Dylan (Hind\u00fa, Resistencia); Ruiz Jahir (Juventud VC, Resistencia); Alarc\u00f3n Marino, Casta\u00f1o Martina, Toloza Genaro (Regatas, Resistencia); Ben\u00edtez Tob\u00edas, Morales Ramiro, Salto Benjam\u00edn, Silvestri Franco, Yurchenchen Santiago (Villa SM, Resistencia).<\/div>\n<\/div>\n<div class=\"x14z9mp xat24cr x1lziwak x1vvkbs xtlvy1s x126k92a\">\n<div dir=\"auto\">FUENTE: Prensa Federaci\u00f3n Chaque\u00f1a de B\u00e1squetbol<\/div>\n<\/div>\n<\/div>\n<\/div>\n<\/div>\n<\/div>\n<\/div>\n<\/div>\n<div id=\"_r_18a_\" class=\"html-div xdj266r x14z9mp xat24cr x1lziwak xexx8yu xyri2b x18d9i69 x1c1uobl x1n2onr6\">\n<div class=\"html-div xdj266r x14z9mp xat24cr x1lziwak xexx8yu xyri2b x18d9i69 x1c1uobl x1n2onr6\"><\/div>\n<div class=\"html-div xdj266r x14z9mp xat24cr x1lziwak xexx8yu xyri2b x18d9i69 x1c1uobl x6ikm8r x10wlt62\"><\/div>\n<\/div>\n<\/div>\n<div>\n<div class=\"xabvvm4 xeyy32k x1ia1hqs x1a2w583 x6ikm8r x10wlt62\" data-visualcompletion=\"ignore-dynamic\">\n<div>\n<div>\n<div>\n<div class=\"x1n2onr6\">\n<div class=\"x6s0dn4 xi81zsa x78zum5 x6prxxf x13a6bvl xvq8zen xdj266r xat24cr x1c1uobl xyri2b x80vd3b x1q0q8m5 xso031l x1diwwjn xbmvrgn x1y1aw1k x10b6aqq\">\n<div class=\"x6s0dn4 x78zum5 x1iyjqo2 x6ikm8r x10wlt62\">\n<p>&nbsp;<\/p>\n<div>\n<div class=\"x1i10hfl xjbqb8w x1ejq31n x18oe1m7 x1sy0etr xstzfhl x972fbf x10w94by x1qhh985 x14e42zd x9f619 x1ypdohk xe8uvvx xdj266r x14z9mp xat24cr x1lziwak xexx8yu xyri2b x18d9i69 x1c1uobl x16tdsg8 x1hl2dhg xggy1nq x1fmog5m xu25z0z x140muxe xo1y3bh x1n2onr6 x87ps6o x1lku1pv x1a2a7pz x1heor9g xnl1qt8 x6ikm8r x10wlt62 x1vjfegm x1lliihq\" tabindex=\"0\" role=\"button\"><\/div>\n<\/div>\n<\/div>\n<div class=\"x9f619 x1ja2u2z x78zum5 x2lah0s x1n2onr6 x1qughib x1qjc9v5 xozqiw3 x1q0g3np x1ws5yxj xw01apr x4cne27 xifccgj x123j3cw xs9asl8\"><\/div>\n<\/div>\n<\/div>\n<\/div>\n<\/div>\n<\/div>\n<\/div>\n<\/div>\n","protected":false},"excerpt":{"rendered":"<p>El seleccionado U11 de Chaco dir\u00e1 presente en el Pentagonal Internacional de B\u00e1squet que se disputar\u00e1 desde este viernes y hasta el domingo en Esquina, Corrientes, con la participaci\u00f3n de cinco combinados provinciales y un representante de Paraguay. Ser\u00e1 una nueva experiencia con plantel dirigido por Nicol\u00e1s Sim\u00f3n y Carlos Banegas. El plantel parti\u00f3 desde &hellip;<\/p>\n","protected":false},"author":2,"featured_media":22600,"comment_status":"open","ping_status":"open","sticky":false,"template":"","format":"standard","meta":{"footnotes":""},"categories":[3],"tags":[],"class_list":["post-22599","post","type-post","status-publish","format-standard","has-post-thumbnail","hentry","category-basquetbol"],"_links":{"self":[{"href":"https:\/\/www.sportchaco.com.ar\/index.php?rest_route=\/wp\/v2\/posts\/22599","targetHints":{"allow":["GET"]}}],"collection":[{"href":"https:\/\/www.sportchaco.com.ar\/index.php?rest_route=\/wp\/v2\/posts"}],"about":[{"href":"https:\/\/www.sportchaco.com.ar\/index.php?rest_route=\/wp\/v2\/types\/post"}],"author":[{"embeddable":true,"href":"https:\/\/www.sportchaco.com.ar\/index.php?rest_route=\/wp\/v2\/users\/2"}],"replies":[{"embeddable":true,"href":"https:\/\/www.sportchaco.com.ar\/index.php?rest_route=%2Fwp%2Fv2%2Fcomments&post=22599"}],"version-history":[{"count":2,"href":"https:\/\/www.sportchaco.com.ar\/index.php?rest_route=\/wp\/v2\/posts\/22599\/revisions"}],"predecessor-version":[{"id":22602,"href":"https:\/\/www.sportchaco.com.ar\/index.php?rest_route=\/wp\/v2\/posts\/22599\/revisions\/22602"}],"wp:featuredmedia":[{"embeddable":true,"href":"https:\/\/www.sportchaco.com.ar\/index.php?rest_route=\/wp\/v2\/media\/22600"}],"wp:attachment":[{"href":"https:\/\/www.sportchaco.com.ar\/index.php?rest_route=%2Fwp%2Fv2%2Fmedia&parent=22599"}],"wp:term":[{"taxonomy":"category","embeddable":true,"href":"https:\/\/www.sportchaco.com.ar\/index.php?rest_route=%2Fwp%2Fv2%2Fcategories&post=22599"},{"taxonomy":"post_tag","embeddable":true,"href":"https:\/\/www.sportchaco.com.ar\/index.php?rest_route=%2Fwp%2Fv2%2Ftags&post=22599"}],"curies":[{"name":"wp","href":"https:\/\/api.w.org\/{rel}","templated":true}]}}