{"id":22605,"date":"2025-07-24T22:48:55","date_gmt":"2025-07-25T01:48:55","guid":{"rendered":"https:\/\/www.sportchaco.com.ar\/?p=22605"},"modified":"2025-07-24T22:48:21","modified_gmt":"2025-07-25T01:48:21","slug":"efemerides-del-25-de-julio","status":"publish","type":"post","link":"https:\/\/www.sportchaco.com.ar\/?p=22605","title":{"rendered":"Efem\u00e9rides del 25 de julio"},"content":{"rendered":"<div class=\"container fullwidth-entry-title-wrapper\">\n<div class=\"container-wrapper fullwidth-entry-title\">\n<header class=\"entry-header-outer\">\n<div class=\"entry-header\">\n<h1 class=\"post-title entry-title\">Efem\u00e9rides del 25 de julio<\/h1>\n<div class=\"single-post-meta post-meta clearfix\"><\/div>\n<\/div>\n<\/header>\n<\/div>\n<\/div>\n<div id=\"content\" class=\"site-content container\">\n<div id=\"main-content-row\" class=\"tie-row main-content-row\">\n<div class=\"main-content tie-col-md-8 tie-col-xs-12\" role=\"main\">\n<article id=\"the-post\" class=\"container-wrapper post-content tie-standard\">\n<div class=\"featured-area\">\n<div class=\"featured-area-inner\"><\/div>\n<\/div>\n<div class=\"entry-content entry clearfix\">\n<p><strong>Esta es la Efem\u00e9rides del Deporte en el Chaco de un 25 de julio periodista Luis Dar\u00edo Molodezky.<\/strong><\/p>\n<p><img loading=\"lazy\" decoding=\"async\" class=\"alignnone size-medium wp-image-22526 aligncenter\" src=\"https:\/\/www.sportchaco.com.ar\/wp-content\/uploads\/2025\/07\/Luis-2025-marzo-3-300x229.jpg\" alt=\"\" width=\"300\" height=\"229\" srcset=\"https:\/\/www.sportchaco.com.ar\/wp-content\/uploads\/2025\/07\/Luis-2025-marzo-3-300x229.jpg 300w, https:\/\/www.sportchaco.com.ar\/wp-content\/uploads\/2025\/07\/Luis-2025-marzo-3.jpg 715w\" sizes=\"auto, (max-width: 300px) 100vw, 300px\" \/><\/p>\n<p>&nbsp;<\/p>\n<p><strong>1935\u00a0<\/strong>\/ Nace en Villa Berthet el boxeador Santiago Mercedes L\u00f3pez, con una extensa carrera en el boxeo de 106 combates, de los que s\u00f3lo gan\u00f3 13, empat\u00f3 21 y perdi\u00f3 72, aunque nunca por KO. Su \u00faltima pelea fue en el a\u00f1o 85 con casi 40 a\u00f1os en Ituzaing\u00f3, Corrientes.<\/p>\n<p><img loading=\"lazy\" decoding=\"async\" class=\"alignnone size-medium wp-image-22607\" src=\"https:\/\/www.sportchaco.com.ar\/wp-content\/uploads\/2025\/07\/Santiago-de-las-Mercedes-lopez-197x300.jpg\" alt=\"\" width=\"197\" height=\"300\" srcset=\"https:\/\/www.sportchaco.com.ar\/wp-content\/uploads\/2025\/07\/Santiago-de-las-Mercedes-lopez-197x300.jpg 197w, https:\/\/www.sportchaco.com.ar\/wp-content\/uploads\/2025\/07\/Santiago-de-las-Mercedes-lopez-671x1024.jpg 671w, https:\/\/www.sportchaco.com.ar\/wp-content\/uploads\/2025\/07\/Santiago-de-las-Mercedes-lopez-768x1172.jpg 768w, https:\/\/www.sportchaco.com.ar\/wp-content\/uploads\/2025\/07\/Santiago-de-las-Mercedes-lopez.jpg 909w\" sizes=\"auto, (max-width: 197px) 100vw, 197px\" \/><\/p>\n<p><strong>1971\u00a0<\/strong>\/ Don Orione Atl\u00e9tic Club se consagra campe\u00f3n provincial de f\u00fatbol al derrotar a Uni\u00f3n Progresista por 8 a 1, abriendo el camino de lo que luego ser\u00eda su llegada al Nacional de ese a\u00f1o.<\/p>\n<p>&nbsp;<\/p>\n<p><strong>1981 \/<\/strong>\u00a0Con 16 a\u00f1os Juan Carlos Codina (foto portada) se consagra campe\u00f3n argentino juvenil de tenis de mesa , durante el torneo realizado en Mendoza. El chaque\u00f1o representa a la Asociaci\u00f3n Italiana y disput\u00f3 para coronarse 19 partidos entre eliminatorias y finales. Fue tercero por equipos junto a Guillermo y Miguel Codina.<\/p>\n<p>&nbsp;<\/p>\n<\/div>\n<\/article>\n<\/div>\n<\/div>\n<\/div>\n","protected":false},"excerpt":{"rendered":"<p>Efem\u00e9rides del 25 de julio Esta es la Efem\u00e9rides del Deporte en el Chaco de un 25 de julio periodista Luis Dar\u00edo Molodezky. &nbsp; 1935\u00a0\/ Nace en Villa Berthet el boxeador Santiago Mercedes L\u00f3pez, con una extensa carrera en el boxeo de 106 combates, de los que s\u00f3lo gan\u00f3 13, empat\u00f3 21 y perdi\u00f3 72, &hellip;<\/p>\n","protected":false},"author":2,"featured_media":22606,"comment_status":"open","ping_status":"open","sticky":false,"template":"","format":"standard","meta":{"footnotes":""},"categories":[45,37],"tags":[],"class_list":["post-22605","post","type-post","status-publish","format-standard","has-post-thumbnail","hentry","category-efemerides-dia-por-dia","category-julio"],"_links":{"self":[{"href":"https:\/\/www.sportchaco.com.ar\/index.php?rest_route=\/wp\/v2\/posts\/22605","targetHints":{"allow":["GET"]}}],"collection":[{"href":"https:\/\/www.sportchaco.com.ar\/index.php?rest_route=\/wp\/v2\/posts"}],"about":[{"href":"https:\/\/www.sportchaco.com.ar\/index.php?rest_route=\/wp\/v2\/types\/post"}],"author":[{"embeddable":true,"href":"https:\/\/www.sportchaco.com.ar\/index.php?rest_route=\/wp\/v2\/users\/2"}],"replies":[{"embeddable":true,"href":"https:\/\/www.sportchaco.com.ar\/index.php?rest_route=%2Fwp%2Fv2%2Fcomments&post=22605"}],"version-history":[{"count":2,"href":"https:\/\/www.sportchaco.com.ar\/index.php?rest_route=\/wp\/v2\/posts\/22605\/revisions"}],"predecessor-version":[{"id":22613,"href":"https:\/\/www.sportchaco.com.ar\/index.php?rest_route=\/wp\/v2\/posts\/22605\/revisions\/22613"}],"wp:featuredmedia":[{"embeddable":true,"href":"https:\/\/www.sportchaco.com.ar\/index.php?rest_route=\/wp\/v2\/media\/22606"}],"wp:attachment":[{"href":"https:\/\/www.sportchaco.com.ar\/index.php?rest_route=%2Fwp%2Fv2%2Fmedia&parent=22605"}],"wp:term":[{"taxonomy":"category","embeddable":true,"href":"https:\/\/www.sportchaco.com.ar\/index.php?rest_route=%2Fwp%2Fv2%2Fcategories&post=22605"},{"taxonomy":"post_tag","embeddable":true,"href":"https:\/\/www.sportchaco.com.ar\/index.php?rest_route=%2Fwp%2Fv2%2Ftags&post=22605"}],"curies":[{"name":"wp","href":"https:\/\/api.w.org\/{rel}","templated":true}]}}