{"id":22609,"date":"2025-07-24T22:47:11","date_gmt":"2025-07-25T01:47:11","guid":{"rendered":"https:\/\/www.sportchaco.com.ar\/?p=22609"},"modified":"2025-07-24T22:47:11","modified_gmt":"2025-07-25T01:47:11","slug":"descontento-de-los-hinchas-de-boca","status":"publish","type":"post","link":"https:\/\/www.sportchaco.com.ar\/?p=22609","title":{"rendered":"Descontento de los hinchas de Boca"},"content":{"rendered":"<div class=\"moduleCtn gamecast mc-gamecast mc-selectorQuery minSize-310 minSize-479 minSize-767 maxSize-991 maxSize-1199 maxSize-9999\">\n<div class=\"container-fluid\">\n<div id=\"fixture-container\" class=\"mc-injectContainer dfMc-Page row mc-gamecast_v6-menuElement d-block deportes futbol mc-injectionReady\" data-tracking=\"off\" data-event=\"{&quot;channel&quot;: &quot;%%CHANNEL_BY_URL%%&quot;}\" data-type=\"page\" data-name=\"fixture\" data-settings=\"{&quot;detailsURL&quot;:&quot;http:\/\/www.elgrafico.com.ar\/estadisticas\/?channel=%%CHANNEL%%&amp;lang=%%LANG%%%%THEME%%&amp;hidePagesMenu=true&quot;,&quot;detailsLinkTarget&quot;:&quot;_self&quot;}\" data-channel=\"deportes.futbol.primeraa\" data-hash=\"dfMc-page-95430f51-72c4-4bdc-bcc2-acef45dd8113\">\n<div class=\"fixture pageCtn bg-default-dark container-fluid mc-selectorQuery minSize-310 minSize-479 minSize-767 maxSize-991 maxSize-1199 maxSize-9999\">\n<div id=\"fixture\" class=\"row contenido page-fixtot-tour8071\" data-page-name=\"Fixture\" data-league=\"Argentina - Primera Divisi\u00f3n\">\n<nav class=\"navbar navbar-top text-uppercase font-weight-bold navbar-expand-sm col-12 py-0 overflow-hidden\">\n<div id=\"page-fixtot-tour8071-menu\" class=\"collapse navbar-collapse bg-color02 row\">\n<div class=\"hide-mobile\">\n<div class=\"WaaZC\">\n<div class=\"RJPOee EIJn2\">\n<div class=\"rPeykc\" data-hveid=\"CAMQAQ\" data-ved=\"2ahUKEwi4jP_C8NaOAxXBrpUCHUNPNwEQo_EKegQIAxAB\"><span data-huuid=\"3452448803938581917\">Tras la derrota de Boca Juniors ante Atl\u00e9tico Tucum\u00e1n en la Copa Argentina, hay un clima de descontento generalizado en el club y entre sus hinchas.\u00a0<\/span><span data-huuid=\"3452448803938582206\"><mark class=\"QVRyCf\">Los fan\u00e1ticos expresaron su frustraci\u00f3n con c\u00e1nticos y reclamos hacia la dirigencia, especialmente hacia el presidente Juan Rom\u00e1n Riquelme y el Consejo de F\u00fatbol, a quienes responsabilizan por la crisis futbol\u00edstica del equipo<\/mark>.\u00a0<\/span><span data-huuid=\"3452448803938582495\">Los hinchas tambi\u00e9n apuntaron contra algunos jugadores, como Edinson Cavani, por su rendimiento.<span class=\"pjBG2e\" data-cid=\"9fd3714d-d4f5-46e5-a9c8-6d5b61ed2679\"><span class=\"UV3uM\">\u00a0<\/span><\/span><\/span><\/p>\n<div class=\"NPrrbc\" data-cid=\"9fd3714d-d4f5-46e5-a9c8-6d5b61ed2679\" data-uuids=\"3452448803938581917,3452448803938582206,3452448803938582495\">\n<div class=\"BMebGe btku5b fCrZyc LwdV0e FR7ZSc qVhvac OJeuxf\" tabindex=\"0\" role=\"button\" aria-label=\"Ver v\u00ednculos relacionados\" data-hveid=\"CAUQAQ\" data-ved=\"2ahUKEwi4jP_C8NaOAxXBrpUCHUNPNwEQ3fYKegQIBRAB\">\n<div class=\"niO4u\">\n<div class=\"kHtcsd\"><\/div>\n<\/div>\n<\/div>\n<\/div>\n<\/div>\n<\/div>\n<\/div>\n<div class=\"WaaZC\">\n<div class=\"RJPOee EIJn2\">\n<div class=\"rPeykc uP58nb\" data-hveid=\"CA4QAQ\" data-ved=\"2ahUKEwi4jP_C8NaOAxXBrpUCHUNPNwEQo_EKegQIDhAB\"><span data-huuid=\"18230855899919708316\"><span role=\"heading\" aria-level=\"2\">El descontento se manifiesta de varias maneras:<\/span><\/span><\/div>\n<\/div>\n<\/div>\n<div class=\"WaaZC\">\n<div class=\"RJPOee EIJn2\">\n<ul data-hveid=\"CCIQAQ\" data-ved=\"2ahUKEwi4jP_C8NaOAxXBrpUCHUNPNwEQm_YKegQIIhAB\">\n<li class=\"K3KsMc\">\n<div class=\"zMgcWd dSKvsb\" data-il=\"\">\n<div data-crb-p=\"\">\n<div class=\"xFTqob\">\n<div class=\"Gur8Ad\"><span data-huuid=\"18230855899919709447\"><strong>Insultos y reclamos a Riquelme y la dirigencia:<\/strong><\/span><\/div>\n<div class=\"vM0jzc\"><span data-huuid=\"18230855899919709824\">En las inmediaciones de La Bombonera, un grupo de hinchas insult\u00f3 a Riquelme y pidi\u00f3 su renuncia, as\u00ed como la del Consejo de F\u00fatbol.<span class=\"pjBG2e\" data-cid=\"96b60e2c-a7ed-4665-87d1-601194ed42ca\"><span class=\"UV3uM\">\u00a0<\/span><\/span><\/span><\/p>\n<div class=\"NPrrbc\" data-cid=\"96b60e2c-a7ed-4665-87d1-601194ed42ca\" data-uuids=\"18230855899919709447,18230855899919709824\">\n<div class=\"BMebGe btku5b fCrZyc LwdV0e FR7ZSc qVhvac OJeuxf\" tabindex=\"0\" role=\"button\" aria-label=\"Ver v\u00ednculos relacionados\" data-hveid=\"CBYQAQ\" data-ved=\"2ahUKEwi4jP_C8NaOAxXBrpUCHUNPNwEQ3fYKegQIFhAB\">\n<div class=\"niO4u\">\n<div class=\"kHtcsd\"><\/div>\n<\/div>\n<\/div>\n<\/div>\n<\/div>\n<\/div>\n<\/div>\n<\/div>\n<\/li>\n<li class=\"K3KsMc\">\n<div class=\"zMgcWd dSKvsb\" data-il=\"\">\n<div data-crb-p=\"\">\n<div class=\"xFTqob\">\n<div class=\"Gur8Ad\"><span data-huuid=\"18230855899919710578\"><strong>Cr\u00edticas a jugadores:<\/strong><\/span><\/div>\n<div class=\"vM0jzc\"><span data-huuid=\"18230855899919710955\">Cavani fue uno de los jugadores m\u00e1s criticados por su desempe\u00f1o, a pesar de haber convertido un gol.<span class=\"pjBG2e\" data-cid=\"996253ec-8e3f-4864-8788-8e7218fac3d4\"><span class=\"UV3uM\">\u00a0<\/span><\/span><\/span><\/p>\n<div class=\"NPrrbc\" data-cid=\"996253ec-8e3f-4864-8788-8e7218fac3d4\" data-uuids=\"18230855899919710578,18230855899919710955\">\n<div class=\"BMebGe btku5b fCrZyc LwdV0e FR7ZSc qVhvac OJeuxf\" tabindex=\"0\" role=\"button\" aria-label=\"Ver v\u00ednculos relacionados\" data-hveid=\"CB4QAQ\" data-ved=\"2ahUKEwi4jP_C8NaOAxXBrpUCHUNPNwEQ3fYKegQIHhAB\">\n<div class=\"niO4u\">\n<div class=\"kHtcsd\"><\/div>\n<\/div>\n<\/div>\n<\/div>\n<\/div>\n<\/div>\n<\/div>\n<\/div>\n<\/li>\n<li class=\"K3KsMc\">\n<div class=\"zMgcWd dSKvsb\" data-il=\"\">\n<div data-crb-p=\"\">\n<div class=\"xFTqob\">\n<div class=\"Gur8Ad\"><span data-huuid=\"18230855899919711709\"><strong>C\u00e1nticos de protesta:<\/strong><\/span><\/div>\n<div class=\"vM0jzc\"><span data-huuid=\"18230855899919712086\">Los hinchas cantaron canciones de reprobaci\u00f3n hacia el plantel, el cuerpo t\u00e9cnico y la dirigencia, incluyendo el famoso \u00abque se vayan todos\u00bb.<span class=\"pjBG2e\" data-cid=\"f7f96d2e-2a36-4c18-8fb4-dd18404cc62f\"><span class=\"UV3uM\">\u00a0<\/span><\/span><\/span><\/p>\n<div class=\"NPrrbc\" data-cid=\"f7f96d2e-2a36-4c18-8fb4-dd18404cc62f\" data-uuids=\"18230855899919711709,18230855899919712086\">\n<div class=\"BMebGe btku5b fCrZyc LwdV0e FR7ZSc qVhvac OJeuxf\" tabindex=\"0\" role=\"button\" aria-label=\"Ver v\u00ednculos relacionados\" data-hveid=\"CB8QAQ\" data-ved=\"2ahUKEwi4jP_C8NaOAxXBrpUCHUNPNwEQ3fYKegQIHxAB\">\n<div class=\"niO4u\">\n<div class=\"kHtcsd\"><\/div>\n<\/div>\n<\/div>\n<\/div>\n<\/div>\n<\/div>\n<\/div>\n<\/div>\n<\/li>\n<li class=\"K3KsMc\">\n<div class=\"zMgcWd dSKvsb\" data-il=\"\">\n<div data-crb-p=\"\">\n<div class=\"xFTqob\">\n<div class=\"Gur8Ad\"><span data-huuid=\"18230855899919708744\"><strong>Convocatoria a banderazo:<\/strong><\/span><\/div>\n<div class=\"vM0jzc\"><span data-huuid=\"18230855899919709121\">Se organiz\u00f3 un banderazo para exigir la renuncia de Riquelme y el Consejo de F\u00fatbol, que se llevar\u00e1 a cabo frente a La Bombonera.<span class=\"pjBG2e\" data-cid=\"6299071c-cae3-4755-9495-0e7b92a88f0f\"><span class=\"UV3uM\">\u00a0<\/span><\/span><\/span><\/p>\n<div class=\"NPrrbc\" data-cid=\"6299071c-cae3-4755-9495-0e7b92a88f0f\" data-uuids=\"18230855899919708744,18230855899919709121\">\n<div class=\"BMebGe btku5b fCrZyc LwdV0e FR7ZSc qVhvac OJeuxf\" tabindex=\"0\" role=\"button\" aria-label=\"Ver v\u00ednculos relacionados\" data-hveid=\"CBUQAQ\" data-ved=\"2ahUKEwi4jP_C8NaOAxXBrpUCHUNPNwEQ3fYKegQIFRAB\">\n<div class=\"niO4u\">\n<div class=\"kHtcsd\"><\/div>\n<\/div>\n<\/div>\n<\/div>\n<\/div>\n<\/div>\n<\/div>\n<\/div>\n<\/li>\n<\/ul>\n<\/div>\n<\/div>\n<div class=\"WaaZC\">\n<div class=\"RJPOee EIJn2\">\n<div class=\"rPeykc\" data-hveid=\"CCgQAQ\" data-ved=\"2ahUKEwi4jP_C8NaOAxXBrpUCHUNPNwEQo_EKegQIKBAB\"><span data-huuid=\"13170599534780077585\">La derrota en la Copa Argentina se suma a una serie de malos resultados y fracasos recientes, como la eliminaci\u00f3n en la fase de grupos de la Copa Libertadores y la salida del entrenador Fernando Gago.\u00a0<\/span><span data-huuid=\"13170599534780078302\">Esto ha profundizado la crisis institucional y deportiva que atraviesa el club.<span class=\"pjBG2e\" data-cid=\"aec6a1b1-76ec-4598-8571-3b0667656cc4\"><span class=\"UV3uM\">\u00a0<\/span><\/span><\/span><\/div>\n<\/div>\n<\/div>\n<p>&nbsp;<\/p>\n<\/div>\n<\/div>\n<\/nav>\n<div class=\"fase mt-3 n1 col-12  show\">\n<div class=\"row\">\n<div class=\"col-12 fecha hide show\" data-fase=\"nivel_1\" data-fecha=\"nivel1_fecha3\">\n<div class=\"row\">\n<div class=\"subHeader w-100 mx-1 py-1 bg-color02 text-uppercase text-center font-weight-bold rounded\">Fecha 3<\/div>\n<div class=\"col-md-6 col-12 mc-matchContainer match px-1 e_142 e_12 status-notStarted\" data-channel=\"deportes.futbol.primeraa.761542\" data-event-coverage=\"1000\" data-teams=\"{&quot;home&quot;:142, &quot;away&quot;:12}\" data-stadiumgmt=\"-03:00\" data-originaldate=\"2025\/07\/25 19:00\">\n<div class=\"match-inner bg-default rounded my-1 overflow-hidden\">\n<div class=\"row m-0 w-100\">\n<div class=\"timeline col-12 p-0\">\n<div class=\"progress bg-default\">\n<div class=\"progress-bar progress-bar-striped\" role=\"progressbar\"><\/div>\n<\/div>\n<\/div>\n<div class=\"col-lg-5 col-6 local e_142\">\n<div class=\"row align-items-center no-gutters h-100 justify-content-end\">\n<div class=\"escudo col-12 col-sm-3 text-center py-1 order-sm-2 order-1\"><img decoding=\"async\" src=\"https:\/\/1287719000.rsc.cdn77.org\/escudos_ch\/142.gif\" alt=\"Sarmiento\" \/><\/div>\n<div class=\"equipo font-weight-bold text-uppercase py-1 col-12 col-sm-9 order-4 order-sm-1 text-center text-sm-left pl-sm-1 pl-lg-3\">Sarmiento vs Lan\u00fas <img decoding=\"async\" src=\"https:\/\/1287719000.rsc.cdn77.org\/escudos_ch\/12.gif\" alt=\"Lan\u00fas\" \/><\/div>\n<\/div>\n<\/div>\n<div class=\"col-2 py-1 border-left link px-2 \"><span style=\"font-size: smaller;\">\u00a025-7-2025 <\/span><span style=\"font-size: smaller;\">19:00 hs. <\/span><span style=\"font-size: smaller;\">Viernes<\/span><\/div>\n<\/div>\n<\/div>\n<\/div>\n<div class=\"col-md-6 col-12 mc-matchContainer match px-1 e_137 e_136 status-notStarted\" data-channel=\"deportes.futbol.primeraa.761530\" data-event-coverage=\"1000\" data-teams=\"{&quot;home&quot;:137, &quot;away&quot;:136}\" data-stadiumgmt=\"-03:00\" data-originaldate=\"2025\/07\/25 21:15\">\n<div class=\"match-inner bg-default rounded my-1 overflow-hidden\">\n<div class=\"row m-0 w-100\">\n<div class=\"timeline col-12 p-0\">\n<div class=\"progress bg-default\">\n<div class=\"progress-bar progress-bar-striped\" role=\"progressbar\"><\/div>\n<\/div>\n<\/div>\n<div class=\"col-lg-5 col-6 local e_137\">\n<div class=\"row align-items-center no-gutters h-100 justify-content-end\">\n<div class=\"escudo col-12 col-sm-3 text-center py-1 order-sm-2 order-1\"><img decoding=\"async\" src=\"https:\/\/1287719000.rsc.cdn77.org\/escudos_ch\/137.gif\" alt=\"Uni\u00f3n\" \/> Uni\u00f3n vs Tigre <img decoding=\"async\" src=\"https:\/\/1287719000.rsc.cdn77.org\/escudos_ch\/136.gif\" alt=\"Tigre\" \/><\/div>\n<\/div>\n<\/div>\n<div class=\"col-2 py-1 border-left link px-2 \"><span style=\"font-size: smaller;\">25-7-2025 <\/span><span style=\"font-size: smaller;\">21:15 hs. <\/span><span style=\"font-size: smaller;\">Viernes<\/span><\/div>\n<\/div>\n<\/div>\n<\/div>\n<div class=\"col-md-6 col-12 mc-matchContainer match px-1 e_664 e_124 status-notStarted\" data-channel=\"deportes.futbol.primeraa.761533\" data-event-coverage=\"1000\" data-teams=\"{&quot;home&quot;:664, &quot;away&quot;:124}\" data-stadiumgmt=\"-03:00\" data-originaldate=\"2025\/07\/25 21:15\">\n<div class=\"match-inner bg-default rounded my-1 overflow-hidden\">\n<div class=\"row m-0 w-100\">\n<div class=\"timeline col-12 p-0\">\n<div class=\"progress bg-default\">\n<div class=\"progress-bar progress-bar-striped\" role=\"progressbar\"><\/div>\n<\/div>\n<\/div>\n<div class=\"col-lg-5 col-6 local e_664\">\n<div class=\"row align-items-center no-gutters h-100 justify-content-end\">\n<div class=\"escudo col-12 col-sm-3 text-center py-1 order-sm-2 order-1\"><img decoding=\"async\" src=\"https:\/\/1287719000.rsc.cdn77.org\/escudos_ch\/664.gif\" alt=\"Independiente Riv. (M)\" \/> Indep.Mza. vs Belgrano<\/div>\n<\/div>\n<\/div>\n<div class=\"col-lg-5 col-6 visitante e_124\">\n<div class=\"row align-items-center no-gutters h-100 justify-content-start\">\n<div class=\"escudo col-12 col-sm-3 text-center py-1 order-2 order-sm-3\">\u00a0<span style=\"font-size: smaller;\">25-7-2025 <\/span><span style=\"font-size: smaller;\">21:15 hs. <\/span><span style=\"font-size: smaller;\">Viernes<\/span><\/div>\n<\/div>\n<\/div>\n<\/div>\n<\/div>\n<\/div>\n<div class=\"col-md-6 col-12 mc-matchContainer match px-1 e_122 e_13 status-notStarted\" data-channel=\"deportes.futbol.primeraa.761535\" data-event-coverage=\"1000\" data-teams=\"{&quot;home&quot;:122, &quot;away&quot;:13}\" data-stadiumgmt=\"-03:00\" data-originaldate=\"2025\/07\/26 14:30\">\n<div class=\"match-inner bg-default rounded my-1 overflow-hidden\">\n<div class=\"row m-0 w-100\">\n<div class=\"timeline col-12 p-0\">\n<div class=\"progress bg-default\">\n<div class=\"progress-bar progress-bar-striped\" role=\"progressbar\"><\/div>\n<\/div>\n<\/div>\n<div class=\"col-lg-5 col-6 local e_122\">\n<div class=\"row align-items-center no-gutters h-100 justify-content-end\">\n<div class=\"escudo col-12 col-sm-3 text-center py-1 order-sm-2 order-1\"><img decoding=\"async\" src=\"https:\/\/1287719000.rsc.cdn77.org\/escudos_ch\/122.gif\" alt=\"Aldosivi\" \/> Aldosivi vs Newell`s <img decoding=\"async\" src=\"https:\/\/1287719000.rsc.cdn77.org\/escudos_ch\/13.gif\" alt=\"Newell&#96;s\" \/><\/div>\n<\/div>\n<\/div>\n<div class=\"col-2 py-1 border-left link px-2 \"><small class=\"mc-date\">26-7-2025 <\/small><small class=\"mc-time\">14:30 hs. <\/small><small class=\"font-weight-bold text-uppercase mc-dayName\">S\u00e1bado<\/small><\/div>\n<\/div>\n<\/div>\n<\/div>\n<div class=\"col-md-6 col-12 mc-matchContainer match px-1 e_18 e_134 status-notStarted\" data-channel=\"deportes.futbol.primeraa.761543\" data-event-coverage=\"1000\" data-teams=\"{&quot;home&quot;:18, &quot;away&quot;:134}\" data-stadiumgmt=\"-03:00\" data-originaldate=\"2025\/07\/26 16:45\">\n<div class=\"match-inner bg-default rounded my-1 overflow-hidden\">\n<div class=\"row m-0 w-100\">\n<div class=\"timeline col-12 p-0\">\n<div class=\"progress bg-default\">\n<div class=\"progress-bar progress-bar-striped\" role=\"progressbar\"><\/div>\n<\/div>\n<\/div>\n<div class=\"col-lg-5 col-6 local e_18\">\n<div class=\"row align-items-center no-gutters h-100 justify-content-end\">\n<div class=\"escudo col-12 col-sm-3 text-center py-1 order-sm-2 order-1\"><img decoding=\"async\" src=\"https:\/\/1287719000.rsc.cdn77.org\/escudos_ch\/18.gif\" alt=\"Rosario Central\" \/> R. Central vs S. Mart\u00edn SJ <img decoding=\"async\" src=\"https:\/\/1287719000.rsc.cdn77.org\/escudos_ch\/134.gif\" alt=\"San Mart\u00edn (SJ)\" \/><\/div>\n<\/div>\n<\/div>\n<div class=\"col-2 py-1 border-left link px-2 \"><small class=\"mc-date\">26-7-2025 <\/small><small class=\"mc-time\">16:45 hs. <\/small><small class=\"font-weight-bold text-uppercase mc-dayName\">S\u00e1bado<\/small><\/div>\n<\/div>\n<\/div>\n<\/div>\n<div class=\"col-md-6 col-12 mc-matchContainer match px-1 e_489 e_2 status-notStarted\" data-channel=\"deportes.futbol.primeraa.761537\" data-event-coverage=\"1000\" data-teams=\"{&quot;home&quot;:489, &quot;away&quot;:2}\" data-stadiumgmt=\"-03:00\" data-originaldate=\"2025\/07\/26 19:00\">\n<div class=\"match-inner bg-default rounded my-1 overflow-hidden\">\n<div class=\"row m-0 w-100\">\n<div class=\"timeline col-12 p-0\">\n<div class=\"progress bg-default\">\n<div class=\"progress-bar progress-bar-striped\" role=\"progressbar\"><\/div>\n<\/div>\n<\/div>\n<div class=\"col-lg-5 col-6 local e_489\">\n<div class=\"row align-items-center no-gutters h-100 justify-content-end\">\n<div class=\"escudo col-12 col-sm-3 text-center py-1 order-sm-2 order-1\"><img decoding=\"async\" src=\"https:\/\/1287719000.rsc.cdn77.org\/escudos_ch\/489.gif\" alt=\"Platense\" \/> Platense vs Argentinos<\/div>\n<\/div>\n<\/div>\n<div class=\"col-lg-5 col-6 visitante e_2\">\n<div class=\"row align-items-center no-gutters h-100 justify-content-start\">\n<div class=\"escudo col-12 col-sm-3 text-center py-1 order-2 order-sm-3\">\u00a0<small class=\"mc-date\">26-7-2025 <\/small><small class=\"mc-time\">19:00 hs. <\/small><small class=\"font-weight-bold text-uppercase mc-dayName\">S\u00e1bado<\/small><\/div>\n<\/div>\n<\/div>\n<\/div>\n<\/div>\n<\/div>\n<div class=\"col-md-6 col-12 mc-matchContainer match px-1 e_20 e_11 status-notStarted\" data-channel=\"deportes.futbol.primeraa.761538\" data-event-coverage=\"1000\" data-teams=\"{&quot;home&quot;:20, &quot;away&quot;:11}\" data-stadiumgmt=\"-03:00\" data-originaldate=\"2025\/07\/26 19:00\">\n<div class=\"match-inner bg-default rounded my-1 overflow-hidden\">\n<div class=\"row m-0 w-100\">\n<div class=\"timeline col-12 p-0\">\n<div class=\"progress bg-default\">\n<div role=\"progressbar\"><\/div>\n<div class=\"progress-bar progress-bar-striped\" role=\"progressbar\"><img decoding=\"async\" src=\"https:\/\/1287719000.rsc.cdn77.org\/escudos_ch\/20.gif\" alt=\"V\u00e9lez\" \/> V\u00e9lez vs Instituto <img decoding=\"async\" src=\"https:\/\/1287719000.rsc.cdn77.org\/escudos_ch\/11.gif\" alt=\"Instituto\" \/><\/div>\n<\/div>\n<\/div>\n<div class=\"col-2 py-1 border-left link px-2 \"><small class=\"mc-date\">26-7-2025 <\/small><small class=\"mc-time\">19:00 hs. <\/small><small class=\"font-weight-bold text-uppercase mc-dayName\">S\u00e1bado<\/small><\/div>\n<\/div>\n<\/div>\n<\/div>\n<div class=\"col-md-6 col-12 mc-matchContainer match px-1 e_16 e_7 status-notStarted\" data-channel=\"deportes.futbol.primeraa.761532\" data-event-coverage=\"1000\" data-teams=\"{&quot;home&quot;:16, &quot;away&quot;:7}\" data-stadiumgmt=\"-03:00\" data-originaldate=\"2025\/07\/26 21:15\">\n<div class=\"match-inner bg-default rounded my-1 overflow-hidden\">\n<div class=\"row m-0 w-100\">\n<div class=\"timeline col-12 p-0\">\n<div class=\"progress bg-default\">\n<div class=\"progress-bar progress-bar-striped\" role=\"progressbar\"><\/div>\n<\/div>\n<\/div>\n<div class=\"col-lg-5 col-6 local e_16\">\n<div class=\"row align-items-center no-gutters h-100 justify-content-end\">\n<div class=\"escudo col-12 col-sm-3 text-center py-1 order-sm-2 order-1\"><img decoding=\"async\" src=\"https:\/\/1287719000.rsc.cdn77.org\/escudos_ch\/16.gif\" alt=\"Racing Club\" \/> Racing vs Estudiantes<\/div>\n<\/div>\n<\/div>\n<div class=\"col-lg-5 col-6 visitante e_7\">\n<div class=\"row align-items-center no-gutters h-100 justify-content-start\">\n<div class=\"escudo col-12 col-sm-3 text-center py-1 order-2 order-sm-3\">\u00a0<small class=\"mc-date\">26-7-2025 <\/small><small class=\"mc-time\">21:15 hs. <\/small><small class=\"font-weight-bold text-uppercase mc-dayName\">S\u00e1bado<\/small><\/div>\n<\/div>\n<\/div>\n<\/div>\n<\/div>\n<\/div>\n<div class=\"col-md-6 col-12 mc-matchContainer match px-1 e_8 e_10 status-notStarted\" data-channel=\"deportes.futbol.primeraa.761540\" data-event-coverage=\"1000\" data-teams=\"{&quot;home&quot;:8, &quot;away&quot;:10}\" data-stadiumgmt=\"-03:00\" data-originaldate=\"2025\/07\/27 16:00\">\n<div class=\"match-inner bg-default rounded my-1 overflow-hidden\">\n<div class=\"row m-0 w-100\">\n<div class=\"timeline col-12 p-0\">\n<div class=\"progress bg-default\">\n<div class=\"progress-bar progress-bar-striped\" role=\"progressbar\"><\/div>\n<\/div>\n<\/div>\n<div class=\"col-lg-5 col-6 local e_8\">\n<div class=\"row align-items-center no-gutters h-100 justify-content-end\">\n<div class=\"escudo col-12 col-sm-3 text-center py-1 order-sm-2 order-1\"><img decoding=\"async\" src=\"https:\/\/1287719000.rsc.cdn77.org\/escudos_ch\/8.gif\" alt=\"Gimnasia\" \/> Gimnasia vs Independiente <img decoding=\"async\" src=\"https:\/\/1287719000.rsc.cdn77.org\/escudos_ch\/10.gif\" alt=\"Independiente\" \/><\/div>\n<\/div>\n<\/div>\n<div class=\"col-2 py-1 border-left link px-2 \"><small class=\"mc-date\">27-7-2025 <\/small><small class=\"mc-time\">16:00 hs. <\/small><small class=\"font-weight-bold text-uppercase mc-dayName\">Domingo<\/small><\/div>\n<\/div>\n<\/div>\n<\/div>\n<div class=\"col-md-6 col-12 mc-matchContainer match px-1 e_135 e_132 status-notStarted\" data-channel=\"deportes.futbol.primeraa.761541\" data-event-coverage=\"1000\" data-teams=\"{&quot;home&quot;:135, &quot;away&quot;:132}\" data-stadiumgmt=\"-03:00\" data-originaldate=\"2025\/07\/27 16:00\">\n<div class=\"match-inner bg-default rounded my-1 overflow-hidden\">\n<div class=\"row m-0 w-100\">\n<div class=\"timeline col-12 p-0\">\n<div class=\"progress bg-default\">\n<div class=\"progress-bar progress-bar-striped\" role=\"progressbar\"><\/div>\n<\/div>\n<\/div>\n<div class=\"col-lg-5 col-6 local e_135\">\n<div class=\"row align-items-center no-gutters h-100 justify-content-end\">\n<div class=\"escudo col-12 col-sm-3 text-center py-1 order-sm-2 order-1\"><img decoding=\"async\" src=\"https:\/\/1287719000.rsc.cdn77.org\/escudos_ch\/135.gif\" alt=\"Talleres\" \/> Talleres vs Godoy Cruz <img decoding=\"async\" src=\"https:\/\/1287719000.rsc.cdn77.org\/escudos_ch\/132.gif\" alt=\"Godoy Cruz\" \/><\/div>\n<\/div>\n<\/div>\n<div class=\"col-2 py-1 border-left link px-2 \"><small class=\"mc-date\">27-7-2025 <\/small><small class=\"mc-time\">16:00 hs. <\/small><small class=\"font-weight-bold text-uppercase mc-dayName\">Domingo<\/small><\/div>\n<\/div>\n<\/div>\n<\/div>\n<div class=\"col-md-6 col-12 mc-matchContainer match px-1 e_100 e_5 status-notStarted\" data-channel=\"deportes.futbol.primeraa.761531\" data-event-coverage=\"1000\" data-teams=\"{&quot;home&quot;:100, &quot;away&quot;:5}\" data-stadiumgmt=\"-03:00\" data-originaldate=\"2025\/07\/27 18:30\">\n<div class=\"match-inner bg-default rounded my-1 overflow-hidden\">\n<div class=\"row m-0 w-100\">\n<div class=\"timeline col-12 p-0\">\n<div class=\"progress bg-default\">\n<div class=\"progress-bar progress-bar-striped\" role=\"progressbar\"><\/div>\n<\/div>\n<\/div>\n<div class=\"col-lg-5 col-6 local e_100\">\n<div class=\"row align-items-center no-gutters h-100 justify-content-end\">\n<div class=\"escudo col-12 col-sm-3 text-center py-1 order-sm-2 order-1\"><img decoding=\"async\" src=\"https:\/\/1287719000.rsc.cdn77.org\/escudos_ch\/100.gif\" alt=\"Hurac\u00e1n\" \/> Hurac\u00e1n vs Boca<\/div>\n<\/div>\n<\/div>\n<div class=\"col-lg-5 col-6 visitante e_5\">\n<div class=\"row align-items-center no-gutters h-100 justify-content-start\">\n<div class=\"escudo col-12 col-sm-3 text-center py-1 order-2 order-sm-3\">\u00a0<small class=\"mc-date\">27-7-2025 <\/small><small class=\"mc-time\">18:30 hs. <\/small><small class=\"font-weight-bold text-uppercase mc-dayName\">Domingo<\/small><\/div>\n<\/div>\n<\/div>\n<\/div>\n<\/div>\n<\/div>\n<div class=\"col-md-6 col-12 mc-matchContainer match px-1 e_17 e_19 status-notStarted\" data-channel=\"deportes.futbol.primeraa.761539\" data-event-coverage=\"1000\" data-teams=\"{&quot;home&quot;:17, &quot;away&quot;:19}\" data-stadiumgmt=\"-03:00\" data-originaldate=\"2025\/07\/27 20:30\">\n<div class=\"match-inner bg-default rounded my-1 overflow-hidden\">\n<div class=\"row m-0 w-100\">\n<div class=\"timeline col-12 p-0\">\n<div class=\"progress bg-default\">\n<div class=\"progress-bar progress-bar-striped\" role=\"progressbar\"><\/div>\n<\/div>\n<\/div>\n<div class=\"col-lg-5 col-6 local e_17\">\n<div class=\"row align-items-center no-gutters h-100 justify-content-end\">\n<div class=\"escudo col-12 col-sm-3 text-center py-1 order-sm-2 order-1\"><img decoding=\"async\" src=\"https:\/\/1287719000.rsc.cdn77.org\/escudos_ch\/17.gif\" alt=\"River Plate\" \/> River vs San Lorenzo <img decoding=\"async\" src=\"https:\/\/1287719000.rsc.cdn77.org\/escudos_ch\/19.gif\" alt=\"San Lorenzo\" \/><\/div>\n<\/div>\n<\/div>\n<div class=\"col-2 py-1 border-left link px-2 \"><small class=\"mc-date\">27-7-2025 <\/small><small class=\"mc-time\">20:30 hs. <\/small><small class=\"font-weight-bold text-uppercase mc-dayName\">Domingo<\/small><\/div>\n<\/div>\n<\/div>\n<\/div>\n<div class=\"col-md-6 col-12 mc-matchContainer match px-1 e_788 e_815 status-notStarted\" data-channel=\"deportes.futbol.primeraa.761544\" data-event-coverage=\"1000\" data-teams=\"{&quot;home&quot;:788, &quot;away&quot;:815}\" data-stadiumgmt=\"-03:00\" data-originaldate=\"2025\/07\/28 16:00\">\n<div class=\"match-inner bg-default rounded my-1 overflow-hidden\">\n<div class=\"row m-0 w-100\">\n<div class=\"timeline col-12 p-0\">\n<div class=\"progress bg-default\">\n<div class=\"progress-bar progress-bar-striped\" role=\"progressbar\"><\/div>\n<\/div>\n<\/div>\n<div class=\"col-lg-5 col-6 local e_788\">\n<div class=\"row align-items-center no-gutters h-100 justify-content-end\">\n<div class=\"escudo col-12 col-sm-3 text-center py-1 order-sm-2 order-1\"><img decoding=\"async\" src=\"https:\/\/1287719000.rsc.cdn77.org\/escudos_ch\/788.gif\" alt=\"Dep. Riestra\" \/> Riestra vs Atl. Tucum\u00e1n <img decoding=\"async\" src=\"https:\/\/1287719000.rsc.cdn77.org\/escudos_ch\/815.gif\" alt=\"Atl\u00e9tico Tucum\u00e1n\" \/><\/div>\n<\/div>\n<\/div>\n<div class=\"col-2 py-1 border-left link px-2 \"><small class=\"mc-date\">28-7-2025 <\/small><small class=\"mc-time\">16:00 hs. <\/small><small class=\"font-weight-bold text-uppercase mc-dayName\">Lunes<\/small><\/div>\n<\/div>\n<\/div>\n<\/div>\n<div class=\"col-md-6 col-12 mc-matchContainer match px-1 e_1485 e_129 status-notStarted\" data-channel=\"deportes.futbol.primeraa.761536\" data-event-coverage=\"1000\" data-teams=\"{&quot;home&quot;:1485, &quot;away&quot;:129}\" data-stadiumgmt=\"-03:00\" data-originaldate=\"2025\/07\/28 18:00\">\n<div class=\"match-inner bg-default rounded my-1 overflow-hidden\">\n<div class=\"row m-0 w-100\">\n<div class=\"timeline col-12 p-0\">\n<div class=\"progress bg-default\">\n<div class=\"progress-bar progress-bar-striped\" role=\"progressbar\"><\/div>\n<\/div>\n<\/div>\n<div class=\"col-lg-5 col-6 local e_1485\">\n<div class=\"row align-items-center no-gutters h-100 justify-content-end\">\n<div class=\"escudo col-12 col-sm-3 text-center py-1 order-sm-2 order-1\"><img decoding=\"async\" src=\"https:\/\/1287719000.rsc.cdn77.org\/escudos_ch\/1485.gif\" alt=\"Central C\u00f3rdoba (SE)\" \/> C.C\u00f3rdoba (SE) vs Defensa <img decoding=\"async\" src=\"https:\/\/1287719000.rsc.cdn77.org\/escudos_ch\/129.gif\" alt=\"Defensa y Justicia\" \/><\/div>\n<\/div>\n<\/div>\n<div class=\"col-2 py-1 border-left link px-2 \"><small class=\"mc-date\">\u00a028-7-2025 <\/small><small class=\"mc-time\">18:00 hs. <\/small><small class=\"font-weight-bold text-uppercase mc-dayName\">Lunes<\/small><\/div>\n<\/div>\n<\/div>\n<\/div>\n<div class=\"col-md-6 col-12 mc-matchContainer match px-1 e_4 e_685 status-notStarted\" data-channel=\"deportes.futbol.primeraa.761534\" data-event-coverage=\"1000\" data-teams=\"{&quot;home&quot;:4, &quot;away&quot;:685}\" data-stadiumgmt=\"-03:00\" data-originaldate=\"2025\/07\/28 20:00\">\n<div class=\"match-inner bg-default rounded my-1 overflow-hidden\">\n<div class=\"row m-0 w-100\">\n<div class=\"timeline col-12 p-0\">\n<div class=\"progress bg-default\">\n<div class=\"progress-bar progress-bar-striped\" role=\"progressbar\"><\/div>\n<\/div>\n<\/div>\n<div class=\"col-lg-5 col-6 local e_4\">\n<div class=\"row align-items-center no-gutters h-100 justify-content-end\">\n<div class=\"escudo col-12 col-sm-3 text-center py-1 order-sm-2 order-1\"><img decoding=\"async\" src=\"https:\/\/1287719000.rsc.cdn77.org\/escudos_ch\/4.gif\" alt=\"Banfield\" \/> Banfield vs Barracas C. <img decoding=\"async\" src=\"https:\/\/1287719000.rsc.cdn77.org\/escudos_ch\/685.gif\" alt=\"Barracas Central\" \/><\/div>\n<\/div>\n<\/div>\n<div class=\"col-2 py-1 border-left link px-2 \"><small class=\"mc-date\">28-7-2025 <\/small><small class=\"mc-time\">20:00 hs. <\/small><small class=\"font-weight-bold text-uppercase mc-dayName\">Lunes<\/small><\/div>\n<\/div>\n<\/div>\n<\/div>\n<\/div>\n<\/div>\n<\/div>\n<\/div>\n<\/div>\n<\/div>\n<\/div>\n<\/div>\n<\/div>\n<div class=\"footerCtn mc-selectorQuery minSize-310 minSize-479 minSize-767 maxSize-991 maxSize-1199 maxSize-9999\"><\/div>\n","protected":false},"excerpt":{"rendered":"<p>Tras la derrota de Boca Juniors ante Atl\u00e9tico Tucum\u00e1n en la Copa Argentina, hay un clima de descontento generalizado en el club y entre sus hinchas.\u00a0Los fan\u00e1ticos expresaron su frustraci\u00f3n con c\u00e1nticos y reclamos hacia la dirigencia, especialmente hacia el presidente Juan Rom\u00e1n Riquelme y el Consejo de F\u00fatbol, a quienes responsabilizan por la crisis &hellip;<\/p>\n","protected":false},"author":2,"featured_media":22610,"comment_status":"open","ping_status":"open","sticky":false,"template":"","format":"standard","meta":{"footnotes":""},"categories":[72],"tags":[],"class_list":["post-22609","post","type-post","status-publish","format-standard","has-post-thumbnail","hentry","category-futbol-puro"],"_links":{"self":[{"href":"https:\/\/www.sportchaco.com.ar\/index.php?rest_route=\/wp\/v2\/posts\/22609","targetHints":{"allow":["GET"]}}],"collection":[{"href":"https:\/\/www.sportchaco.com.ar\/index.php?rest_route=\/wp\/v2\/posts"}],"about":[{"href":"https:\/\/www.sportchaco.com.ar\/index.php?rest_route=\/wp\/v2\/types\/post"}],"author":[{"embeddable":true,"href":"https:\/\/www.sportchaco.com.ar\/index.php?rest_route=\/wp\/v2\/users\/2"}],"replies":[{"embeddable":true,"href":"https:\/\/www.sportchaco.com.ar\/index.php?rest_route=%2Fwp%2Fv2%2Fcomments&post=22609"}],"version-history":[{"count":1,"href":"https:\/\/www.sportchaco.com.ar\/index.php?rest_route=\/wp\/v2\/posts\/22609\/revisions"}],"predecessor-version":[{"id":22611,"href":"https:\/\/www.sportchaco.com.ar\/index.php?rest_route=\/wp\/v2\/posts\/22609\/revisions\/22611"}],"wp:featuredmedia":[{"embeddable":true,"href":"https:\/\/www.sportchaco.com.ar\/index.php?rest_route=\/wp\/v2\/media\/22610"}],"wp:attachment":[{"href":"https:\/\/www.sportchaco.com.ar\/index.php?rest_route=%2Fwp%2Fv2%2Fmedia&parent=22609"}],"wp:term":[{"taxonomy":"category","embeddable":true,"href":"https:\/\/www.sportchaco.com.ar\/index.php?rest_route=%2Fwp%2Fv2%2Fcategories&post=22609"},{"taxonomy":"post_tag","embeddable":true,"href":"https:\/\/www.sportchaco.com.ar\/index.php?rest_route=%2Fwp%2Fv2%2Ftags&post=22609"}],"curies":[{"name":"wp","href":"https:\/\/api.w.org\/{rel}","templated":true}]}}