{"id":22736,"date":"2025-07-27T11:11:52","date_gmt":"2025-07-27T14:11:52","guid":{"rendered":"https:\/\/www.sportchaco.com.ar\/?p=22736"},"modified":"2025-07-27T11:11:52","modified_gmt":"2025-07-27T14:11:52","slug":"benjamin-romero-fernandez-campeon-mundial-juvenil-de-tkd","status":"publish","type":"post","link":"https:\/\/www.sportchaco.com.ar\/?p=22736","title":{"rendered":"Benjam\u00edn Romero Fern\u00e1ndez campe\u00f3n mundial juvenil de TKD"},"content":{"rendered":"<p>El Dojang tiene nuevo Campe\u00f3n Mundial\u00a0<br class=\"html-br\" \/><br class=\"html-br\" \/><span class=\"html-span xdj266r x14z9mp xat24cr x1lziwak xexx8yu xyri2b x18d9i69 x1c1uobl x1hl2dhg x16tdsg8 x1vvkbs\"><a class=\"x1i10hfl xjbqb8w x1ejq31n x18oe1m7 x1sy0etr xstzfhl x972fbf x10w94by x1qhh985 x14e42zd x9f619 x1ypdohk xt0psk2 xe8uvvx xdj266r x14z9mp xat24cr x1lziwak xexx8yu xyri2b x18d9i69 x1c1uobl x16tdsg8 x1hl2dhg xggy1nq x1a2a7pz xkrqix3 x1sur9pj xzsf02u x1s688f\" tabindex=\"0\" role=\"link\" href=\"https:\/\/www.instagram.com\/_u\/benjaminr0802?fbclid=IwZXh0bgNhZW0CMTAAYnJpZBExSkpJTkxMSEx4SnVVcVJ1TgEegQsyWaj9irunaeWvE32OpaoqvBtP_LArAiRvm72saFmjIkUjbVgSsYY2yLM_aem_J3w6qJ5GDMTn3874v9x5-Q\" target=\"_blank\" rel=\"nofollow noopener noreferrer\">@benjaminr0802<\/a><\/span><\/p>\n<p>&nbsp;<\/p>\n<p><strong>El correntino Benjam\u00edn Romero Fern\u00e1ndez despu\u00e9s de 4 luchas se coron\u00f3 Campe\u00f3n en la categor\u00eda juvenil de lucha hasta 65 kg., durante el campeonato mundial de TKD.<\/strong><\/p>\n<p>Tambi\u00e9n se coron\u00f3 campe\u00f3n con el equipo juvenil de la Selecci\u00f3n Argentina en Lucha y Subcampe\u00f3n en formas y rotura por equipos.<br class=\"html-br\" \/><br class=\"html-br\" \/>Muy contento y orgulloso por el trabajo realizado y el desempe\u00f1o que demostr\u00f3 en el campeonato mundial. Fuente: Noel Vidarte en su p\u00e1gina de FACE<\/p>\n","protected":false},"excerpt":{"rendered":"<p>El Dojang tiene nuevo Campe\u00f3n Mundial\u00a0@benjaminr0802 &nbsp; El correntino Benjam\u00edn Romero Fern\u00e1ndez despu\u00e9s de 4 luchas se coron\u00f3 Campe\u00f3n en la categor\u00eda juvenil de lucha hasta 65 kg., durante el campeonato mundial de TKD. Tambi\u00e9n se coron\u00f3 campe\u00f3n con el equipo juvenil de la Selecci\u00f3n Argentina en Lucha y Subcampe\u00f3n en formas y rotura por &hellip;<\/p>\n","protected":false},"author":2,"featured_media":22737,"comment_status":"open","ping_status":"open","sticky":false,"template":"","format":"standard","meta":{"footnotes":""},"categories":[62],"tags":[],"class_list":["post-22736","post","type-post","status-publish","format-standard","has-post-thumbnail","hentry","category-artes-marciales"],"_links":{"self":[{"href":"https:\/\/www.sportchaco.com.ar\/index.php?rest_route=\/wp\/v2\/posts\/22736","targetHints":{"allow":["GET"]}}],"collection":[{"href":"https:\/\/www.sportchaco.com.ar\/index.php?rest_route=\/wp\/v2\/posts"}],"about":[{"href":"https:\/\/www.sportchaco.com.ar\/index.php?rest_route=\/wp\/v2\/types\/post"}],"author":[{"embeddable":true,"href":"https:\/\/www.sportchaco.com.ar\/index.php?rest_route=\/wp\/v2\/users\/2"}],"replies":[{"embeddable":true,"href":"https:\/\/www.sportchaco.com.ar\/index.php?rest_route=%2Fwp%2Fv2%2Fcomments&post=22736"}],"version-history":[{"count":1,"href":"https:\/\/www.sportchaco.com.ar\/index.php?rest_route=\/wp\/v2\/posts\/22736\/revisions"}],"predecessor-version":[{"id":22738,"href":"https:\/\/www.sportchaco.com.ar\/index.php?rest_route=\/wp\/v2\/posts\/22736\/revisions\/22738"}],"wp:featuredmedia":[{"embeddable":true,"href":"https:\/\/www.sportchaco.com.ar\/index.php?rest_route=\/wp\/v2\/media\/22737"}],"wp:attachment":[{"href":"https:\/\/www.sportchaco.com.ar\/index.php?rest_route=%2Fwp%2Fv2%2Fmedia&parent=22736"}],"wp:term":[{"taxonomy":"category","embeddable":true,"href":"https:\/\/www.sportchaco.com.ar\/index.php?rest_route=%2Fwp%2Fv2%2Fcategories&post=22736"},{"taxonomy":"post_tag","embeddable":true,"href":"https:\/\/www.sportchaco.com.ar\/index.php?rest_route=%2Fwp%2Fv2%2Ftags&post=22736"}],"curies":[{"name":"wp","href":"https:\/\/api.w.org\/{rel}","templated":true}]}}