{"id":22742,"date":"2025-07-27T14:18:15","date_gmt":"2025-07-27T17:18:15","guid":{"rendered":"https:\/\/www.sportchaco.com.ar\/?p=22742"},"modified":"2025-07-27T17:59:35","modified_gmt":"2025-07-27T20:59:35","slug":"22742","status":"publish","type":"post","link":"https:\/\/www.sportchaco.com.ar\/?p=22742","title":{"rendered":"Bodhanowicz segundo, Carabajal tercero y l\u00edder del TCM"},"content":{"rendered":"<div class=\"container-fluid showcase-light-grey\">\n<div class=\"container\">\n<div class=\"noticias-header\">\n<div class=\"row\">\n<div class=\"col-lg-9 col-md-9 col-sm-8 col-xs-12\">\n<div class=\"info\">\n<p><strong>27-07-2025<\/strong><\/p>\n<p><img loading=\"lazy\" decoding=\"async\" class=\"aligncenter wp-image-19472 size-full\" src=\"https:\/\/www.sportchaco.com.ar\/wp-content\/uploads\/2025\/05\/Red-de-empeleos-1200x200-1.gif\" alt=\"\" width=\"2501\" height=\"417\" \/><\/p>\n<\/div>\n<\/div>\n<\/div>\n<\/div>\n<\/div>\n<\/div>\n<div class=\"container\">\n<div class=\"wrapper-brand-skin\">\n<p>Gran victoria de Eugenio Provens, que no le quiere perder pisada al puntero. Sum\u00f3 su segundo triunfo en el campeonato y quiere quedarse con la etapa regular, que se define la pr\u00f3xima fecha.<\/p>\n<p>En la largada, con una linda maniobra, super\u00f3 a Lucas Carabajal, el puntero del campeonato, que larg\u00f3 a su lado. Provens lider\u00f3 de principio a fin un triunfo que era m\u00e1s que necesario para la parte final de la etapa regular. Luego, Carabajal perdi\u00f3 su lugar ante otro chaque\u00f1o: Lucas Bohdanowicz, que tambi\u00e9n se prende en lo m\u00e1s alto del certamen.<\/p>\n<\/div>\n<div class=\"noticias-expanded\">\n<div class=\"row\">\n<div class=\"col-lg-8 col-md-8 col-sm-8\">\n<div class=\"content\">\n<figure class=\"img-right\"><img decoding=\"async\" class=\"lazy img-responsive aligncenter\" src=\"https:\/\/actc.org.ar\/upload\/informes\/12999\/27685_contenido_home_small.jpg\" data-original=\"\/upload\/informes\/12999\/27685_contenido_home_small.jpg\" \/><\/figure>\n<p>1\u00b0 Provens, con el Dodge del Galarza Racing. 2\u00b0 lugar para su compa\u00f1ero de equipo, Bohdanowicz. 3\u00b0 Carabajal, que sum\u00f3 una buena cantidad de puntos con el Ford del Moriatis Competici\u00f3n. 4\u00b0 colocaci\u00f3n para Manuel Borgert, con el Ford del Fadel Memo Corse. 5\u00b0 Leandro Gonz\u00e1lez, con un Chevrolet del Canning Motorsport, mientras que el puesto 6 lo ocup\u00f3 Thomas Pozner, con un Dodge.<\/p>\n<p><strong>Provens post triunfo<\/strong>:\u00a0<em>\u201cEstuvimos espectacular desde el auto. Contento de volver al podio, porque se hizo un gran trabajo de todo el equipo para recuperar el Dodge. El equipo se qued\u00f3 hasta muy tarde para llegar a terminarlo, as\u00ed que este triunfo es para ellos.\u201d<\/em><\/p>\n<p><strong>As\u00ed est\u00e1 el campeonato<br \/>\n<\/strong>Carabajal, con tres triunfos, lidera con 344.5 puntos. Lo sigue de cerca Provens, con dos \u00e9xitos y 327 unidades. Borgert est\u00e1 3\u00b0 con 323 y 4\u00b0 Bohdanowicz con 316.5.<\/p>\n<p>La pr\u00f3xima fecha para el TC Mouras ser\u00e1 el 15, 16 y 17 de agosto en el Aut\u00f3dromo Roberto Mouras de La Plata, en el circuito con chicana, por la d\u00e9cima fecha del campeonato. All\u00ed conoceremos a los clasificados a la Copa Coronaci\u00f3n.<\/p>\n<\/div>\n<\/div>\n<div class=\"col-lg-4 col-md-4 col-sm-4\">\n<div class=\"sidebar\">\n<div class=\"md-latest-news\">\n<ul>\n<li class=\"btn-more\">\n<div class=\"container-fluid showcase-light-grey\">\n<div class=\"container\">\n<div class=\"noticias-header\">\n<div class=\"row\">\n<div class=\"col-lg-9 col-md-9 col-sm-8 col-xs-12\">\n<div class=\"info\">\n<h2>Primera pole para Carabajal<\/h2>\n<p>El puntero del campeonato, se llev\u00f3 la clasificaci\u00f3n general el s\u00e1bado de la 9\u00b0 fecha del TC Mouras<\/p>\n<\/div>\n<\/div>\n<div class=\"col-lg-3 col-md-3 col-sm-4 col-xs-12\">\n<div class=\"sharer-module pull-right\">\n<div class=\"wrapper-add-this\">El puntero del campeonato Lucas Carabajal logr\u00f3 su primera pole position en el TC Mouras y contin\u00faa en lo m\u00e1s alto del certamen. Arriba de un Ford del Moriatis Competici\u00f3n, el piloto de Chaco fue el m\u00e1s r\u00e1pido en la clasificaci\u00f3n general con un tiempo de 1:24.787.<\/div>\n<div><\/div>\n<div class=\"wrapper-add-this\">1\u00b0 Carabajal. 2\u00b0 ubicaci\u00f3n para Eugenio Provens, con un Dodge del Galarza Racing, a una diferencia de 30 mil\u00e9simas. Manuel Borgert complet\u00f3 el podio, con el Ford del Fadel Memo Corse, a una distancia de 80\/1000.<\/div>\n<\/div>\n<\/div>\n<\/div>\n<\/div>\n<\/div>\n<\/div>\n<div class=\"container\">\n<div class=\"noticias-expanded\">\n<div class=\"row\">\n<div class=\"col-lg-8 col-md-8 col-sm-8\">\n<div class=\"content\">\n<p>M\u00e1s atr\u00e1s estuvieron: Lucas Bohdanowicz, el vencedor en la \u00faltima fecha, en la 4\u00b0 ubicaci\u00f3n, 5\u00b0 lugar para Francisco Luengo, con un Chevrolet del RE Performance, a una distancia de 557 mil\u00e9simas. Mientras que Benjam\u00edn Ant\u00f3n, arriba de un Ford del<\/p>\n<p>Termin\u00f3 la actividad en pista para el TC Mouras. Ma\u00f1ana, a partir de las 8:25, se largar\u00e1n las series de la novena fecha del campeonato en el circuito de La Plata.<\/p>\n<\/div>\n<\/div>\n<\/div>\n<\/div>\n<\/div>\n<\/li>\n<\/ul>\n<\/div>\n<\/div>\n<\/div>\n<\/div>\n<\/div>\n<\/div>\n<div class=\"ads-fluid\">\n<div class=\"container\">\n<div class=\"row no-margin\">\n<div class=\"col-lg-4 col-md-4 col-sm-12 banner-responsive\">\n<div class=\"hd\">\n<div class=\"row\">\n<div class=\"col-lg-2 col-md-6 col-sm-8 col-xs-12\">\n<div class=\"wrapper-add-this\"><\/div>\n<\/div>\n<\/div>\n<\/div>\n<div class=\"carrera-on-line-verificado\">Verificado por: Cronometraje\u00a0<img decoding=\"async\" src=\"https:\/\/actc.org.ar\/admin\/vistas\/images\/on_aprobacion.png\" \/>\u00a0T\u00e9cnica\u00a0<img decoding=\"async\" src=\"https:\/\/actc.org.ar\/admin\/vistas\/images\/off_aprobacion.png\" \/>\u00a0Deportiva\u00a0<img decoding=\"async\" src=\"https:\/\/actc.org.ar\/admin\/vistas\/images\/on_aprobacion.png\" \/><\/div>\n<div class=\"table-responsive generic-tbl results-tbl\">\n<table class=\"table\">\n<thead>\n<tr>\n<th>Pos.<\/th>\n<th>N\u00famero<\/th>\n<th>Piloto<\/th>\n<th>Marca<\/th>\n<th>Vueltas<\/th>\n<th>Tiempo<\/th>\n<th>Diferencia<\/th>\n<\/tr>\n<\/thead>\n<tbody>\n<tr>\n<td class=\"pos\">1\u00b0<\/td>\n<td>53<\/td>\n<td class=\"piloto first\"><a href=\"https:\/\/actc.org.ar\/tcm\/pilotos\/2025\/eugenio-provens_9419.html\">Provens, Eugenio<\/a><\/td>\n<td><img decoding=\"async\" class=\"lazy\" title=\"Dodge\" src=\"https:\/\/actc.org.ar\/vistas\/v3\/images\/logos\/logo-dodge-xs.png\" alt=\"Dodge\" data-original=\"\/vistas\/v3\/images\/logos\/logo-dodge-xs.png\" \/><\/td>\n<td>14<\/td>\n<td>20:15.428<\/td>\n<td><\/td>\n<\/tr>\n<tr>\n<td class=\"pos\">2\u00b0<\/td>\n<td>61<\/td>\n<td class=\"piloto first\"><a href=\"https:\/\/actc.org.ar\/tcm\/pilotos\/2025\/lucas-bohdanowicz_9426.html\">Bohdanowicz, Lucas<\/a><\/td>\n<td><img decoding=\"async\" class=\"lazy\" title=\"Dodge\" src=\"https:\/\/actc.org.ar\/vistas\/v3\/images\/logos\/logo-dodge-xs.png\" alt=\"Dodge\" data-original=\"\/vistas\/v3\/images\/logos\/logo-dodge-xs.png\" \/><\/td>\n<td>14<\/td>\n<td>20:22.207<\/td>\n<td>6.779<\/td>\n<\/tr>\n<tr>\n<td class=\"pos\">3\u00b0<\/td>\n<td>81<\/td>\n<td class=\"piloto first\"><a href=\"https:\/\/actc.org.ar\/tcm\/pilotos\/2025\/lucas-carabajal_9431.html\">Carabajal, Lucas<\/a><\/td>\n<td><img decoding=\"async\" class=\"lazy\" title=\"Ford\" src=\"https:\/\/actc.org.ar\/vistas\/v3\/images\/logos\/logo-ford-xs.png\" alt=\"Ford\" data-original=\"\/vistas\/v3\/images\/logos\/logo-ford-xs.png\" \/><\/td>\n<td>14<\/td>\n<td>20:23.999<\/td>\n<td>8.571<\/td>\n<\/tr>\n<tr>\n<td class=\"pos\">4\u00b0<\/td>\n<td>105<\/td>\n<td class=\"piloto first\"><a href=\"https:\/\/actc.org.ar\/tcm\/pilotos\/2025\/manuel-borgert_9435.html\">Borgert, Manuel<\/a><\/td>\n<td><img decoding=\"async\" class=\"lazy\" title=\"Ford\" src=\"https:\/\/actc.org.ar\/vistas\/v3\/images\/logos\/logo-ford-xs.png\" alt=\"Ford\" data-original=\"\/vistas\/v3\/images\/logos\/logo-ford-xs.png\" \/><\/td>\n<td>14<\/td>\n<td>20:25.615<\/td>\n<td>10.187<\/td>\n<\/tr>\n<tr>\n<td class=\"pos\">5\u00b0<\/td>\n<td>77<\/td>\n<td class=\"piloto first\"><a href=\"https:\/\/actc.org.ar\/tcm\/pilotos\/2025\/leandro-gonzalez_9430.html\">Gonz\u00e1lez, Leandro<\/a><\/td>\n<td><img decoding=\"async\" class=\"lazy\" title=\"Chevrolet\" src=\"https:\/\/actc.org.ar\/vistas\/v3\/images\/logos\/logo-chevrolet-xs.png\" alt=\"Chevrolet\" data-original=\"\/vistas\/v3\/images\/logos\/logo-chevrolet-xs.png\" \/><\/td>\n<td>14<\/td>\n<td>20:26.240<\/td>\n<td>10.812<\/td>\n<\/tr>\n<tr>\n<td class=\"pos\">6\u00b0<\/td>\n<td>44<\/td>\n<td class=\"piloto first\"><a href=\"https:\/\/actc.org.ar\/tcm\/pilotos\/2025\/thomas-pozner_9422.html\">Pozner, Thomas<\/a><\/td>\n<td><img decoding=\"async\" class=\"lazy\" title=\"Dodge\" src=\"https:\/\/actc.org.ar\/vistas\/v3\/images\/logos\/logo-dodge-xs.png\" alt=\"Dodge\" data-original=\"\/vistas\/v3\/images\/logos\/logo-dodge-xs.png\" \/><\/td>\n<td>14<\/td>\n<td>20:40.528<\/td>\n<td>25.100<\/td>\n<\/tr>\n<tr>\n<td class=\"pos\">7\u00b0<\/td>\n<td>177<\/td>\n<td class=\"piloto first\"><a href=\"https:\/\/actc.org.ar\/tcm\/pilotos\/2025\/luca-demarco_9438.html\">Demarco, Luca<\/a><\/td>\n<td><img decoding=\"async\" class=\"lazy\" title=\"Dodge\" src=\"https:\/\/actc.org.ar\/vistas\/v3\/images\/logos\/logo-dodge-xs.png\" alt=\"Dodge\" data-original=\"\/vistas\/v3\/images\/logos\/logo-dodge-xs.png\" \/><\/td>\n<td>14<\/td>\n<td>20:45.689<\/td>\n<td>30.261<\/td>\n<\/tr>\n<tr>\n<td class=\"pos\">8\u00b0<\/td>\n<td>71<\/td>\n<td class=\"piloto first\"><a href=\"https:\/\/actc.org.ar\/tcm\/pilotos\/2025\/juan-pablo-guiffrey_9429.html\">Guiffrey, Juan Pablo<\/a><\/td>\n<td><img decoding=\"async\" class=\"lazy\" title=\"Chevrolet\" src=\"https:\/\/actc.org.ar\/vistas\/v3\/images\/logos\/logo-chevrolet-xs.png\" alt=\"Chevrolet\" data-original=\"\/vistas\/v3\/images\/logos\/logo-chevrolet-xs.png\" \/><\/td>\n<td>14<\/td>\n<td>20:49.030<\/td>\n<td>33.602<\/td>\n<\/tr>\n<tr>\n<td class=\"pos\">9\u00b0<\/td>\n<td>66<\/td>\n<td class=\"piloto first\"><a href=\"https:\/\/actc.org.ar\/tcm\/pilotos\/2025\/gustavo-h-tadei_9427.html\">Tadei, Gustavo (H)<\/a><\/td>\n<td><img decoding=\"async\" class=\"lazy\" title=\"Chevrolet\" src=\"https:\/\/actc.org.ar\/vistas\/v3\/images\/logos\/logo-chevrolet-xs.png\" alt=\"Chevrolet\" data-original=\"\/vistas\/v3\/images\/logos\/logo-chevrolet-xs.png\" \/><\/td>\n<td>14<\/td>\n<td>21:07.167<\/td>\n<td>51.739<\/td>\n<\/tr>\n<tr>\n<td class=\"pos\">10\u00b0<\/td>\n<td>119<\/td>\n<td class=\"piloto first\"><a href=\"https:\/\/actc.org.ar\/tcm\/pilotos\/2025\/facundo-ledesma_9436.html\">Ledesma, Facundo<\/a><\/td>\n<td><img decoding=\"async\" class=\"lazy\" title=\"Chevrolet\" src=\"https:\/\/actc.org.ar\/vistas\/v3\/images\/logos\/logo-chevrolet-xs.png\" alt=\"Chevrolet\" data-original=\"\/vistas\/v3\/images\/logos\/logo-chevrolet-xs.png\" \/><\/td>\n<td>14<\/td>\n<td>21:07.958<\/td>\n<td>52.530<\/td>\n<\/tr>\n<tr>\n<td class=\"pos\">11\u00b0<\/td>\n<td>87<\/td>\n<td class=\"piloto first\"><a href=\"https:\/\/actc.org.ar\/tcm\/pilotos\/2025\/lucas-guerra_9434.html\">Guerra, Lucas<\/a><\/td>\n<td><img decoding=\"async\" class=\"lazy\" title=\"Chevrolet\" src=\"https:\/\/actc.org.ar\/vistas\/v3\/images\/logos\/logo-chevrolet-xs.png\" alt=\"Chevrolet\" data-original=\"\/vistas\/v3\/images\/logos\/logo-chevrolet-xs.png\" \/><\/td>\n<td>6<\/td>\n<td>09:12.118<\/td>\n<td>8 VTAS<\/td>\n<\/tr>\n<tr>\n<td class=\"pos\">12\u00b0<\/td>\n<td>50<\/td>\n<td class=\"piloto first\"><a href=\"https:\/\/actc.org.ar\/tcm\/pilotos\/2025\/agustin-ayala_9425.html\">Ayala, Agust\u00edn<\/a><\/td>\n<td><img decoding=\"async\" class=\"lazy\" title=\"Ford\" src=\"https:\/\/actc.org.ar\/vistas\/v3\/images\/logos\/logo-ford-xs.png\" alt=\"Ford\" data-original=\"\/vistas\/v3\/images\/logos\/logo-ford-xs.png\" \/><\/td>\n<td>5<\/td>\n<td>07:22.196<\/td>\n<td>9 VTAS<\/td>\n<\/tr>\n<tr>\n<td class=\"pos\">13\u00b0<\/td>\n<td>141<\/td>\n<td class=\"piloto first\"><a href=\"https:\/\/actc.org.ar\/tcm\/pilotos\/2025\/francisco-luengo_9437.html\">Luengo, Francisco<\/a><\/td>\n<td><img decoding=\"async\" class=\"lazy\" title=\"Chevrolet\" src=\"https:\/\/actc.org.ar\/vistas\/v3\/images\/logos\/logo-chevrolet-xs.png\" alt=\"Chevrolet\" data-original=\"\/vistas\/v3\/images\/logos\/logo-chevrolet-xs.png\" \/><\/td>\n<td>0<\/td>\n<td><\/td>\n<td>14 VTAS<\/td>\n<\/tr>\n<tr>\n<td class=\"pos\">14\u00b0<\/td>\n<td>43<\/td>\n<td class=\"piloto first\"><a href=\"https:\/\/actc.org.ar\/tcm\/pilotos\/2025\/benjamin-anton_9421.html\">Ant\u00f3n, Benjam\u00edn<\/a><\/td>\n<td><img decoding=\"async\" class=\"lazy\" title=\"Ford\" src=\"https:\/\/actc.org.ar\/vistas\/v3\/images\/logos\/logo-ford-xs.png\" alt=\"Ford\" data-original=\"\/vistas\/v3\/images\/logos\/logo-ford-xs.png\" \/><\/td>\n<td>0<\/td>\n<td><\/td>\n<td>14 VTAS<\/td>\n<\/tr>\n<\/tbody>\n<\/table>\n<\/div>\n<div class=\"additional-data\">\n<div class=\"row\">Foto de Lucas Crabaja, pole el s\u00e1bado, tercero el domingo y l\u00edder del campeonato de TCM.<\/div>\n<\/div>\n<\/div>\n<div><img loading=\"lazy\" decoding=\"async\" class=\"aligncenter wp-image-19471 size-full\" src=\"https:\/\/www.sportchaco.com.ar\/wp-content\/uploads\/2025\/05\/Banners-ruta-13_200x200-1.gif\" alt=\"\" width=\"417\" height=\"417\" \/><\/div>\n<\/div>\n<\/div>\n<\/div>\n","protected":false},"excerpt":{"rendered":"<p>27-07-2025 Gran victoria de Eugenio Provens, que no le quiere perder pisada al puntero. Sum\u00f3 su segundo triunfo en el campeonato y quiere quedarse con la etapa regular, que se define la pr\u00f3xima fecha. En la largada, con una linda maniobra, super\u00f3 a Lucas Carabajal, el puntero del campeonato, que larg\u00f3 a su lado. Provens &hellip;<\/p>\n","protected":false},"author":2,"featured_media":22743,"comment_status":"open","ping_status":"open","sticky":false,"template":"","format":"standard","meta":{"footnotes":""},"categories":[2],"tags":[],"class_list":["post-22742","post","type-post","status-publish","format-standard","has-post-thumbnail","hentry","category-automovilismo"],"_links":{"self":[{"href":"https:\/\/www.sportchaco.com.ar\/index.php?rest_route=\/wp\/v2\/posts\/22742","targetHints":{"allow":["GET"]}}],"collection":[{"href":"https:\/\/www.sportchaco.com.ar\/index.php?rest_route=\/wp\/v2\/posts"}],"about":[{"href":"https:\/\/www.sportchaco.com.ar\/index.php?rest_route=\/wp\/v2\/types\/post"}],"author":[{"embeddable":true,"href":"https:\/\/www.sportchaco.com.ar\/index.php?rest_route=\/wp\/v2\/users\/2"}],"replies":[{"embeddable":true,"href":"https:\/\/www.sportchaco.com.ar\/index.php?rest_route=%2Fwp%2Fv2%2Fcomments&post=22742"}],"version-history":[{"count":4,"href":"https:\/\/www.sportchaco.com.ar\/index.php?rest_route=\/wp\/v2\/posts\/22742\/revisions"}],"predecessor-version":[{"id":22747,"href":"https:\/\/www.sportchaco.com.ar\/index.php?rest_route=\/wp\/v2\/posts\/22742\/revisions\/22747"}],"wp:featuredmedia":[{"embeddable":true,"href":"https:\/\/www.sportchaco.com.ar\/index.php?rest_route=\/wp\/v2\/media\/22743"}],"wp:attachment":[{"href":"https:\/\/www.sportchaco.com.ar\/index.php?rest_route=%2Fwp%2Fv2%2Fmedia&parent=22742"}],"wp:term":[{"taxonomy":"category","embeddable":true,"href":"https:\/\/www.sportchaco.com.ar\/index.php?rest_route=%2Fwp%2Fv2%2Fcategories&post=22742"},{"taxonomy":"post_tag","embeddable":true,"href":"https:\/\/www.sportchaco.com.ar\/index.php?rest_route=%2Fwp%2Fv2%2Ftags&post=22742"}],"curies":[{"name":"wp","href":"https:\/\/api.w.org\/{rel}","templated":true}]}}