{"id":22748,"date":"2025-07-27T18:14:09","date_gmt":"2025-07-27T21:14:09","guid":{"rendered":"https:\/\/www.sportchaco.com.ar\/?p=22748"},"modified":"2025-07-27T18:27:10","modified_gmt":"2025-07-27T21:27:10","slug":"san-fernando-brillo-en-el-regional-de-patinaje-2025-y-clasifico-a-las-copas","status":"publish","type":"post","link":"https:\/\/www.sportchaco.com.ar\/?p=22748","title":{"rendered":"San Fernando brill\u00f3 en el Regional de patinaje 2025 y clasific\u00f3 a las copas"},"content":{"rendered":"<p><strong>27-07-2027<\/strong><\/p>\n<p><img loading=\"lazy\" decoding=\"async\" class=\"aligncenter wp-image-19476 size-full\" src=\"https:\/\/www.sportchaco.com.ar\/wp-content\/uploads\/2025\/05\/Banners-creditos-otorgados-al-campo_940x90.gif\" alt=\"\" width=\"1958\" height=\"187\" \/><\/p>\n<p>El club San Fernando dijo presente este fin de semana (9 y 20) en el prestigioso Torneo Regional 2025 disputado en Posadas (Misiones), representando con orgullo a la Federaci\u00f3n Chaque\u00f1a de Patinaje y a toda la provincia. Los talentosos alumnos del club demostraron su destreza sobre el pat\u00edn, logrando una destacada clasificaci\u00f3n a las codiciadas Copas \u201cRoberto Rodr\u00edguez\u201d y \u201cGonz\u00e1lez Molina\u201d.<\/p>\n<p>La competencia, que reuni\u00f3 a los mejores patinadores de la regi\u00f3n, fue un escenario de gran nivel donde los representantes del club San Fernando supieron dejar una huella imborrable. Su actuaci\u00f3n no solo les vali\u00f3 el pase a la siguiente etapa, sino que tambi\u00e9n reafirm\u00f3 el crecimiento y la calidad del patinaje chaque\u00f1o.<\/p>\n<p><img loading=\"lazy\" decoding=\"async\" class=\"aligncenter size-large wp-image-22750\" src=\"https:\/\/www.sportchaco.com.ar\/wp-content\/uploads\/2025\/07\/IMG-20250727-WA0034-768x1024.jpg\" alt=\"\" width=\"768\" height=\"1024\" srcset=\"https:\/\/www.sportchaco.com.ar\/wp-content\/uploads\/2025\/07\/IMG-20250727-WA0034-768x1024.jpg 768w, https:\/\/www.sportchaco.com.ar\/wp-content\/uploads\/2025\/07\/IMG-20250727-WA0034-225x300.jpg 225w, https:\/\/www.sportchaco.com.ar\/wp-content\/uploads\/2025\/07\/IMG-20250727-WA0034-1152x1536.jpg 1152w, https:\/\/www.sportchaco.com.ar\/wp-content\/uploads\/2025\/07\/IMG-20250727-WA0034-1536x2048.jpg 1536w, https:\/\/www.sportchaco.com.ar\/wp-content\/uploads\/2025\/07\/IMG-20250727-WA0034-scaled.jpg 1920w\" sizes=\"auto, (max-width: 768px) 100vw, 768px\" \/><\/p>\n<p>\u201cDetr\u00e1s de cada pirueta y cada salto, se encuentra la invaluable labor de la t\u00e9cnica Victoria G\u00f3mez. Su amor incondicional, su dedicaci\u00f3n incansable y su pasi\u00f3n por ense\u00f1ar han sido pilares fundamentales en la formaci\u00f3n y el \u00e9xito de estos j\u00f3venes deportistas\u201d, expres\u00f3 Yanina Carmona, del patinaje del club San Fernando, resaltando que \u201cesta clasificaci\u00f3n es un motivo de celebraci\u00f3n para toda la comunidad del patinaje en Chaco y un impulso para seguir trabajando con la misma energ\u00eda y pasi\u00f3n\u201d, finaliz\u00f3 Carmona.<\/p>\n<p>Las patinadoras que participar\u00e1n de estos dos (2) cert\u00e1menes son: Luana Gayoso, \u2060Bel\u00e9n Rol\u00f3n Puchatt, Isabella Quintana, Zoe Blanco Oviedo, Delfina G\u00f3mez, Roberta Styezen, M\u00eda \u00c1valos, \u2060Oriana G\u00f3mez Acosta, Julieta Portillo, Valentina Paredes, Sabrina D\u00edaz, Kiara Escobar, Agustina Ayala, Brisa Bord\u00f3n y Serena Coman Sol\u00eds<\/p>\n<p>Con logros y participaci\u00f3n en los primeros planos del club San Fernando, es una muestra clara de la decisi\u00f3n de la comisi\u00f3n directiva presidida por Miguel \u00c1ngel \u201cChito\u201d Sol\u00eds de apostar y continuar por este crecimiento de todas las disciplinas de la instituci\u00f3n, combinando calidad deportiva y de infraestructura.<\/p>\n<p><img loading=\"lazy\" decoding=\"async\" class=\"aligncenter wp-image-20100 size-full\" src=\"https:\/\/www.sportchaco.com.ar\/wp-content\/uploads\/2025\/06\/300x250.gif\" alt=\"\" width=\"1251\" height=\"1043\" \/><\/p>\n","protected":false},"excerpt":{"rendered":"<p>27-07-2027 El club San Fernando dijo presente este fin de semana (9 y 20) en el prestigioso Torneo Regional 2025 disputado en Posadas (Misiones), representando con orgullo a la Federaci\u00f3n Chaque\u00f1a de Patinaje y a toda la provincia. Los talentosos alumnos del club demostraron su destreza sobre el pat\u00edn, logrando una destacada clasificaci\u00f3n a las &hellip;<\/p>\n","protected":false},"author":3,"featured_media":22751,"comment_status":"open","ping_status":"open","sticky":false,"template":"","format":"standard","meta":{"footnotes":""},"categories":[44],"tags":[],"class_list":["post-22748","post","type-post","status-publish","format-standard","has-post-thumbnail","hentry","category-varios"],"_links":{"self":[{"href":"https:\/\/www.sportchaco.com.ar\/index.php?rest_route=\/wp\/v2\/posts\/22748","targetHints":{"allow":["GET"]}}],"collection":[{"href":"https:\/\/www.sportchaco.com.ar\/index.php?rest_route=\/wp\/v2\/posts"}],"about":[{"href":"https:\/\/www.sportchaco.com.ar\/index.php?rest_route=\/wp\/v2\/types\/post"}],"author":[{"embeddable":true,"href":"https:\/\/www.sportchaco.com.ar\/index.php?rest_route=\/wp\/v2\/users\/3"}],"replies":[{"embeddable":true,"href":"https:\/\/www.sportchaco.com.ar\/index.php?rest_route=%2Fwp%2Fv2%2Fcomments&post=22748"}],"version-history":[{"count":2,"href":"https:\/\/www.sportchaco.com.ar\/index.php?rest_route=\/wp\/v2\/posts\/22748\/revisions"}],"predecessor-version":[{"id":22752,"href":"https:\/\/www.sportchaco.com.ar\/index.php?rest_route=\/wp\/v2\/posts\/22748\/revisions\/22752"}],"wp:featuredmedia":[{"embeddable":true,"href":"https:\/\/www.sportchaco.com.ar\/index.php?rest_route=\/wp\/v2\/media\/22751"}],"wp:attachment":[{"href":"https:\/\/www.sportchaco.com.ar\/index.php?rest_route=%2Fwp%2Fv2%2Fmedia&parent=22748"}],"wp:term":[{"taxonomy":"category","embeddable":true,"href":"https:\/\/www.sportchaco.com.ar\/index.php?rest_route=%2Fwp%2Fv2%2Fcategories&post=22748"},{"taxonomy":"post_tag","embeddable":true,"href":"https:\/\/www.sportchaco.com.ar\/index.php?rest_route=%2Fwp%2Fv2%2Ftags&post=22748"}],"curies":[{"name":"wp","href":"https:\/\/api.w.org\/{rel}","templated":true}]}}