{"id":2278,"date":"2023-10-26T16:44:39","date_gmt":"2023-10-26T19:44:39","guid":{"rendered":"https:\/\/www.sportchaco.com.ar\/?p=2278"},"modified":"2023-10-26T16:44:39","modified_gmt":"2023-10-26T19:44:39","slug":"regatas-al-nacional-con-la-camada-2007","status":"publish","type":"post","link":"https:\/\/www.sportchaco.com.ar\/?p=2278","title":{"rendered":"Regatas al Nacional con la camada 2007"},"content":{"rendered":"<p>El plantel remero que asumir\u00e1 la representaci\u00f3n ser\u00e1 el de la camada 2007 que se apresta a sumar una nueva experiencia en lo competitivo y a confraternizar con jugadores de otros puntos del pa\u00eds, una de las caracter\u00edsticas que tiene la ovalada.<\/p>\n<p>El certamen es organizado por Santa Fe Rugby Club y est\u00e1 destinado a menores de 16 a\u00f1os, que tendr\u00e1n la posibilidad de exhibir sus aptitudes y destrezas para seguir evolucionando y creciendo como deportistas.<\/p>\n<p>Los j\u00f3venes del club Regatas vienen cumpliendo varios objetivos que fueron trazados en la presente temporada. En este sentido, a la dedicaci\u00f3n y contracci\u00f3n al trabajo de los jugadores, se debe destacar el acompa\u00f1amiento y esfuerzo de los padres y el apoyo incondicional de la subcomisi\u00f3n de rugby de la entidad. En las pr\u00f3ximas horas viajar\u00e1n con nuevas expectativas centrados en competir y en integrarse socialmente como lo permite este deporte. La conducci\u00f3n t\u00e9cnica est\u00e1 a cargo de Claudio Velazco.<\/p>\n<p>Los \u00abRemeros\u00bb vienen de dar la nota en la gran final de los Juegos Evita que tuvieron como escenario Mar del Plata, donde lograron la medalla de oro en la modalidad seven como representantes del Chaco.<\/p>\n<p>Los interesados en sumarse para practicar, nacidos en 2007, pueden contactarse a trav\u00e9s de Instagram camadaregatas2007.<\/p>\n","protected":false},"excerpt":{"rendered":"<p>El plantel remero que asumir\u00e1 la representaci\u00f3n ser\u00e1 el de la camada 2007 que se apresta a sumar una nueva experiencia en lo competitivo y a confraternizar con jugadores de otros puntos del pa\u00eds, una de las caracter\u00edsticas que tiene la ovalada. El certamen es organizado por Santa Fe Rugby Club y est\u00e1 destinado a &hellip;<\/p>\n","protected":false},"author":3,"featured_media":2279,"comment_status":"open","ping_status":"open","sticky":false,"template":"","format":"standard","meta":{"footnotes":""},"categories":[7],"tags":[],"class_list":["post-2278","post","type-post","status-publish","format-standard","has-post-thumbnail","hentry","category-rugby"],"_links":{"self":[{"href":"https:\/\/www.sportchaco.com.ar\/index.php?rest_route=\/wp\/v2\/posts\/2278","targetHints":{"allow":["GET"]}}],"collection":[{"href":"https:\/\/www.sportchaco.com.ar\/index.php?rest_route=\/wp\/v2\/posts"}],"about":[{"href":"https:\/\/www.sportchaco.com.ar\/index.php?rest_route=\/wp\/v2\/types\/post"}],"author":[{"embeddable":true,"href":"https:\/\/www.sportchaco.com.ar\/index.php?rest_route=\/wp\/v2\/users\/3"}],"replies":[{"embeddable":true,"href":"https:\/\/www.sportchaco.com.ar\/index.php?rest_route=%2Fwp%2Fv2%2Fcomments&post=2278"}],"version-history":[{"count":1,"href":"https:\/\/www.sportchaco.com.ar\/index.php?rest_route=\/wp\/v2\/posts\/2278\/revisions"}],"predecessor-version":[{"id":2280,"href":"https:\/\/www.sportchaco.com.ar\/index.php?rest_route=\/wp\/v2\/posts\/2278\/revisions\/2280"}],"wp:featuredmedia":[{"embeddable":true,"href":"https:\/\/www.sportchaco.com.ar\/index.php?rest_route=\/wp\/v2\/media\/2279"}],"wp:attachment":[{"href":"https:\/\/www.sportchaco.com.ar\/index.php?rest_route=%2Fwp%2Fv2%2Fmedia&parent=2278"}],"wp:term":[{"taxonomy":"category","embeddable":true,"href":"https:\/\/www.sportchaco.com.ar\/index.php?rest_route=%2Fwp%2Fv2%2Fcategories&post=2278"},{"taxonomy":"post_tag","embeddable":true,"href":"https:\/\/www.sportchaco.com.ar\/index.php?rest_route=%2Fwp%2Fv2%2Ftags&post=2278"}],"curies":[{"name":"wp","href":"https:\/\/api.w.org\/{rel}","templated":true}]}}