{"id":22780,"date":"2025-07-27T21:36:02","date_gmt":"2025-07-28T00:36:02","guid":{"rendered":"https:\/\/www.sportchaco.com.ar\/?p=22780"},"modified":"2025-07-28T12:12:52","modified_gmt":"2025-07-28T15:12:52","slug":"fallo-el-tribunal-y-avenida-es-finalista-en-el-federativo","status":"publish","type":"post","link":"https:\/\/www.sportchaco.com.ar\/?p=22780","title":{"rendered":"Fall\u00f3 el Tribunal y Avenida FC es finalista en el Federativo"},"content":{"rendered":"<div class=\"x1cy8zhl x2bj2ny x78zum5 x1q0g3np\">\n<div class=\"x1iyjqo2\">\n<div class=\"x78zum5 xdt5ytf xz62fqu x16ldp7u\">\n<div class=\"xu06os2 x1ok221b\">\n<div class=\"x1gslohp\">\n<p class=\"html-h2 x14z9mp xat24cr x1lziwak xexx8yu xyri2b x18d9i69 x1c1uobl x1vvkbs x1heor9g x1qlqyl8 x1pd3egz x1a2a7pz x1gslohp\"><strong><span class=\"x193iq5w xeuugli x13faqbe x1vvkbs x1xmvt09 x6prxxf xvq8zen xo1l8bm xi81zsa\">27-07-2025<\/span><\/strong><\/p>\n<p><img loading=\"lazy\" decoding=\"async\" class=\"aligncenter size-large wp-image-19472\" src=\"https:\/\/www.sportchaco.com.ar\/wp-content\/uploads\/2025\/05\/Red-de-empeleos-1200x200-1-1024x171.gif\" alt=\"\" width=\"1024\" height=\"171\" srcset=\"https:\/\/www.sportchaco.com.ar\/wp-content\/uploads\/2025\/05\/Red-de-empeleos-1200x200-1-1024x171.gif 1024w, https:\/\/www.sportchaco.com.ar\/wp-content\/uploads\/2025\/05\/Red-de-empeleos-1200x200-1-300x50.gif 300w, https:\/\/www.sportchaco.com.ar\/wp-content\/uploads\/2025\/05\/Red-de-empeleos-1200x200-1-768x128.gif 768w, https:\/\/www.sportchaco.com.ar\/wp-content\/uploads\/2025\/05\/Red-de-empeleos-1200x200-1-1536x256.gif 1536w, https:\/\/www.sportchaco.com.ar\/wp-content\/uploads\/2025\/05\/Red-de-empeleos-1200x200-1-2048x341.gif 2048w\" sizes=\"auto, (max-width: 1024px) 100vw, 1024px\" \/><\/p>\n<p>Otro papel\u00f3n m\u00e1s de un organismo que viene haciendo aguas por todos lados, y que est\u00e1 m\u00e1s preocupado en dar apoyo a su l\u00edder Pablo Toviggino que defender los intereses del f\u00fatbol del interior o resolver cuestiones del f\u00fatbol chaque\u00f1o. En medio del torneo se produjo la muerte de un jugador, incidentes, y no hubo ning\u00fan pronunciamiento al respecto.<\/p>\n<p>El fallo llega exactamente dos semanas despu\u00e9s de los hechos de violencia producidos en Gancedo cuando se disputaba el partido revancha correspondiente a las semifinales de la Zona Oeste, el domingo 13 de julio, luego de la paridad 0 a 0 que se hab\u00eda registrado en la ida en Villa \u00c1ngela. El juego lo ganaba Avenida 1 a 0 hasta que a los 20\u2019 del segundo tiempo se produjeron incidentes que dejaron como saldo 14 jugadores expulsados por el \u00e1rbitro Alfredo Guzm\u00e1n, 7 de cada equipo.<\/p>\n<\/div>\n<\/div>\n<\/div>\n<\/div>\n<\/div>\n<div>\n<div class=\"entry-content clearfix\">\n<p><img loading=\"lazy\" decoding=\"async\" class=\"aligncenter size-full wp-image-22781\" src=\"https:\/\/www.sportchaco.com.ar\/wp-content\/uploads\/2025\/07\/gancedo-incidentes1-777x437-1.jpg\" alt=\"\" width=\"777\" height=\"437\" srcset=\"https:\/\/www.sportchaco.com.ar\/wp-content\/uploads\/2025\/07\/gancedo-incidentes1-777x437-1.jpg 777w, https:\/\/www.sportchaco.com.ar\/wp-content\/uploads\/2025\/07\/gancedo-incidentes1-777x437-1-300x169.jpg 300w, https:\/\/www.sportchaco.com.ar\/wp-content\/uploads\/2025\/07\/gancedo-incidentes1-777x437-1-768x432.jpg 768w, https:\/\/www.sportchaco.com.ar\/wp-content\/uploads\/2025\/07\/gancedo-incidentes1-777x437-1-390x220.jpg 390w\" sizes=\"auto, (max-width: 777px) 100vw, 777px\" \/><\/p>\n<p>Para emitir el confuso fallo, se aduce haber tenido en cuenta el material audiovisual aportado, las actuaciones policiales labradas en la Comisar\u00eda de Gancedo, la denuncia penal formulada por el \u00e1rbitro actuante, y los descargos realizados por jugadores del club Avenida.<\/p>\n<p>En los considerandos hace menci\u00f3n al \u201cgrave altercado\u201d protagonizado por jugadores de ambos conjuntos y la invasi\u00f3n del campo de juego por parte de simpatizantes del Club Sportivo Gancedo; y refiere que corresponde dar por concluido el partido, conforme lo estipulan los art\u00edculos 106 inciso g) y \u00faltimo p\u00e1rrafo del 152 del Reglamento de Transgresiones y Penas, manteni\u00e9ndose el resultado registrado al momento de su suspensi\u00f3n.<\/p>\n<p><em><strong>Fuente: Eco Deportivo<\/strong><\/em><\/p>\n<p><strong>TERCERA FASE\u00a0<\/strong><br \/>\n<strong>Zona Este \u2013 Partidos de Vuelta<\/strong><br \/>\n<strong>Domingo 06-07<\/strong><br \/>\nUni\u00f3n (Machagai) 0 \u2013 Municipal (La Leonesa) 0<br \/>\n<strong>Global:<\/strong>\u00a03-1 Uni\u00f3n<\/p>\n<p>Regional (Resistencia) 0 \u2013 Policiales (Resistencia) 1<br \/>\n<strong>Global:<\/strong>\u00a03-2 Policiales<\/p>\n<p><strong>Zona Oeste<br \/>\n<\/strong>Uni\u00f3n y Fuerza (Corzuela) 2 \u2013 San Lorenzo (La Tigra) 1<br \/>\n<strong>Global:<\/strong>\u00a07-3 Uni\u00f3n y Fuerza<\/p>\n<p>Sportivo (Gancedo) 0 \u2013 Avenida FC (Villa \u00c1ngela) 1<br \/>\n<strong>Global:<\/strong>\u00a01-0 Avenida FC<br \/>\n<em>*Suspendido a los 20ST por incidentes.\u00a0<\/em><\/p>\n<p><strong>FINALES DE ZONA<\/strong><br \/>\n<strong>Zona Este<\/strong><br \/>\nUni\u00f3n (Machagai) &#8211; Policiales (Resistencia)<\/p>\n<p><strong>Zona Oeste<\/strong><br \/>\nUni\u00f3n y Fuerza (Corzuela) &#8211; Avenida FC (Villa \u00c1ngela)<\/p>\n<p><img loading=\"lazy\" decoding=\"async\" class=\"aligncenter size-large wp-image-20715\" src=\"https:\/\/www.sportchaco.com.ar\/wp-content\/uploads\/2025\/06\/BANNER-WEB-CHACO-JUEGA_1080x1350-1-1-819x1024.gif\" alt=\"\" width=\"819\" height=\"1024\" srcset=\"https:\/\/www.sportchaco.com.ar\/wp-content\/uploads\/2025\/06\/BANNER-WEB-CHACO-JUEGA_1080x1350-1-1-819x1024.gif 819w, https:\/\/www.sportchaco.com.ar\/wp-content\/uploads\/2025\/06\/BANNER-WEB-CHACO-JUEGA_1080x1350-1-1-240x300.gif 240w, https:\/\/www.sportchaco.com.ar\/wp-content\/uploads\/2025\/06\/BANNER-WEB-CHACO-JUEGA_1080x1350-1-1-768x960.gif 768w\" sizes=\"auto, (max-width: 819px) 100vw, 819px\" \/><\/p>\n<\/div>\n<\/div>\n","protected":false},"excerpt":{"rendered":"<p>27-07-2025 Otro papel\u00f3n m\u00e1s de un organismo que viene haciendo aguas por todos lados, y que est\u00e1 m\u00e1s preocupado en dar apoyo a su l\u00edder Pablo Toviggino que defender los intereses del f\u00fatbol del interior o resolver cuestiones del f\u00fatbol chaque\u00f1o. En medio del torneo se produjo la muerte de un jugador, incidentes, y no &hellip;<\/p>\n","protected":false},"author":2,"featured_media":22809,"comment_status":"open","ping_status":"open","sticky":false,"template":"","format":"standard","meta":{"footnotes":""},"categories":[5],"tags":[],"class_list":["post-22780","post","type-post","status-publish","format-standard","has-post-thumbnail","hentry","category-futbol"],"_links":{"self":[{"href":"https:\/\/www.sportchaco.com.ar\/index.php?rest_route=\/wp\/v2\/posts\/22780","targetHints":{"allow":["GET"]}}],"collection":[{"href":"https:\/\/www.sportchaco.com.ar\/index.php?rest_route=\/wp\/v2\/posts"}],"about":[{"href":"https:\/\/www.sportchaco.com.ar\/index.php?rest_route=\/wp\/v2\/types\/post"}],"author":[{"embeddable":true,"href":"https:\/\/www.sportchaco.com.ar\/index.php?rest_route=\/wp\/v2\/users\/2"}],"replies":[{"embeddable":true,"href":"https:\/\/www.sportchaco.com.ar\/index.php?rest_route=%2Fwp%2Fv2%2Fcomments&post=22780"}],"version-history":[{"count":7,"href":"https:\/\/www.sportchaco.com.ar\/index.php?rest_route=\/wp\/v2\/posts\/22780\/revisions"}],"predecessor-version":[{"id":22814,"href":"https:\/\/www.sportchaco.com.ar\/index.php?rest_route=\/wp\/v2\/posts\/22780\/revisions\/22814"}],"wp:featuredmedia":[{"embeddable":true,"href":"https:\/\/www.sportchaco.com.ar\/index.php?rest_route=\/wp\/v2\/media\/22809"}],"wp:attachment":[{"href":"https:\/\/www.sportchaco.com.ar\/index.php?rest_route=%2Fwp%2Fv2%2Fmedia&parent=22780"}],"wp:term":[{"taxonomy":"category","embeddable":true,"href":"https:\/\/www.sportchaco.com.ar\/index.php?rest_route=%2Fwp%2Fv2%2Fcategories&post=22780"},{"taxonomy":"post_tag","embeddable":true,"href":"https:\/\/www.sportchaco.com.ar\/index.php?rest_route=%2Fwp%2Fv2%2Ftags&post=22780"}],"curies":[{"name":"wp","href":"https:\/\/api.w.org\/{rel}","templated":true}]}}